{"id":211421,"date":"2026-04-03T07:20:11","date_gmt":"2026-04-03T07:20:11","guid":{"rendered":"https:\/\/www.europesays.com\/fi\/211421\/"},"modified":"2026-04-03T07:20:11","modified_gmt":"2026-04-03T07:20:11","slug":"pakettien-lahettaminen-kallistuu-vaikka-posti-takoo-tulosta-syy-muun-muassa-vintedissa-kotimaa","status":"publish","type":"post","link":"https:\/\/www.europesays.com\/fi\/211421\/","title":{"rendered":"Pakettien l\u00e4hett\u00e4minen kallistuu, vaikka Posti takoo tulosta \u2013 syy muun muassa Vintediss\u00e4 | Kotimaa"},"content":{"rendered":"<p class=\"aw-1gybjub aw-5vja16 kEtdKx kmuxyA yle__article__paragraph\">Posti perustelee hinnannostoa muun muassa Vinted- ja Tori-pakettien lis\u00e4\u00e4ntymisell\u00e4, vaikka yhti\u00f6 tekee itsekin tulosta.<\/p>\n<p><img decoding=\"async\" alt=\"Anonyymi mies ottamassa pakettia automaatista.\" src=\"https:\/\/www.europesays.com\/fi\/wp-content\/uploads\/2025\/11\/39-14898706867c269f0ae3.jpeg\" class=\"aw-1l9m598 hKVVvP\"\/><\/p>\n<p>Avaa kuvien katselu<\/p>\n<p>Postin pakettihinnat ovat kallistuneet selv\u00e4sti viime vuosina. Postin pakettiautomaatti Helsingiss\u00e4 hein\u00e4kuussa 2025. Kuva: Jari Kovalainen \/ Yle<\/p>\n<ul class=\"aw-1jjocuh iJTSwP yle__article__list yle__article__list--ul\">\n<li class=\"aw-1j7gwms gNYKfi\">Posti korotti pakettien hintoja huhtikuun alussa noin 10 prosentilla.<\/li>\n<li class=\"aw-1j7gwms gNYKfi\">Verkosta ostettavien pakettien hinnat ovat nousseet 2020-luvulla keskim\u00e4\u00e4rin yli 70 prosenttia.<\/li>\n<li class=\"aw-1j7gwms gNYKfi\">Postin mukaan syyn\u00e4 on se, ett\u00e4 kuluttajat ostavat Postilta entist\u00e4 v\u00e4hemm\u00e4n paketteja.<\/li>\n<li class=\"aw-1j7gwms gNYKfi\">Samaan aikaan Posti jakaa osinkoa voittoaan enemm\u00e4n.<\/li>\n<\/ul>\n<p class=\"aw-1gybjub aw-1p7kakr kEtdKx cEmitX yle__article__paragraph\">Posti korotti pakettien hintoja <a class=\"aw-iao6s4 iHOxEa yle__article__link\" href=\"https:\/\/www.posti.fi\/ajankohtaista-postilla\/muutoksia-kotimaan-pakettien-hintoihin\" role=\"link\" rel=\"nofollow noopener\" target=\"_blank\">noin 10 prosentilla huhtikuun alussa<\/a>.<\/p>\n<p class=\"aw-1gybjub aw-1p7kakr kEtdKx cEmitX yle__article__paragraph\">Hintamuutos koski sek\u00e4 verkosta ett\u00e4 Postin palvelupisteist\u00e4 ostettuja kotimaan paketteja. My\u00f6s sarjapakettien hinta nousi.<\/p>\n<p class=\"aw-1gybjub aw-1p7kakr kEtdKx cEmitX yle__article__paragraph\">Viime aikoina rajuimmin ovat nousseet pikkupakettien hinnat.<\/p>\n<p class=\"aw-1gybjub aw-1p7kakr kEtdKx cEmitX yle__article__paragraph\">Esimerkiksi yli 250 gramman l\u00e4hetys maksaa nyt halvimmillaan noin kahdeksan euroa Postin kautta l\u00e4hetettyn\u00e4.<\/p>\n<p class=\"aw-1gybjub aw-1p7kakr kEtdKx cEmitX yle__article__paragraph\">Useimpiin kirppisostoksiin sopiva S-kokoinen paketti maksaa puolestaan noin 10 euroa.<\/p>\n<p class=\"aw-1gybjub aw-1p7kakr kEtdKx cEmitX yle__article__paragraph\">Molemmat hinnat nousivat eurolla vuoden takaisesta. Viel\u00e4 puolitoista vuotta sitten pikkupakettien hinta oli kaksi euroa halvempi.<\/p>\n<p>Yle laski: Hinnat nousseet rajusti 2020-luvulla<\/p>\n<p class=\"aw-1gybjub aw-1p7kakr kEtdKx cEmitX yle__article__paragraph\">Ylen laskelmien mukaan Postin pakettihinnat ovat kallistuneet rajusti 2020-luvulla. Verkosta ostettavien eri kokoisten pakettien hinta on noussut keskim\u00e4\u00e4rin yli 70 prosenttia.<\/p>\n<p class=\"aw-1gybjub aw-1p7kakr kEtdKx cEmitX yle__article__paragraph\">Suurimman XXL-pakettikoon hinta on yli tuplaantunut. Vuonna 2020 paketin sai hintaan 19,90 euroa, nyt sen l\u00e4hett\u00e4minen maksaa 44,90 euroa.<\/p>\n<p class=\"aw-1gybjub aw-1p7kakr kEtdKx cEmitX yle__article__paragraph\">My\u00f6s Postin toimipisteist\u00e4 ostetut painon mukaan hinnoitellut paketit ovat nousseet. Valmiiksi kalliimpien pakettien hinnannousu on kuuden vuoden aikana ollut hieman maltillisempi, mutta silti keskim\u00e4\u00e4rin vajaat 40 prosenttia.<\/p>\n<p>Posti: Syy Vintediss\u00e4 ja Torissa<\/p>\n<p class=\"aw-1gybjub aw-1p7kakr kEtdKx cEmitX yle__article__paragraph\">Hintojen nousu johtuu siit\u00e4, ett\u00e4 Postilta suoraan ostettavien kuluttajapakettien m\u00e4\u00e4r\u00e4t ovat merkitt\u00e4v\u00e4sti v\u00e4hentyneet, sanoo Postin kuluttajal\u00e4hett\u00e4misest\u00e4 vastaavan myyntijohtaja <strong class=\"aw-ak79eh KyCXm yle__article__strong\">Elina Rosenlund<\/strong>.<\/p>\n<p class=\"aw-1gybjub aw-1p7kakr kEtdKx cEmitX yle__article__paragraph\">\u2013 Lis\u00e4ksi hintojen korotuksen taustalla on kuluttajien v\u00e4lisen k\u00e4ytettyjen tavaroiden kauppapaikoilla, kuten Vinted ja Tori, tapahtuvan kaupan lis\u00e4\u00e4ntyminen, joissa l\u00e4hetyksen hinnoittelusta vastaa yritystoimija &#8211; aivan kuten verkkokaupoissakin. N\u00e4iss\u00e4 palveluissa kuljetuspalvelut hinnoitellaan siis omien kaupallisten mallien perusteella, Rosenlund vastaa s\u00e4hk\u00f6postitse.<\/p>\n<p class=\"aw-1gybjub aw-1p7kakr kEtdKx cEmitX yle__article__paragraph\"><a class=\"aw-iao6s4 iHOxEa yle__article__link\" href=\"https:\/\/www.traficom.fi\/fi\/ajankohtaista\/pakettien-maara-kasvoi-lehtien-ja-kirjeiden-jakelu-jatkaa-laskua\" role=\"link\" rel=\"nofollow noopener\" target=\"_blank\">Liikenne- ja viestint\u00e4viraston (Traficom)<\/a> mukaan Postin v\u00e4litt\u00e4m\u00e4n kirjepostin m\u00e4\u00e4r\u00e4 on jatkanut sy\u00f6ksy\u00e4\u00e4n, mutta pakettien m\u00e4\u00e4r\u00e4 on kasvanut 2020-luvulle asti. Viime vuonna tehdyss\u00e4 <a class=\"aw-iao6s4 iHOxEa yle__article__link\" href=\"https:\/\/www.traficom.fi\/sites\/default\/files\/media\/file\/Postimarkkinaselvitys%202024%20.pdf\" role=\"link\" rel=\"nofollow noopener\" target=\"_blank\">raportissa<\/a> luvut ovat arvioita.<\/p>\n<p>Samaan aikaan Posti jakaa osinkoa ja bonuksia<\/p>\n<p class=\"aw-1gybjub aw-1p7kakr kEtdKx cEmitX yle__article__paragraph\"><a class=\"aw-iao6s4 iHOxEa yle__article__link\" href=\"https:\/\/www.kauppalehti.fi\/uutiset\/a\/5b66a9d3-a5f4-43e3-9891-9374120868f7\" role=\"link\" rel=\"nofollow noopener\" target=\"_blank\">Kauppalehden<\/a> mukaan Posti jakaa osinkoa enemm\u00e4n kuin tekee voittoa. Postin liiketulos oli viime vuonna 23,5 miljoonaa euroa, ja osinkoja se jakoi 34 miljoonan euron edest\u00e4.<\/p>\n<p class=\"aw-1gybjub aw-1p7kakr kEtdKx cEmitX yle__article__paragraph\"><a class=\"aw-iao6s4 iHOxEa yle__article__link\" href=\"https:\/\/www.kauppalehti.fi\/uutiset\/a\/7a68164a-2e73-4058-9945-7c7d80b331d1\" role=\"link\" rel=\"nofollow noopener\" target=\"_blank\">Kauppalehti<\/a> kertoi my\u00f6s, ett\u00e4 valtioenemmist\u00f6isen Postin toimitusjohtaja <strong class=\"aw-ak79eh KyCXm yle__article__strong\">Antti J\u00e4\u00e4skel\u00e4inen<\/strong> sai <a class=\"aw-iao6s4 iHOxEa yle__article__link\" href=\"https:\/\/yle.fi\/a\/74-20183915\" role=\"link\" rel=\"nofollow noopener\" target=\"_blank\">yhti\u00f6n p\u00f6rssiin viemisest\u00e4<\/a> noin 500\u00a0000 euron listautumispalkkion. Se on enemm\u00e4n kuin h\u00e4nen vuosipalkkansa.<\/p>\n","protected":false},"excerpt":{"rendered":"Posti perustelee hinnannostoa muun muassa Vinted- ja Tori-pakettien lis\u00e4\u00e4ntymisell\u00e4, vaikka yhti\u00f6 tekee itsekin tulosta. Avaa kuvien katselu Postin&hellip;\n","protected":false},"author":2,"featured_media":94217,"comment_status":"","ping_status":"","sticky":false,"template":"","format":"standard","meta":{"footnotes":"","_share_on_mastodon":"0"},"categories":[76],"tags":[79,77,33,31,30,3291,71,1246,7657,9541,31669,32,78],"class_list":["post-211421","post","type-post","status-publish","format-standard","has-post-thumbnail","category-talous","tag-business","tag-economy","tag-fi","tag-finland","tag-finnish","tag-hinnat","tag-kotimaa","tag-kuluttajat","tag-posti","tag-posti-group-oyj","tag-postilahetykset","tag-suomi","tag-talous"],"share_on_mastodon":{"url":"https:\/\/pubeurope.com\/@fi\/116339568056558435","error":""},"_links":{"self":[{"href":"https:\/\/www.europesays.com\/fi\/wp-json\/wp\/v2\/posts\/211421","targetHints":{"allow":["GET"]}}],"collection":[{"href":"https:\/\/www.europesays.com\/fi\/wp-json\/wp\/v2\/posts"}],"about":[{"href":"https:\/\/www.europesays.com\/fi\/wp-json\/wp\/v2\/types\/post"}],"author":[{"embeddable":true,"href":"https:\/\/www.europesays.com\/fi\/wp-json\/wp\/v2\/users\/2"}],"replies":[{"embeddable":true,"href":"https:\/\/www.europesays.com\/fi\/wp-json\/wp\/v2\/comments?post=211421"}],"version-history":[{"count":0,"href":"https:\/\/www.europesays.com\/fi\/wp-json\/wp\/v2\/posts\/211421\/revisions"}],"wp:featuredmedia":[{"embeddable":true,"href":"https:\/\/www.europesays.com\/fi\/wp-json\/wp\/v2\/media\/94217"}],"wp:attachment":[{"href":"https:\/\/www.europesays.com\/fi\/wp-json\/wp\/v2\/media?parent=211421"}],"wp:term":[{"taxonomy":"category","embeddable":true,"href":"https:\/\/www.europesays.com\/fi\/wp-json\/wp\/v2\/categories?post=211421"},{"taxonomy":"post_tag","embeddable":true,"href":"https:\/\/www.europesays.com\/fi\/wp-json\/wp\/v2\/tags?post=211421"}],"curies":[{"name":"wp","href":"https:\/\/api.w.org\/{rel}","templated":true}]}}