{"id":21161,"date":"2025-08-31T00:54:11","date_gmt":"2025-08-31T00:54:11","guid":{"rendered":"https:\/\/www.europesays.com\/fi\/21161\/"},"modified":"2025-08-31T00:54:11","modified_gmt":"2025-08-31T00:54:11","slug":"keskustan-kaikkoselta-arvio-perussuomalaisten-ja-orpon-suhteesta","status":"publish","type":"post","link":"https:\/\/www.europesays.com\/fi\/21161\/","title":{"rendered":"Keskustan Kaikkoselta arvio perussuomalaisten ja Orpon suhteesta"},"content":{"rendered":"<p>Oppositiopoliitikoilta satelee kritiikki\u00e4 hallitukselle perussuomalaisten viime aikaisten ulostulojen j\u00e4lkeen.<\/p>\n<p><img decoding=\"async\" class=\"image image-show image-preview\" src=\"https:\/\/www.europesays.com\/fi\/wp-content\/uploads\/2025\/08\/8dcd86856712cb405d41e9d9faa7b5389cdc984828928b6df8dc09ec8f40fbc9.jpg\" alt=\"\"\/><img decoding=\"async\" class=\"image image-show\" src=\"https:\/\/www.europesays.com\/fi\/wp-content\/uploads\/2025\/08\/1756601651_60_8dcd86856712cb405d41e9d9faa7b5389cdc984828928b6df8dc09ec8f40fbc9.jpg\" alt=\"\"\/><\/p>\n<p>Keskustan puheenjohtaja Antti Kaikkonen ilmaisi huolensa hallituksen tulevaisuudesta. Kuvituskuva. Jenni G\u00e4stgivar<\/p>\n<p class=\"paragraph\">Keskustan puheenjohtaja <strong>Antti Kaikkonen<\/strong> kritisoi p\u00e4\u00e4ministeri <strong>Petteri Orpon<\/strong> (kok) hallitusta viestipalvelu <a href=\"https:\/\/x.com\/anttikaikkonen\/status\/1961758422262595673\" target=\"_blank\" rel=\"noopener nofollow\">X:ss\u00e4<\/a>.<\/p>\n<p class=\"paragraph\">\u2013 Alkaa n\u00e4ytt\u00e4\u00e4 silt\u00e4, ett\u00e4 perussuomalaiset eiv\u00e4t paljoa hallituksensa p\u00e4\u00e4ministeri Orpoa tai h\u00e4nen johtajuuttaan arvosta. Se ei lupaa hyv\u00e4\u00e4 jo muutoinkin ontuvan hallituksen jatkolle, Kaikkonen <a href=\"https:\/\/x.com\/anttikaikkonen\/status\/1961758422262595673\" target=\"_blank\" rel=\"noopener nofollow\">kirjoittaa<\/a>.<\/p>\n<p class=\"paragraph\">Taustalla ovat perussuomalaisten viimeaikaiset ulostulot liittyen maahanmuuttajiin. Perussuomalaisten ensimm\u00e4inen varapuheenjohtaja, kansanedustaja <strong>Teemu Keskisarja<\/strong> kutsui maahanmuuttajia <a href=\"https:\/\/www.iltalehti.fi\/politiikka\/78d5d26a-c4c1-4c9a-afd4-0685b70ed710\" rel=\"nofollow noopener\" target=\"_blank\">keskiviikkona<\/a> Ylen A-studiossa \u201dhuonolaatuisiksi\u201d. Keskisarja puhui my\u00f6s v\u00e4est\u00f6nvaihdosta.<\/p>\n<p class=\"paragraph\">\u2013 Onko joku meist\u00e4 nelj\u00e4st\u00e4 sit\u00e4 mielt\u00e4, ett\u00e4 esimerkiksi afrikkalaiset ja l\u00e4hi-it\u00e4l\u00e4iset ovat koulutuksellisesti, sivistyksellisesti, ammatillisesti samalla tasolla kuin suomalaiset, Keskisarja sanoi.<\/p>\n<p class=\"paragraph\">Lis\u00e4ksi Keskisarja maalasi tulevaisuudesta <a href=\"https:\/\/www.iltalehti.fi\/politiikka\/78d5d26a-c4c1-4c9a-afd4-0685b70ed710\" rel=\"nofollow noopener\" target=\"_blank\">uhkakuvaa<\/a>, jossa \u201dsupisuomalaiset\u201d j\u00e4\u00e4v\u00e4t viel\u00e4 t\u00e4ll\u00e4 vuosisadalla \u201dvihatuksi v\u00e4hemmist\u00f6ksi\u201d.<\/p>\n<p class=\"paragraph\">Perussuomalaisten puheenjohtaja, valtiovarainministeri <strong>Riikka Purra<\/strong> <a href=\"https:\/\/www.iltalehti.fi\/politiikka\/b0e3f341-9dbe-4998-a165-a0bae76e35a8\" rel=\"nofollow noopener\" target=\"_blank\">kertoi my\u00f6hemmin<\/a> Ylen toimittajalle hyv\u00e4ksyv\u00e4ns\u00e4 Keskisarjan puheet.<\/p>\n<p class=\"paragraph\">\u2013 Yksinkertaisesti t\u00e4m\u00e4, suorastaan taas joukkohysterian piirteit\u00e4 saava k\u00e4sittely yksitt\u00e4isiin sanoihin sen sijaan, ett\u00e4 mediassa tai politiikassa puhuttaisiin laajemmin itse asiasta, Purra <a href=\"https:\/\/www.iltalehti.fi\/politiikka\/b0e3f341-9dbe-4998-a165-a0bae76e35a8\" rel=\"nofollow noopener\" target=\"_blank\">vastasi<\/a>.<\/p>\n<p class=\"paragraph\">Purralta kysyttiin my\u00f6s, miten hallituksen rasismin vastaisen tiedonannon ydin toteutuu Keskisarjan puheissa.<\/p>\n<p class=\"paragraph\">\u2013 Maahanmuuttopolitiikka ja sen j\u00e4rjestelm\u00e4llisiin ominaisuuksiin puuttuminen, jota t\u00e4m\u00e4 hallitus tekee perussuomalaisten pitk\u00e4n linjan mukaisesti, on juuri se, mist\u00e4 politiikasta on kyse. T\u00e4ss\u00e4 ei ole rasismia, ei yhdenvertaisuuden loukkauksia, ei mit\u00e4\u00e4n sellaista, Purra <a href=\"https:\/\/www.iltalehti.fi\/politiikka\/b0e3f341-9dbe-4998-a165-a0bae76e35a8\" rel=\"nofollow noopener\" target=\"_blank\">sanoi<\/a>.<\/p>\n<p class=\"paragraph\">Oppositiosta on sadellut <a href=\"https:\/\/www.iltalehti.fi\/politiikka\/7b4be77b-a2c4-4dd8-ae9e-62343cd316be\" rel=\"nofollow noopener\" target=\"_blank\">kritiikki\u00e4 hallitukselle<\/a> edell\u00e4 mainittujen puheiden my\u00f6t\u00e4. P\u00e4\u00e4ministeri Petteri Orpo julkaisi lauantaina tiukan viestin X:ss\u00e4, ja totesi, ett\u00e4 perussuomalaisten viimeaikaisia puheita on k\u00e4sitelt\u00e4v\u00e4 hallituksessa.<\/p>\n<p class=\"paragraph\">\u2013 Perussuomalaisten puoluejohdon viimeaikaiset puheet ja heid\u00e4n k\u00e4ytt\u00e4m\u00e4ns\u00e4 kieli on k\u00e4sitelt\u00e4v\u00e4 hallituksessa. Budjettiriihi ei p\u00e4\u00e4ty ennen kuin asia on yhdess\u00e4 k\u00e4sitelty, Orpo <a href=\"https:\/\/www.iltalehti.fi\/politiikka\/7b4be77b-a2c4-4dd8-ae9e-62343cd316be\" rel=\"nofollow noopener\" target=\"_blank\">kirjoittaa X:ss\u00e4<\/a>.<\/p>\n","protected":false},"excerpt":{"rendered":"Oppositiopoliitikoilta satelee kritiikki\u00e4 hallitukselle perussuomalaisten viime aikaisten ulostulojen j\u00e4lkeen. Keskustan puheenjohtaja Antti Kaikkonen ilmaisi huolensa hallituksen tulevaisuudesta. Kuvituskuva.&hellip;\n","protected":false},"author":2,"featured_media":21162,"comment_status":"","ping_status":"","sticky":false,"template":"","format":"standard","meta":{"footnotes":""},"categories":[12],"tags":[35,22,23,26,27,33,31,30,17,24,25,28,29,15,18,21,637,886,888,885,887,32,19,20,16],"class_list":{"0":"post-21161","1":"post","2":"type-post","3":"status-publish","4":"format-standard","5":"has-post-thumbnail","7":"category-suomi","8":"tag-24h","9":"tag-breaking-news","10":"tag-breakingnews","11":"tag-featured-news","12":"tag-featurednews","13":"tag-fi","14":"tag-finland","15":"tag-finnish","16":"tag-headlines","17":"tag-latest-news","18":"tag-latestnews","19":"tag-main-news","20":"tag-mainnews","21":"tag-news","22":"tag-otsikot","23":"tag-paauutiset","24":"tag-politiikka","25":"tag-puolueet","26":"tag-suomalaiset-poliitikot","27":"tag-suomen-poliittiset-puolueet","28":"tag-suomen-politiikka","29":"tag-suomi","30":"tag-top-stories","31":"tag-topstories","32":"tag-uutiset"},"share_on_mastodon":{"url":"","error":""},"_links":{"self":[{"href":"https:\/\/www.europesays.com\/fi\/wp-json\/wp\/v2\/posts\/21161","targetHints":{"allow":["GET"]}}],"collection":[{"href":"https:\/\/www.europesays.com\/fi\/wp-json\/wp\/v2\/posts"}],"about":[{"href":"https:\/\/www.europesays.com\/fi\/wp-json\/wp\/v2\/types\/post"}],"author":[{"embeddable":true,"href":"https:\/\/www.europesays.com\/fi\/wp-json\/wp\/v2\/users\/2"}],"replies":[{"embeddable":true,"href":"https:\/\/www.europesays.com\/fi\/wp-json\/wp\/v2\/comments?post=21161"}],"version-history":[{"count":0,"href":"https:\/\/www.europesays.com\/fi\/wp-json\/wp\/v2\/posts\/21161\/revisions"}],"wp:featuredmedia":[{"embeddable":true,"href":"https:\/\/www.europesays.com\/fi\/wp-json\/wp\/v2\/media\/21162"}],"wp:attachment":[{"href":"https:\/\/www.europesays.com\/fi\/wp-json\/wp\/v2\/media?parent=21161"}],"wp:term":[{"taxonomy":"category","embeddable":true,"href":"https:\/\/www.europesays.com\/fi\/wp-json\/wp\/v2\/categories?post=21161"},{"taxonomy":"post_tag","embeddable":true,"href":"https:\/\/www.europesays.com\/fi\/wp-json\/wp\/v2\/tags?post=21161"}],"curies":[{"name":"wp","href":"https:\/\/api.w.org\/{rel}","templated":true}]}}