{"id":211679,"date":"2026-04-03T13:47:12","date_gmt":"2026-04-03T13:47:12","guid":{"rendered":"https:\/\/www.europesays.com\/fi\/211679\/"},"modified":"2026-04-03T13:47:12","modified_gmt":"2026-04-03T13:47:12","slug":"aito-orava-keinotekoinen-maailma-kotimainen-scifi-elokuva-orava-tarjoaa-dystopiaa-apple-kaupan-estetiikalla-forssan-lehti","status":"publish","type":"post","link":"https:\/\/www.europesays.com\/fi\/211679\/","title":{"rendered":"Aito orava, keinotekoinen maailma \u2013 kotimainen scifi-\u200belokuva Orava tarjoaa dystopiaa Apple-\u200bkaupan estetiikalla &#8211; Forssan Lehti"},"content":{"rendered":"<ol>\n<li><a href=\"https:\/\/news.google.com\/rss\/articles\/CBMiW0FVX3lxTE5oQ2xMbXcxSjl4a1hfMWVDN2VFUlJoR1VUaENwd3Nad1dvNjd1dTZLRWdIY181SUFKUndLQkp3QndmSlNWX0FRQ0czNlkwQlQ1Wk5yOTMxVGpOOXM?oc=5\" target=\"_blank\" rel=\"nofollow noopener\">Aito orava, keinotekoinen maailma \u2013 kotimainen scifi-\u200belokuva Orava tarjoaa dystopiaa Apple-\u200bkaupan estetiikalla<\/a>&nbsp;&nbsp;Forssan Lehti<\/li>\n<li><a href=\"https:\/\/news.google.com\/rss\/articles\/CBMiWkFVX3lxTFB3UGxwRElpMWpLcEx4czNwOF9JQklhQ2dzRzVwYkp6LWdFV3FNLWNkMmhHZS1NckdIU0JKMkJTaXpJNW9KQk9oV1BSdjFoLWsxUjdNZWtWNjdCQQ?oc=5\" target=\"_blank\" rel=\"nofollow noopener\">Elokuva-arvio | Seksin harrastajat aivopest\u00e4\u00e4n mainiossa suomalaiskomediassa<\/a>&nbsp;&nbsp;HS.fi<\/li>\n<li><a href=\"https:\/\/news.google.com\/rss\/articles\/CBMickFVX3lxTE5vbnNXWHlnZHNqR3RuRlNCUGlsczNVX25wdjI4T3dDWFVDLTBxY29Delp5UHlQXzFaREk4R3EzZE5LRWpFcDhvc0FFbHp4bmxLaHJCeUl2U01uUXlkRGUtT1hpV0p2VVhyejJ4N2loVXR6Zw?oc=5\" target=\"_blank\" rel=\"nofollow noopener\">Mimosa Willamo: Paha pettymys<\/a>&nbsp;&nbsp;Seiska.fi<\/li>\n<li><a href=\"https:\/\/news.google.com\/rss\/articles\/CBMiQEFVX3lxTFBpeWNJV1hBN3hqMWtscEZYOU1PWmdueEZQWXZpVlg4aUZlTGF6dEJOcW5zai01R3B2UEJ2WC1Cenc?oc=5\" target=\"_blank\" rel=\"nofollow noopener\">&#8221;Herttaisen naiivi satu kolkossa maailmassa&#8221; \u2013 Miro Lopperin ensimm\u00e4inen elokuvap\u00e4\u00e4rooli on scifi-teoksessa<\/a>&nbsp;&nbsp;ts.fi<\/li>\n<li><a href=\"https:\/\/news.google.com\/rss\/articles\/CBMiUEFVX3lxTE9IOW5WNmhEYVpDVE03WWdqenMzR1J1S0c4WGpSMEdGTE5Jc1lDZUtrVkEzM3N0RXZKTUFxSFhmTUVEcTRqVlhMajRMVTI2SFhL?oc=5\" target=\"_blank\" rel=\"nofollow noopener\">Elokuva-arvio | Kotimainen uutuuselokuva Orava on fantastinen l\u00e4hitulevaisuuden kuvaus ihmisel\u00e4imen kaipuusta luontoon<\/a>&nbsp;&nbsp;Keskisuomalainen<\/li>\n<\/ol>\n","protected":false},"excerpt":{"rendered":"Aito orava, keinotekoinen maailma \u2013 kotimainen scifi-\u200belokuva Orava tarjoaa dystopiaa Apple-\u200bkaupan estetiikalla&nbsp;&nbsp;Forssan Lehti Elokuva-arvio | Seksin harrastajat aivopest\u00e4\u00e4n&hellip;\n","protected":false},"author":2,"featured_media":211680,"comment_status":"","ping_status":"","sticky":false,"template":"","format":"standard","meta":{"footnotes":"","_share_on_mastodon":"0"},"categories":[130],"tags":[153,623,2234,155,137,33,31,30,2909,1928,622,154,32,140,156,109],"class_list":["post-211679","post","type-post","status-publish","format-standard","has-post-thumbnail","category-viihde","tag-audiovisuaalinen-media","tag-elokuva","tag-elokuvagenre","tag-elokuvat","tag-entertainment","tag-fi","tag-finland","tag-finnish","tag-forssa","tag-kirjallisuus-ja-audiovisuaalinen-media","tag-nayttelijat","tag-nayttelijat-teatteri","tag-suomi","tag-tv-ja-elokuvat","tag-tv","tag-viihde"],"share_on_mastodon":{"url":"https:\/\/pubeurope.com\/@fi\/116341089600397009","error":""},"_links":{"self":[{"href":"https:\/\/www.europesays.com\/fi\/wp-json\/wp\/v2\/posts\/211679","targetHints":{"allow":["GET"]}}],"collection":[{"href":"https:\/\/www.europesays.com\/fi\/wp-json\/wp\/v2\/posts"}],"about":[{"href":"https:\/\/www.europesays.com\/fi\/wp-json\/wp\/v2\/types\/post"}],"author":[{"embeddable":true,"href":"https:\/\/www.europesays.com\/fi\/wp-json\/wp\/v2\/users\/2"}],"replies":[{"embeddable":true,"href":"https:\/\/www.europesays.com\/fi\/wp-json\/wp\/v2\/comments?post=211679"}],"version-history":[{"count":0,"href":"https:\/\/www.europesays.com\/fi\/wp-json\/wp\/v2\/posts\/211679\/revisions"}],"wp:featuredmedia":[{"embeddable":true,"href":"https:\/\/www.europesays.com\/fi\/wp-json\/wp\/v2\/media\/211680"}],"wp:attachment":[{"href":"https:\/\/www.europesays.com\/fi\/wp-json\/wp\/v2\/media?parent=211679"}],"wp:term":[{"taxonomy":"category","embeddable":true,"href":"https:\/\/www.europesays.com\/fi\/wp-json\/wp\/v2\/categories?post=211679"},{"taxonomy":"post_tag","embeddable":true,"href":"https:\/\/www.europesays.com\/fi\/wp-json\/wp\/v2\/tags?post=211679"}],"curies":[{"name":"wp","href":"https:\/\/api.w.org\/{rel}","templated":true}]}}