{"id":211714,"date":"2026-04-03T14:39:12","date_gmt":"2026-04-03T14:39:12","guid":{"rendered":"https:\/\/www.europesays.com\/fi\/211714\/"},"modified":"2026-04-03T14:39:12","modified_gmt":"2026-04-03T14:39:12","slug":"81-vuotias-arja-saijonmaa-mystisena-rakkausasioistaan","status":"publish","type":"post","link":"https:\/\/www.europesays.com\/fi\/211714\/","title":{"rendered":"81-vuotias Arja Saijonmaa mystisen\u00e4 rakkausasioistaan"},"content":{"rendered":"<p>            Matti Matikainen\n        <\/p>\n<p class=\"subtitle \">Mikkeliss\u00e4 syntynyt Arja rikkoo yhden harhaluulon.<\/p>\n<p class=\"article-content article-content-width !bg-background\">Perjantaina 20. maaliskuuta vietettiin Jussi-gaalaa ja juhlittiin suomalaista elokuvaa.<\/p>\n<p class=\"article-content article-content-width !bg-background\">Paikalla oli toki my\u00f6s muita julkkiksia, kuten tanssija  ja valokuvaaja-sometuottaja .<\/p>\n<p class=\"article-content article-content-width !bg-background\">Upeana punaiselle matolle saapui my\u00f6s .<\/p>\n<p class=\"article-content article-content-width !bg-background\">\u2013 Hyv\u00e4\u00e4 kuuluu, olen t\u00e4\u00e4ll\u00e4 Suomessa kiertueella, Ruotsissa pitk\u00e4\u00e4n asunut Arja toteaa.<\/p>\n<p>        <a itemprop=\"url\" href=\"https:\/\/www.seiska.fi\/katso\/tiesitko-suomalaistahdella-oli-merkittava-rooli-lahi-idan-rauhansopimuksessa\/2082426\" rel=\"nofollow noopener\" target=\"_blank\"><\/p>\n<p>\nTiesitk\u00f6?\n<\/p>\n<p class=\"section-date\">\n        <strong class=\"article-section\" data-section=\"katso\"><br \/>\n            katso<br \/>\n        <\/strong><br \/>\n        26.2. 13:15\n    <\/p>\n<p>Tiesitk\u00f6? Suomalaist\u00e4hdell\u00e4 oli merkitt\u00e4v\u00e4 rooli L\u00e4hi-id\u00e4n rauhansopimuksessa\n    <\/p>\n<p itemprop=\"description\" class=\"subtitle \">\n    Arja Saijonmaa tunnetaan paitsi laulajana ja n\u00e4yttelij\u00e4n\u00e4, my\u00f6s rauhantekij\u00e4n\u00e4.\n<\/p>\n<p>        <\/a><\/p>\n<p>                <img decoding=\"async\" src=\"https:\/\/www.europesays.com\/fi\/wp-content\/uploads\/2026\/04\/1972731.webp.jpeg\" width=\"576\" height=\"322\" alt=\"Arja Saijonmaan viime syksyn\u00e4 ilmestynyt kirja oli menestys. Kuva kirjamessuilta, jossa h\u00e4n oli kirjaansa mainostamassa.\" loading=\"lazy\" \/>            <\/p>\n<p>\n            Arja Saijonmaan viime syksyn\u00e4 ilmestynyt kirja oli menestys. Kuva kirjamessuilta, jossa h\u00e4n oli kirjaansa mainostamassa.<br \/>\n            Timo Korhonen\n        <\/p>\n<p>&#8221;Juoruja ja tarinoita&#8221;<\/p>\n<p class=\"article-content article-content-width !bg-background\">Arja Saijonmaa \u2013 Laulu vapaudelle -kiertue perustuu h\u00e4nen viime lokakuussa julkaistuun kirjaansa\u00a0Laulu vapaudelle. Muistelmani.<\/p>\n<p class=\"article-content article-content-width !bg-background\">\u2013 Kerron keikoilla muun muassa juoruja ja tarinoita, jotka eiv\u00e4t mahtuneet kirjaan mukaan.<\/p>\n<p class=\"article-content article-content-width !bg-background\">81-vuotias Arja kertoo olevansa kiitollinen terveydest\u00e4\u00e4n.<\/p>\n<p class=\"article-content article-content-width !bg-background\">\u2013 Ty\u00f6intoa, luovuutta, projekteja, Arja kertoo vinkkej\u00e4\u00e4n nuorekkaana pysymiseen.<\/p>\n<p>        <a itemprop=\"url\" href=\"https:\/\/www.seiska.fi\/katso\/arja-saijonmaa-avautuu-lapsettomuudestaan-kohtasi-tragedian\/2082515\" rel=\"nofollow noopener\" target=\"_blank\"><\/p>\n<p>\nArja Saijonmaa:\n<\/p>\n<p class=\"section-date\">\n        <strong class=\"article-section\" data-section=\"katso\"><br \/>\n            katso<br \/>\n        <\/strong><br \/>\n        23.2. 06:15\n    <\/p>\n<p>Arja Saijonmaa avautuu lapsettomuudestaan \u2013 kohtasi tragedian\n    <\/p>\n<p itemprop=\"description\" class=\"subtitle \">\n    Arja Saijonmaa avautuu lapsettomuudesta Y\u00f6kyl\u00e4ss\u00e4 Maria Veitola -ohjelmassa.\n<\/p>\n<p>        <\/a><\/p>\n<p>                <img decoding=\"async\" src=\"https:\/\/www.europesays.com\/fi\/wp-content\/uploads\/2026\/04\/2110172.webp.jpeg\" width=\"576\" height=\"322\" alt=\"Jussi-gaalassa Arjalla oli pilkett\u00e4 silm\u00e4kulmassa.\" loading=\"lazy\" \/>            <\/p>\n<p>\n            Jussi-gaalassa Arjalla oli pilkett\u00e4 silm\u00e4kulmassa.<br \/>\n            Matti Matikainen\n        <\/p>\n<p>&#8221;Toisesta puolesta en paljon puhu&#8221;<\/p>\n<p class=\"article-content article-content-width !bg-background\">Puheeksi tulee my\u00f6s nykyinen suhdetilanne.<\/p>\n<p class=\"article-content article-content-width !bg-background\">\u2013 Minulla on hyvi\u00e4 suhteita: ty\u00f6suhteita, mutta siit\u00e4 toisesta puolesta en paljon puhu, Arja naurahtaa.<\/p>\n<p class=\"article-content article-content-width !bg-background\">\u2013 Min\u00e4 en vastaa, en hiisku!<\/p>\n<p class=\"article-content article-content-width !bg-background\">Mikkeliss\u00e4 syntynyt Arja rikkoo my\u00f6s yhden harhaluulon.<\/p>\n<p class=\"article-content article-content-width !bg-background\">H\u00e4nell\u00e4 on asunto Helsingiss\u00e4, eik\u00e4 h\u00e4n ole koskaan sanojensa mukaan muuttanut \u201cbulista, mutta snadista\u201d Stadista pois, vaikka h\u00e4net miellet\u00e4\u00e4nkin nimenomaan Tukholmaan.<\/p>\n<p class=\"article-content article-content-width !bg-background\">\u2013 Minulla on ollut opiskelijaboksista alkaen asunto t\u00e4\u00e4ll\u00e4 Helsingiss\u00e4.<\/p>\n<p>        <a itemprop=\"url\" href=\"https:\/\/www.seiska.fi\/katso\/arja-saijonmaa-puolisoa-ammuttiin\/2037541\" rel=\"nofollow noopener\" target=\"_blank\"><\/p>\n<p>\nArja Saijonmaa\n<\/p>\n<p class=\"section-date\">\n        <strong class=\"article-section\" data-section=\"katso\"><br \/>\n            katso<br \/>\n        <\/strong><br \/>\n        6.1. 10:15\n    <\/p>\n<p>Arja Saijonmaa: Puolisoa ammuttiin\n    <\/p>\n<p itemprop=\"description\" class=\"subtitle \">\n    Yle esitt\u00e4\u00e4 arvostetun taiteilijan konsertin loppiaisena.\n<\/p>\n<p>        <\/a><\/p>\n","protected":false},"excerpt":{"rendered":"Matti Matikainen Mikkeliss\u00e4 syntynyt Arja rikkoo yhden harhaluulon. Perjantaina 20. maaliskuuta vietettiin Jussi-gaalaa ja juhlittiin suomalaista elokuvaa. Paikalla&hellip;\n","protected":false},"author":2,"featured_media":211715,"comment_status":"","ping_status":"","sticky":false,"template":"","format":"standard","meta":{"footnotes":"","_share_on_mastodon":"0"},"categories":[130],"tags":[2633,137,33,31,30,104,15145,22021,212,24430,32,109],"class_list":["post-211714","post","type-post","status-publish","format-standard","has-post-thumbnail","category-viihde","tag-arja-saijonmaa","tag-entertainment","tag-fi","tag-finland","tag-finnish","tag-helsinki","tag-jussi-gaala","tag-laulu-vapaudelle","tag-lifestyle","tag-suomalainen-elokuva","tag-suomi","tag-viihde"],"share_on_mastodon":{"url":"https:\/\/pubeurope.com\/@fi\/116341294077534862","error":""},"_links":{"self":[{"href":"https:\/\/www.europesays.com\/fi\/wp-json\/wp\/v2\/posts\/211714","targetHints":{"allow":["GET"]}}],"collection":[{"href":"https:\/\/www.europesays.com\/fi\/wp-json\/wp\/v2\/posts"}],"about":[{"href":"https:\/\/www.europesays.com\/fi\/wp-json\/wp\/v2\/types\/post"}],"author":[{"embeddable":true,"href":"https:\/\/www.europesays.com\/fi\/wp-json\/wp\/v2\/users\/2"}],"replies":[{"embeddable":true,"href":"https:\/\/www.europesays.com\/fi\/wp-json\/wp\/v2\/comments?post=211714"}],"version-history":[{"count":0,"href":"https:\/\/www.europesays.com\/fi\/wp-json\/wp\/v2\/posts\/211714\/revisions"}],"wp:featuredmedia":[{"embeddable":true,"href":"https:\/\/www.europesays.com\/fi\/wp-json\/wp\/v2\/media\/211715"}],"wp:attachment":[{"href":"https:\/\/www.europesays.com\/fi\/wp-json\/wp\/v2\/media?parent=211714"}],"wp:term":[{"taxonomy":"category","embeddable":true,"href":"https:\/\/www.europesays.com\/fi\/wp-json\/wp\/v2\/categories?post=211714"},{"taxonomy":"post_tag","embeddable":true,"href":"https:\/\/www.europesays.com\/fi\/wp-json\/wp\/v2\/tags?post=211714"}],"curies":[{"name":"wp","href":"https:\/\/api.w.org\/{rel}","templated":true}]}}