{"id":21190,"date":"2025-08-31T01:46:12","date_gmt":"2025-08-31T01:46:12","guid":{"rendered":"https:\/\/www.europesays.com\/fi\/21190\/"},"modified":"2025-08-31T01:46:12","modified_gmt":"2025-08-31T01:46:12","slug":"analyysi-vladimir-putin-on-yhdysvaltoihin-tervetullut-palestiinalaiset-eivat-ulkomaat","status":"publish","type":"post","link":"https:\/\/www.europesays.com\/fi\/21190\/","title":{"rendered":"Analyysi: Vladimir Putin on Yhdysvaltoihin tervetullut, palestiina\u00adlaiset eiv\u00e4t | Ulkomaat"},"content":{"rendered":"<p class=\"sc-jYczwO sc-dNFkOE bUKqJd eiHPxO yle__article__paragraph\">Yhdysvaltojen p\u00e4\u00e4t\u00f6s est\u00e4\u00e4 Palestiinan edustajien p\u00e4\u00e4sy YK:n yleiskokoukseen vesitt\u00e4\u00e4 pyrkimyksi\u00e4 kahden valtion malliin, kirjoittaa ulkomaan\u00adtoimittaja Sakari Nuuttila.<\/p>\n<p><img decoding=\"async\" alt=\"Kaksi miest\u00e4 seisoo YK:n p\u00e4\u00e4majan edess\u00e4, toisella Palestiinan lippua ja toisella palestiinalaishuivi.\" src=\"https:\/\/www.europesays.com\/fi\/wp-content\/uploads\/2025\/08\/39-151494768b2ded93fc0d.jpeg\" class=\"sc-dntSTA iywpZY\"\/><\/p>\n<p>Avaa kuvien katselu<\/p>\n<p>Pieni mielenosoittajajoukko\u00a0vaati Gazaan tulitaukoa YK:n p\u00e4\u00e4majan edess\u00e4 New Yorkissa 5. elokuuta\u00a0 K\u00e4ynniss\u00e4 oli turvallisuusneuvoston kokous. Kuva: Justin Lane \/ EPA<img decoding=\"async\" alt=\"Sakari Nuuttilan valokuva.\" src=\"https:\/\/www.europesays.com\/fi\/wp-content\/uploads\/2025\/08\/39-1478861684802f5ae66d.jpeg\" class=\"sc-dntSTA iywpZY\"\/><\/p>\n<p>Sakari Nuuttilaulkomaantoimittaja<\/p>\n<p class=\"sc-jYczwO sc-ciCoXh bUKqJd cIOueB yle__article__paragraph\">Yhdysvallat on viime viikkoina her\u00e4tt\u00e4nyt kansainv\u00e4lisess\u00e4 politiikassa h\u00e4mm\u00e4styst\u00e4 sill\u00e4, kenelle se avaa ovensa \u2013 ja kenelle ei.<\/p>\n<p class=\"sc-jYczwO sc-ciCoXh bUKqJd cIOueB yle__article__paragraph\">Pari viikkoa sitten presidentti <strong class=\"sc-eEHciv gtNhAX yle__article__strong\">Donald Trump<\/strong> levitti punaisen maton virkaveljens\u00e4 <strong class=\"sc-eEHciv gtNhAX yle__article__strong\">Vladimir Putinin<\/strong> eteen Alaskassa.<\/p>\n<p class=\"sc-jYczwO sc-ciCoXh bUKqJd cIOueB yle__article__paragraph\">Haagin kansainv\u00e4lisen rikostuomioistuimen etsint\u00e4kuuluttama, l\u00e4nsimaissa hylki\u00f6n asemaan joutunut Putin sai tepastella hymyss\u00e4 suin Yhdysvaltojen maaper\u00e4ll\u00e4 samalla, kun Ven\u00e4j\u00e4n armeija jatkoi hy\u00f6kk\u00e4yst\u00e4\u00e4n Ukrainassa.<\/p>\n<p class=\"sc-jYczwO sc-ciCoXh bUKqJd cIOueB yle__article__paragraph\">Sen sijaan <a class=\"sc-jDJeIs gotUgl yle__article__link\" href=\"https:\/\/yle.fi\/a\/74-20180189\" role=\"link\" rel=\"nofollow noopener\" target=\"_blank\">Yhdysvallat sulki juuri oven<\/a> Palestiinan edustajilta YK:n yleiskokoukseen, vedoten omaan kansalliseen turvallisuuteensa ja syytt\u00e4en palestiinalaishallintoa terrorismin hyv\u00e4ksymisest\u00e4.<\/p>\n<p class=\"sc-jYczwO sc-ciCoXh bUKqJd cIOueB yle__article__paragraph\">L\u00e4nsirannalla valtaa pit\u00e4v\u00e4n palestiinalaishallinnon presidentti <strong class=\"sc-eEHciv gtNhAX yle__article__strong\">Mahmud Abbas<\/strong> ja muut edustajat eiv\u00e4t saa matkustaa syyskuussa Yhdysvaltoihin.<\/p>\n<p class=\"sc-jYczwO sc-ciCoXh bUKqJd cIOueB yle__article__paragraph\">T\u00e4m\u00e4 siit\u00e4 huolimatta, ett\u00e4 YK:n yleiskokouksen vieraat eiv\u00e4t periaatteessa edes matkusta Yhdysvaltoihin. He matkustavat YK:n p\u00e4\u00e4majaan, joka vain sattuu sijaitsemaan maantieteellisesti New Yorkissa.<\/p>\n<p class=\"sc-jYczwO sc-ciCoXh bUKqJd cIOueB yle__article__paragraph\">YK:n p\u00e4\u00e4sihteerin tiedottaja huomauttikin heti <a class=\"sc-jDJeIs gotUgl yle__article__link\" href=\"https:\/\/treaties.un.org\/doc\/Publication\/UNTS\/Volume%2011\/volume-11-I-147-English.pdf\" role=\"link\" rel=\"nofollow noopener\" target=\"_blank\">sopimuksesta<\/a>, jonka mukaan Yhdysvallat sitoutuu p\u00e4\u00e4st\u00e4m\u00e4\u00e4n viralliset edustajat YK:n p\u00e4\u00e4majaan riippumatta kulloisestakin poliittisesta tilanteesta:<\/p>\n<p class=\"sc-jYczwO sc-ciCoXh bUKqJd cIOueB yle__article__paragraph\"><strong class=\"sc-eEHciv gtNhAX yle__article__strong\">Useat EU-maiden ulkoministerit<\/strong> ovat t\u00e4n\u00e4\u00e4n lauantaina tuominneet Yhdysvaltojen p\u00e4\u00e4t\u00f6ksen meneill\u00e4\u00e4n olevassa kokouksessaan Tanskassa.<\/p>\n<p class=\"sc-jYczwO sc-ciCoXh bUKqJd cIOueB yle__article__paragraph\">Palestiinalla on YK:ssa tarkkailijaj\u00e4senen asema, ja sit\u00e4 edustaa L\u00e4nsirannan palestiinalaishallinto \u2013 ei siis \u00e4\u00e4rij\u00e4rjest\u00f6 Hamas. On helppo p\u00e4\u00e4tell\u00e4, ett\u00e4 palestiinalaisjohtajien sulkeminen pois YK:n yleiskokouksesta vesitt\u00e4\u00e4 pyrkimyksi\u00e4 kohti kahden valtion mallia.<\/p>\n<p class=\"sc-jYczwO sc-ciCoXh bUKqJd cIOueB yle__article__paragraph\">T\u00e4h\u00e4n menness\u00e4 ainakin Ranska, Britannia, Kanada, Australia ja muutamat pienemm\u00e4t maat suunnittelevat tunnustavansa kokouksessa Palestiinan valtion \u2013 ja kehottavat samaan my\u00f6s muita.<\/p>\n<p class=\"sc-jYczwO sc-ciCoXh bUKqJd cIOueB yle__article__paragraph\">Keskustelua <a class=\"sc-jDJeIs gotUgl yle__article__link\" href=\"https:\/\/yle.fi\/a\/74-20175495\" role=\"link\" rel=\"nofollow noopener\" target=\"_blank\">Palestiinan tunnustamisesta<\/a> k\u00e4yd\u00e4\u00e4n siis ilman, ett\u00e4 palestiinalaiset ovat itse edes paikalla \u2013 pient\u00e4 pysyv\u00e4\u00e4 YK-edustustoaan lukuun ottamatta.<\/p>\n<p class=\"sc-jYczwO sc-ciCoXh bUKqJd cIOueB yle__article__paragraph\">Heid\u00e4n viisumiensa ep\u00e4\u00e4misen yhteydess\u00e4 Yhdysvallat <a class=\"sc-jDJeIs gotUgl yle__article__link\" href=\"https:\/\/www.state.gov\/releases\/office-of-the-spokesperson\/2025\/08\/trump-administration-reaffirms-commitment-to-not-reward-terrorism-and-revokes-visas-of-palestinian-officials-ahead-of-unga\" role=\"link\" rel=\"nofollow noopener\" target=\"_blank\">edellytt\u00e4\u00e4 muun muassa<\/a>, ett\u00e4 palestiinalaishallinto lakkaa vaatimasta Palestiinan valtion yksipuolista tunnustamista ja vetoamasta kansainv\u00e4lisiin tuomioistuimiin.<\/p>\n<p><img decoding=\"async\" alt=\"Mahmud Abbas YK:n p\u00e4\u00e4majan puhujanp\u00f6nt\u00f6ss\u00e4.\" src=\"https:\/\/www.europesays.com\/fi\/wp-content\/uploads\/2025\/08\/39-151494968b2e22d3aa5d.jpeg\" loading=\"lazy\" class=\"sc-dntSTA iywpZY\"\/><\/p>\n<p>Avaa kuvien katselu<\/p>\n<p>Palestiinalaishallinnon presidentti Mahmud Abbas piti viime vuonna YK:ssa puheen, jossa muun muassa syytti Israelia kansanmurhasta Gazassa. Kuva: Sarah Yensel \/ EPA<\/p>\n<p class=\"sc-jYczwO sc-ciCoXh bUKqJd cIOueB yle__article__paragraph\"><strong class=\"sc-eEHciv gtNhAX yle__article__strong\">YK-delegaation p\u00e4\u00e4syn ep\u00e4\u00e4minen<\/strong> Yhdysvaltoihin on hyvin poikkeuksellista, mutta ei ennenkuulumatonta. Esimerkiksi vuonna 1988 Yhdysvallat ei my\u00f6nt\u00e4nyt viisumia tulevalle rauhannobelistille, Palestiinan vapautusj\u00e4rjest\u00f6n (PLO) johtajalle <strong class=\"sc-eEHciv gtNhAX yle__article__strong\">Jasser Arafatille<\/strong>.<\/p>\n<p class=\"sc-jYczwO sc-ciCoXh bUKqJd cIOueB yle__article__paragraph\">Sen vuoksi koko yleiskokous siirrettiin sin\u00e4 vuonna Geneveen, jonne Arafat oli tervetullut.<\/p>\n<p class=\"sc-jYczwO sc-ciCoXh bUKqJd cIOueB yle__article__paragraph\">Kansainv\u00e4lisen rikostuomioistuimen ICC:n pid\u00e4tysm\u00e4\u00e4r\u00e4yksell\u00e4 oli v\u00e4li\u00e4 vuonna 2013, kun Yhdysvallat ei p\u00e4\u00e4st\u00e4nyt maahan Sudanin silloista presidentti\u00e4 <strong class=\"sc-eEHciv gtNhAX yle__article__strong\">Omar al-Bashiria<\/strong>.<\/p>\n<p class=\"sc-jYczwO sc-ciCoXh bUKqJd cIOueB yle__article__paragraph\">T\u00e4n\u00e4 vuonna sellaisella ei ole v\u00e4li\u00e4.<\/p>\n<p class=\"sc-jYczwO sc-ciCoXh bUKqJd cIOueB yle__article__paragraph\">Israelin p\u00e4\u00e4ministeri <strong class=\"sc-eEHciv gtNhAX yle__article__strong\">Benjamin Netanjahu<\/strong>, h\u00e4nkin ICC:n pid\u00e4tysm\u00e4\u00e4r\u00e4yksen alainen ep\u00e4illyist\u00e4 sotarikoksista Gazassa, <a class=\"sc-jDJeIs gotUgl yle__article__link\" href=\"https:\/\/www.jpost.com\/israel-news\/article-865647\" role=\"link\" rel=\"nofollow noopener\" target=\"_blank\">aikoo matkustaa<\/a> New Yorkiin.<\/p>\n<p class=\"sc-jYczwO sc-ciCoXh bUKqJd cIOueB yle__article__paragraph\">Samoin kokouksessa puheenvuoron pit\u00e4\u00e4 todenn\u00e4k\u00f6isesti tuttuun tapaan ulkoministeri <strong class=\"sc-eEHciv gtNhAX yle__article__strong\">Sergei Lavrov<\/strong>. H\u00e4n edustaa Ven\u00e4j\u00e4\u00e4, jonka korkeimpia poliittisia ja sotilaallisia johtajia ep\u00e4ill\u00e4\u00e4n Putinin rinnalla sotarikoksista Ukrainassa.<\/p>\n<p class=\"sc-jYczwO sc-ciCoXh bUKqJd cIOueB yle__article__paragraph\">My\u00f6s Yhdysvaltojen vihollisinaan pit\u00e4mien maiden, esimerkiksi Pohjois-Korean ja Iranin edustajia, odotetaan syyskuussa vuosittaiselle New Yorkin -matkalleen.<\/p>\n<p class=\"sc-jYczwO sc-ciCoXh bUKqJd cIOueB yle__article__paragraph\">Silti juuri Palestiinan edustajia ei olla p\u00e4\u00e4st\u00e4m\u00e4ss\u00e4 maahan.<\/p>\n<p><img decoding=\"async\" alt=\"Ven\u00e4j\u00e4n presidentti Vladimir Putin sek\u00e4 Yhdysvaltain presidentti Donald Trump tapasivat perjantaina, 15. elokuuta Anchoragessa, Alaskassa.\" src=\"https:\/\/www.europesays.com\/fi\/wp-content\/uploads\/2025\/08\/1756604772_829_39-150937868a45dc44ffa5.jpeg\" loading=\"lazy\" class=\"sc-dntSTA iywpZY\"\/><\/p>\n<p>Avaa kuvien katselu<\/p>\n<p>Ven\u00e4j\u00e4n presidentti Vladimir Putin sai kutsun Yhdysvaltoihin presidentti Donald Trumpilta elokuun puoliv\u00e4liss\u00e4. Kuva: Benjamin Applebaum \/ AOP<\/p>\n<p class=\"sc-jYczwO sc-ciCoXh bUKqJd cIOueB yle__article__paragraph\"><strong class=\"sc-eEHciv gtNhAX yle__article__strong\">Trumpin hallinto tuskin itse<\/strong> n\u00e4kee mit\u00e4\u00e4n ristiriitaa viimeaikaisessa kutsuvieraslistassaan.<\/p>\n<p class=\"sc-jYczwO sc-ciCoXh bUKqJd cIOueB yle__article__paragraph\">Seh\u00e4n on varsin johdonmukaisesti seissyt vankkumatta Gazaa tuhoavan Israelin rinnalla. Trumpilta itselt\u00e4\u00e4n taas on aina l\u00f6ytynyt l\u00e4hes pohjattomasti ymm\u00e4rryst\u00e4 Putinille.<\/p>\n<p class=\"sc-jYczwO sc-ciCoXh bUKqJd cIOueB yle__article__paragraph\">YK:n p\u00e4\u00e4majan istuntosalissa v\u00e4rj\u00f6ttelev\u00e4lle muulle maailmalle taas kyseess\u00e4 on j\u00e4lleen yksi kylm\u00e4\u00e4v\u00e4 esimerkki siit\u00e4, miten v\u00e4h\u00e4n arvoa s\u00e4\u00e4nt\u00f6pohjaisella maailmanj\u00e4rjestyksell\u00e4 en\u00e4\u00e4 t\u00e4n\u00e4 p\u00e4iv\u00e4n\u00e4 on.<\/p>\n<p class=\"sc-jYczwO sc-ciCoXh bUKqJd cIOueB yle__article__paragraph\">L\u00e4hteet: AFP, Reuters<\/p>\n","protected":false},"excerpt":{"rendered":"Yhdysvaltojen p\u00e4\u00e4t\u00f6s est\u00e4\u00e4 Palestiinan edustajien p\u00e4\u00e4sy YK:n yleiskokoukseen vesitt\u00e4\u00e4 pyrkimyksi\u00e4 kahden valtion malliin, kirjoittaa ulkomaan\u00adtoimittaja Sakari Nuuttila. Avaa&hellip;\n","protected":false},"author":2,"featured_media":21191,"comment_status":"","ping_status":"","sticky":false,"template":"","format":"standard","meta":{"footnotes":""},"categories":[14],"tags":[22,23,585,26,27,33,31,30,17,993,70,506,992,24,25,28,29,5995,15,18,21,3407,995,7273,7275,7276,32,19,20,56,16,547,2257,59,60,61,7274,619,1867,7272],"class_list":{"0":"post-21190","1":"post","2":"type-post","3":"status-publish","4":"format-standard","5":"has-post-thumbnail","7":"category-ulkomaat","8":"tag-breaking-news","9":"tag-breakingnews","10":"tag-donald-trump","11":"tag-featured-news","12":"tag-featurednews","13":"tag-fi","14":"tag-finland","15":"tag-finnish","16":"tag-headlines","17":"tag-israel","18":"tag-kansainvalinen-politiikka","19":"tag-lahi-idan-kriisi","20":"tag-lahi-ita","21":"tag-latest-news","22":"tag-latestnews","23":"tag-main-news","24":"tag-mainnews","25":"tag-new-york","26":"tag-news","27":"tag-otsikot","28":"tag-paauutiset","29":"tag-palestiina-valtio","30":"tag-palestiinalaisalueet","31":"tag-palestiinan-poliittiset-puolueet","32":"tag-palestiinan-vapautusjarjesto-plo","33":"tag-sergei-lavrov","34":"tag-suomi","35":"tag-top-stories","36":"tag-topstories","37":"tag-ulkomaat","38":"tag-uutiset","39":"tag-venaja","40":"tag-vladimir-putin","41":"tag-world","42":"tag-world-news","43":"tag-worldnews","44":"tag-yhdistyneiden-kansakuntien-yleiskokous","45":"tag-yhdysvallat","46":"tag-yhdysvaltojen-politiikka","47":"tag-yk"},"share_on_mastodon":{"url":"","error":""},"_links":{"self":[{"href":"https:\/\/www.europesays.com\/fi\/wp-json\/wp\/v2\/posts\/21190","targetHints":{"allow":["GET"]}}],"collection":[{"href":"https:\/\/www.europesays.com\/fi\/wp-json\/wp\/v2\/posts"}],"about":[{"href":"https:\/\/www.europesays.com\/fi\/wp-json\/wp\/v2\/types\/post"}],"author":[{"embeddable":true,"href":"https:\/\/www.europesays.com\/fi\/wp-json\/wp\/v2\/users\/2"}],"replies":[{"embeddable":true,"href":"https:\/\/www.europesays.com\/fi\/wp-json\/wp\/v2\/comments?post=21190"}],"version-history":[{"count":0,"href":"https:\/\/www.europesays.com\/fi\/wp-json\/wp\/v2\/posts\/21190\/revisions"}],"wp:featuredmedia":[{"embeddable":true,"href":"https:\/\/www.europesays.com\/fi\/wp-json\/wp\/v2\/media\/21191"}],"wp:attachment":[{"href":"https:\/\/www.europesays.com\/fi\/wp-json\/wp\/v2\/media?parent=21190"}],"wp:term":[{"taxonomy":"category","embeddable":true,"href":"https:\/\/www.europesays.com\/fi\/wp-json\/wp\/v2\/categories?post=21190"},{"taxonomy":"post_tag","embeddable":true,"href":"https:\/\/www.europesays.com\/fi\/wp-json\/wp\/v2\/tags?post=21190"}],"curies":[{"name":"wp","href":"https:\/\/api.w.org\/{rel}","templated":true}]}}