{"id":21210,"date":"2025-08-31T02:26:14","date_gmt":"2025-08-31T02:26:14","guid":{"rendered":"https:\/\/www.europesays.com\/fi\/21210\/"},"modified":"2025-08-31T02:26:14","modified_gmt":"2025-08-31T02:26:14","slug":"muusikko-yona-eli-nuorena-kateuden-kierteessa","status":"publish","type":"post","link":"https:\/\/www.europesays.com\/fi\/21210\/","title":{"rendered":"Muusikko Yona eli nuorena kateuden kierteess\u00e4"},"content":{"rendered":"<p class=\"ingress\">Yona kadehti nuorena muita muusikoita ja menetti sen vuoksi y\u00f6uniaan. Sitten tapahtui jotain: el\u00e4m\u00e4 kouli itse\u00e4 ja muita.<\/p>\n<p>Ukrainalaisen musiikkiperinteen ja reilun rauhan ja oikeudenmukaisuuden puolesta liputtava Solovey \u2013 Lauluja Ukrainasta -levy tuo yhteen muusikko <strong>Yonan<\/strong> sek\u00e4 Saimaa-yhtyeen ja Vantaan viihdeorkesterin.  Yonalle levyn idea on herkullinen ja t\u00e4rke\u00e4.<\/p>\n<p>\u201dArtistina en aina tied\u00e4, miten voisin parhaiten vaikuttaa t\u00e4rkeisiin asioihin. Voin toki jakaa materiaalia somessa, mutta se j\u00e4\u00e4 usein pintapuoliseksi aktivismiksi. Levyn tekeminen ja konsertit Ukrainan hyv\u00e4ksi ovat konkreettinen ja isompi mahdollisuus tuoda asiaa esille\u201d, Yona kertoo.<\/p>\n<p>Yona esitt\u00e4\u00e4 levyll\u00e4 kaksi kappaletta. H\u00e4nen mielest\u00e4\u00e4n musiikki on tapa vaikuttaa ihmisten tunteisiin ja n\u00e4kemyksiin.\u00a0<\/p>\n<p>\u201dMusiikki voi olla yhdist\u00e4v\u00e4 kieli. Olemme paitsi ukrainalaisten my\u00f6s rauhan asialla. Ajattelen, ett\u00e4 samat laulut voivat koskettaa my\u00f6s ven\u00e4l\u00e4isi\u00e4 kuulijoita. Sota on v\u00e4\u00e4rin kaikille osapuolille.\u201d<\/p>\n<p>Kun levyn kappaleita valittiin ukrainalaisten s\u00e4velmien joukosta, Yona tunnisti tutun melodian lapsuutensa seurakunnasta. Kristallivirta on helluntailiikkeess\u00e4 laulettu hengellinen s\u00e4velm\u00e4.<\/p>\n<p>\u201dSe on minulle todella rakas, ja yll\u00e4tyin, ett\u00e4 se on ukrainalainen s\u00e4vellys.\u201d\u00a0<\/p>\n<p>Lis\u00e4ksi Yona k\u00e4\u00e4nsi Ukrainassa hyvin suositun Obijmy-kappaleen vapaasti suomen kielelle. Alun perin laulu kertoo sodan l\u00e4hestyv\u00e4st\u00e4 uhasta.<\/p>\n<p>\u201dS\u00e4ilytin ydinsanoman ja laulan my\u00f6s siit\u00e4, mit\u00e4 on teht\u00e4v\u00e4 sitten, kun sota loppuu. Silloinkin\u00a0 on tuettava ja kannateltava l\u00e4himm\u00e4ist\u00e4. Onneksi nyt on ilmassa merkkej\u00e4, ett\u00e4 sota olisi mahdollisesti p\u00e4\u00e4ttym\u00e4ss\u00e4.\u201d\u00a0<\/p>\n<p><strong>Lue<\/strong> <strong>my\u00f6s<\/strong>: <a href=\"https:\/\/anna.fi\/ihmiset\/ystava-antoi-yksinaiselle-yonalle-oman-koiransa-ja-siita-alkoi-elamankumppanuus-nukun-koiran-kanssa-lusikassa\" rel=\"nofollow noopener\" target=\"_blank\">Yst\u00e4v\u00e4 antoi yksin\u00e4iselle Yonalle oman koiransa, ja siit\u00e4 alkoi el\u00e4m\u00e4nkumppanuus: \u201dNukun koiran kanssa lusikassa\u201d<\/a><\/p>\n<p>Yona vastasi Annan Pinnan alla -kysymyksiin:<\/p>\n<p>Mik\u00e4 on ollut el\u00e4m\u00e4si suurin seikkailu?<\/p>\n<p>\u201dOlen el\u00e4tt\u00e4nyt itseni musiikilla jo 20 vuotta. Aika on mennyt siivill\u00e4, ja tuntuu kuin olisi kulunut vain muutama vuosi muusikkona. Tiet\u00e4 on nielty, hotellihuoneita n\u00e4hty ja rock\u2019n\u2019roll-el\u00e4m\u00e4\u00e4 vietetty. V\u00e4lill\u00e4 kauhistuttaa, milloin el\u00e4keik\u00e4 koittaa. Seikkailu taitaa jatkua ainakin viel\u00e4 toiset 20 vuotta n\u00e4in.\u00a0\u201d<\/p>\n<p>Millaisia neuvoja kuulet useimmiten p\u00e4\u00e4ss\u00e4si?<\/p>\n<p>\u201dAnna asioiden menn\u00e4 omalla painollaan, \u00e4l\u00e4 tee johtop\u00e4\u00e4t\u00f6ksi\u00e4 liian nopeasti ja <strong>Mauno<\/strong> <strong>Koiviston<\/strong> lausahdus: Ellemme varmuudella tied\u00e4, kuinka tulee k\u00e4ym\u00e4\u00e4n, olettakaamme, ett\u00e4 kaikki k\u00e4y hyvin.<\/p>\n<p>Valmistaudun aina pahimpaan ja ep\u00e4ilen, ett\u00e4 nyt tulee k\u00e4ym\u00e4\u00e4n huonosti. Olen huomannut, ett\u00e4 jos vain valitsen uskoa, ett\u00e4 asiat sujuvat enk\u00e4 h\u00e4tik\u00f6i, asiat soljuvat painollaan ja huomaan, ett\u00e4 pelot ovat olleet perusteettomia ja turhia.\u201d<\/p>\n<p><strong>Lue my\u00f6s Kotiliesi.fi:<\/strong> <a href=\"https:\/\/kotiliesi.fi\/ihmiset\/laulaja-yona\/\" rel=\"nofollow noopener\" target=\"_blank\">Laulaja Yona paljastaa, miksi ei ole kokenut tarvetta tulla \u00e4idiksi<\/a><\/p>\n<p>Mist\u00e4 paheesta haluaisit p\u00e4\u00e4st\u00e4 eroon?<\/p>\n<p>\u201dP\u00e4\u00e4dyn aina uudelleen ostamaan pikamuotia kiireess\u00e4. Se osoittautuu aina huonoksi valinnaksi: saan morkkiksen, ja vaatteet menev\u00e4t huonoksi nopeasti. Haluaisin sataprosenttisesti t\u00e4st\u00e4 tavasta eroon.\u201d<\/p>\n<p>Millaisia ihmisi\u00e4 kadehdit?<\/p>\n<p>\u201dOlin nuorena kateuden kierteess\u00e4 muita muusikkoja kohtaan. Se hallitsi ajatuksiani paljonkin, ja menetin y\u00f6unia. Sitten jotain tapahtui: el\u00e4m\u00e4 kouli tarpeeksi ja n\u00e4in muiden el\u00e4m\u00e4\u00e4 koulittavan.\u00a0<\/p>\n<p>En\u00e4\u00e4 minussa ei ole tilaa kateudelle. Ymm\u00e4rr\u00e4n, ett\u00e4 jokaisella on omat taistelunsa, eik\u00e4 minun tarvitse olla niist\u00e4 kaikista tietoinen. Pyrin olemaan iloinen niiden puolesta, jotka menestyv\u00e4t.\u201d<\/p>\n<p>Milloin olet onnellisimmillasi?<\/p>\n<p>\u201dLuonnossa koen olevani vapain. Tunnen mets\u00e4ss\u00e4, ett\u00e4 puut ovat minun puolellani ja siell\u00e4 kaikki haluaa minulle pelkk\u00e4\u00e4 hyv\u00e4\u00e4.\u201d<\/p>\n<p>Yona, 41<\/p>\n<p><strong>Ty\u00f6<\/strong>: Muusikko<\/p>\n<p><strong>Koti<\/strong>: Jyv\u00e4skyl\u00e4ss\u00e4<\/p>\n<p><strong>Ajankohtaista<\/strong>: Esitt\u00e4\u00e4 Solovey-levyn kappaleita Saimaan ja Vantaan Viihdeorkesterin kanssa 6.9. Musiikkitalossa Helsingiss\u00e4. Soolokiertue jatkuu syksyll\u00e4<\/p>\n<p>    Sinua voi kiinnostaa my\u00f6s:<\/p>\n<ol class=\"read-also__list\">\n<li>\n<p>            <img loading=\"lazy\" decoding=\"async\" class=\"card__image awpo-lqip awpo-lazy\" width=\"1520\" height=\"1040\" src=\"https:\/\/www.europesays.com\/fi\/wp-content\/uploads\/2025\/08\/yona.jpg\"\/>                <a href=\"https:\/\/anna.fi\/kategoria\/ihmiset\" class=\"card__vignette\" rel=\"nofollow noopener\" target=\"_blank\"><br \/>\n            Ihmiset          <\/a><\/p>\n<p>      <a href=\"https:\/\/anna.fi\/ihmiset\/ystava-antoi-yksinaiselle-yonalle-oman-koiransa-ja-siita-alkoi-elamankumppanuus-nukun-koiran-kanssa-lusikassa\" class=\"card__link-overlay\" rel=\"nofollow noopener\" target=\"_blank\">Yst\u00e4v\u00e4 antoi yksin\u00e4iselle Yonalle oman koiransa, ja siit\u00e4 alkoi el\u00e4m\u00e4nkumppanuus: \u201dNukun koiran kanssa lusikassa\u201d<\/a><\/p>\n<\/li>\n<li>\n<p>            <img loading=\"lazy\" decoding=\"async\" class=\"card__image awpo-lqip awpo-lazy\" width=\"2100\" height=\"1400\" src=\"https:\/\/www.europesays.com\/fi\/wp-content\/uploads\/2025\/08\/an70308k_59_preview-1.jpg\"\/>                <a href=\"https:\/\/anna.fi\/kategoria\/ihmiset\" class=\"card__vignette\" rel=\"nofollow noopener\" target=\"_blank\"><br \/>\n            Ihmiset          <\/a><\/p>\n<p>      <a href=\"https:\/\/anna.fi\/ihmiset\/muusikko-iiro-rantala\" class=\"card__link-overlay\" rel=\"nofollow noopener\" target=\"_blank\">Muusikko Iiro Rantalan parisuhde on kest\u00e4nyt yli 20 vuotta \u2212 yksi oppi kannattelee edelleen<\/a><\/p>\n<\/li>\n<li>\n<p>            <img loading=\"lazy\" decoding=\"async\" class=\"card__image awpo-lqip awpo-lazy\" width=\"1300\" height=\"890\" src=\"https:\/\/www.europesays.com\/fi\/wp-content\/uploads\/2025\/08\/an-joremarjaranta-02.jpg\"\/>                <a href=\"https:\/\/anna.fi\/kategoria\/ihmiset\/talous\" class=\"card__vignette\" rel=\"nofollow noopener\" target=\"_blank\"><br \/>\n            Talous          <\/a><\/p>\n<p>      <a href=\"https:\/\/anna.fi\/ihmiset\/talous\/jore-marjaranta\" class=\"card__link-overlay\" rel=\"nofollow noopener\" target=\"_blank\">Yksi hitti on kannatellut Jore Marjarantaa jo vuosia: \u201dSukanvarteen s\u00e4\u00e4st\u00e4minen on turvallista\u201d<\/a><\/p>\n<\/li>\n<\/ol>\n","protected":false},"excerpt":{"rendered":"Yona kadehti nuorena muita muusikoita ja menetti sen vuoksi y\u00f6uniaan. Sitten tapahtui jotain: el\u00e4m\u00e4 kouli itse\u00e4 ja muita.&hellip;\n","protected":false},"author":2,"featured_media":21211,"comment_status":"","ping_status":"","sticky":false,"template":"","format":"standard","meta":{"footnotes":""},"categories":[136],"tags":[407,137,33,31,30,408,5843,7026,805,32,1303,109],"class_list":{"0":"post-21210","1":"post","2":"type-post","3":"status-publish","4":"format-standard","5":"has-post-thumbnail","7":"category-julkkikset","8":"tag-celebrities","9":"tag-entertainment","10":"tag-fi","11":"tag-finland","12":"tag-finnish","13":"tag-julkkikset","14":"tag-muusikot","15":"tag-pinnan-alla","16":"tag-sota","17":"tag-suomi","18":"tag-ukraina","19":"tag-viihde"},"share_on_mastodon":{"url":"","error":""},"_links":{"self":[{"href":"https:\/\/www.europesays.com\/fi\/wp-json\/wp\/v2\/posts\/21210","targetHints":{"allow":["GET"]}}],"collection":[{"href":"https:\/\/www.europesays.com\/fi\/wp-json\/wp\/v2\/posts"}],"about":[{"href":"https:\/\/www.europesays.com\/fi\/wp-json\/wp\/v2\/types\/post"}],"author":[{"embeddable":true,"href":"https:\/\/www.europesays.com\/fi\/wp-json\/wp\/v2\/users\/2"}],"replies":[{"embeddable":true,"href":"https:\/\/www.europesays.com\/fi\/wp-json\/wp\/v2\/comments?post=21210"}],"version-history":[{"count":0,"href":"https:\/\/www.europesays.com\/fi\/wp-json\/wp\/v2\/posts\/21210\/revisions"}],"wp:featuredmedia":[{"embeddable":true,"href":"https:\/\/www.europesays.com\/fi\/wp-json\/wp\/v2\/media\/21211"}],"wp:attachment":[{"href":"https:\/\/www.europesays.com\/fi\/wp-json\/wp\/v2\/media?parent=21210"}],"wp:term":[{"taxonomy":"category","embeddable":true,"href":"https:\/\/www.europesays.com\/fi\/wp-json\/wp\/v2\/categories?post=21210"},{"taxonomy":"post_tag","embeddable":true,"href":"https:\/\/www.europesays.com\/fi\/wp-json\/wp\/v2\/tags?post=21210"}],"curies":[{"name":"wp","href":"https:\/\/api.w.org\/{rel}","templated":true}]}}