{"id":212236,"date":"2026-04-04T06:23:56","date_gmt":"2026-04-04T06:23:56","guid":{"rendered":"https:\/\/www.europesays.com\/fi\/212236\/"},"modified":"2026-04-04T06:23:56","modified_gmt":"2026-04-04T06:23:56","slug":"osmo-peltola-hurmaa-katsojat-peltsin-toinen-luonto-sarjassa","status":"publish","type":"post","link":"https:\/\/www.europesays.com\/fi\/212236\/","title":{"rendered":"Osmo Peltola hurmaa katsojat Peltsin toinen luonto -sarjassa"},"content":{"rendered":"<p>\n            Osmo Peltola hurmaa katsojia is\u00e4ns\u00e4 Mikko &#8221;Peltsi&#8221; Peltolan luontosarjassa.<br \/>\n            Sami Jumppanen\/Yle\n        <\/p>\n<p class=\"subtitle \">Fanit eiv\u00e4t ole pysy\u00e4 housuissaan, kun Osmo Peltola ilmestyi is\u00e4ns\u00e4 luontosarjaan.<\/p>\n<p class=\"article-content article-content-width !bg-background\"> kansansuosio jatkuu vakaana. Fanien riemulla ei ollut rajoja, kun  poika ilmestyi Peltsin toinen luonto -sarjan uuden kauden kakkosjaksoon.<\/p>\n<p class=\"font-weight-bold m-font-weight-bold article-content article-content-width !bg-background\">Video: Osmo ja Peltsi vastaavat tiukkoihin kysymyksiin.<\/p>\n<p class=\"article-content article-content-width !bg-background\">Osmon ensimm\u00e4inen kalareissu -nimisess\u00e4 jaksossa Peltsi ja Osmo suunnistivat Lappiin ja J\u00e4\u00e4meren rannalle. Reissulla teini-ik\u00e4istynyt Osmo p\u00e4\u00e4si opettelemaan pilkkimist\u00e4 ja virvelin heitt\u00e4mist\u00e4.<\/p>\n<p>        <a itemprop=\"url\" href=\"https:\/\/www.seiska.fi\/katso\/mikko-peltola-saa-viiltavan-kuitin-osmo-pojaltaan\/2014533\" rel=\"nofollow noopener\" target=\"_blank\"><\/p>\n<p>\nMikko &#8221;Peltsi&#8221; Peltola\n<\/p>\n<p class=\"section-date\">\n        <strong class=\"article-section\" data-section=\"katso\"><br \/>\n            katso<br \/>\n        <\/strong><br \/>\n        8.12.2025 09:45\n    <\/p>\n<p>Mikko Peltola saa viilt\u00e4v\u00e4n kuitin Osmo-pojaltaan\n    <\/p>\n<p itemprop=\"description\" class=\"subtitle \">\n    Osmo Peltola palaa televisioon Peltsin toinen luonto -ohjelman viidennell\u00e4 kaudella.\n<\/p>\n<p>        <\/a><\/p>\n<p class=\"article-content article-content-width !bg-background\">Peltsin <a href=\"https:\/\/www.facebook.com\/share\/1CFH9FTtpq\/?mibextid=wwXIfr\" target=\"_blank\" rel=\"nofollow noopener\">Facebookissa<\/a> ja <a href=\"https:\/\/www.instagram.com\/p\/DSSMosFDJHk\/?img_index=1\" target=\"_blank\" rel=\"nofollow noopener\">Instagramissa<\/a> julkaisemien p\u00e4ivitysten alle on kertynyt kymmeni\u00e4 innostuneita viestej\u00e4. Monet fanit jakavat rakkautta emojien t\u00e4ytt\u00e4miss\u00e4 viesteiss\u00e4, mutta osa on my\u00f6s avannut sanaisen arkkunsa.<\/p>\n<p class=\"article-content article-content-width !bg-background\">\u2013\u00a0On tuo Osmo niiiiin ihana. Eip\u00e4 teiss\u00e4 yhdess\u00e4k\u00e4\u00e4n mit\u00e4\u00e4n vikaa ole, er\u00e4s fani hehkuttaa Instassa.<\/p>\n<p class=\"article-content article-content-width !bg-background\">\u2013\u00a0Oli huippu jakso lis\u00e4\u00e4 vaan Osmoa mukaan jaksoihin, toinen jatkaa.<\/p>\n<p class=\"article-content article-content-width !bg-background\">\u2013\u00a0Olette mahtavia ja ihania. Osmo on tosi cool, lis\u00e4\u00e4 kolmas.<\/p>\n<p class=\"article-content article-content-width !bg-background\">\u2013\u00a0Osmon jutut on kyll\u00e4 niin hauskoja ja ihan on teinin vinkeet.<\/p>\n<p>                <img loading=\"lazy\" decoding=\"async\" src=\"https:\/\/www.europesays.com\/fi\/wp-content\/uploads\/2026\/04\/2009102.webp.jpeg\" width=\"576\" height=\"264\" alt=\"Mikko 'Peltsi' Peltola ja Osmo Peltola kalassa Norjan Lyngenin vuonossa.\" \/>            <\/p>\n<p>\n            Mikko &#8221;Peltsi&#8221; Peltola ja Osmo Peltola kalassa Norjan Lyngenin vuonossa.<br \/>\n            Sami Jumppanen\/Yle\n        <\/p>\n<p>        <a itemprop=\"url\" href=\"https:\/\/www.seiska.fi\/katso\/mikko-peltola-loukkaantui-pyoraretkella\/2020295\" rel=\"nofollow noopener\" target=\"_blank\"><\/p>\n<p>\nMikko &#8221;Peltsi&#8221; Peltola\n<\/p>\n<p class=\"section-date\">\n        <strong class=\"article-section\" data-section=\"katso\"><br \/>\n            katso<br \/>\n        <\/strong><br \/>\n        15.12.2025 06:15\n    <\/p>\n<p>Mikko Peltola loukkaantui py\u00f6r\u00e4retkell\u00e4\n    <\/p>\n<p itemprop=\"description\" class=\"subtitle \">\n    Mikko &#8221;Peltsi&#8221; Peltola kertoo joutuneensa leikkaukseen.\n<\/p>\n<p>        <\/a><\/p>\n<p>Osa katsoo vain Osmo-jaksot<\/p>\n<p class=\"article-content article-content-width !bg-background\">Suurta riemua irtoaa siit\u00e4, ett\u00e4 Osmo onnistui nappaamaan jaksossa suuremman vonkaleen kuin is\u00e4ns\u00e4.<\/p>\n<p class=\"article-content article-content-width !bg-background\">\u2013\u00a0Upea jakso. Osmon iloisuutta oli ihana seurata kun h\u00e4n sai suuremman kalan kuin is\u00e4ns\u00e4 Mikko, Instassa iloitaan.<\/p>\n<p class=\"article-content article-content-width !bg-background\">\u2013\u00a0T\u00e4\u00e4 oli upea hetki kun Osmo sai ison kalan.. oli ihana tuuletus Osmolla. Mahtava poika,  jakaa tunnustusta Facebookissa.<\/p>\n<p class=\"article-content article-content-width !bg-background\">\u2013\u00a0Kyll\u00e4 isk\u00e4 saa olla pojastaan ylpe\u00e4. Oskun ilmeet olivat vertaansa vailla saadessaan komean vonkaleen. Hyv\u00e4 Osku, olet Paras,  t\u00e4ydent\u00e4\u00e4.<\/p>\n<p class=\"article-content article-content-width !bg-background\">Monet tunnustavat katsovansa vain jaksot, joissa Osmo on mukana. N\u00e4it\u00e4 jaksoja on sarjan uudella kaudella vain kaksi, eli 2. Ja 5. jakso.<\/p>\n<p class=\"article-content article-content-width !bg-background\">Jaksoja esitet\u00e4\u00e4n televisiossa maanantaisin yksi jakso kerrallaan. <a href=\"https:\/\/areena.yle.fi\/1-74756161\" target=\"_blank\" rel=\"nofollow noopener\">Yle Areenassa<\/a> on kuitenkin julkaistu jo kaikki jaksot. Moni fani kirjoittaa ahmineensa jaksot jo Areenassa.<\/p>\n<p class=\"article-content article-content-width !bg-background\">\u2013\u00a0Katsoin vain Osmo-jaksot, koska ne ovat parhaimmat. Peltsill\u00e4 on maailman ihanin poika,  hehkuttaa.<\/p>\n<p>                <img loading=\"lazy\" decoding=\"async\" src=\"https:\/\/www.europesays.com\/fi\/wp-content\/uploads\/2026\/04\/2014538.webp.jpeg\" width=\"576\" height=\"360\" title=\"Mikko ja Osmo Peltola Kilpisj\u00e4rvell\u00e4.\" alt=\"Peltsin toinen luonto: Mikko ja Osmo Peltola Kilpisj\u00e4rvell\u00e4.\" \/>            <\/p>\n<p>\n            Mikko ja Osmo Peltola Kilpisj\u00e4rvell\u00e4.<br \/>\n            Sami Jumppanen \/ Yle\n        <\/p>\n<p>        <a itemprop=\"url\" href=\"https:\/\/www.seiska.fi\/katso\/peltsi-ja-osmo-hammentava-viinaloyto\/2009070\" rel=\"nofollow noopener\" target=\"_blank\"><\/p>\n<p>\nPeltsi ja Osmo Peltola\n<\/p>\n<p class=\"section-date\">\n        <strong class=\"article-section\" data-section=\"katso\"><br \/>\n            katso<br \/>\n        <\/strong><br \/>\n        2.12.2025 15:15\n    <\/p>\n<p>Peltsi ja Osmo: H\u00e4mment\u00e4v\u00e4 viinal\u00f6yt\u00f6\n    <\/p>\n<p itemprop=\"description\" class=\"subtitle \">\n    Mikko &#8221;Peltsi&#8221; Peltola ja h\u00e4nen poikansa Osmo palaavat j\u00e4lleen tv-ruutuun.\n<\/p>\n<p>        <\/a><\/p>\n<p class=\"article-content article-content-width !bg-background\">\u2013\u00a0Osmo-jaksot oli mielest\u00e4ni kaikista parhaimmat. Teist\u00e4 v\u00e4littyy niin aito v\u00e4litt\u00e4minen ja sopivan rennon letke\u00e4 asenne el\u00e4m\u00e4\u00e4n,  ihastelee.<\/p>\n<p class=\"article-content article-content-width !bg-background\">\u2013\u00a0Meill\u00e4  3v ja  5v katselevat kanssamme Peltsin toista luontoa mielell\u00e4\u00e4n, tosin nyky\u00e4\u00e4n varsinkin Allin ehtona on \u201cjoo katsotaan se miss\u00e4 Osmo on mukana!\u201d,  kirjoittaa.<\/p>\n<p class=\"italic m-italic article-content article-content-width !bg-background\">Peltsin toinen luonto -sarjan 5. kauden kaikki jaksot ovat jo katsottavissa Yle Areenassa. TV2:ssa uusi jakso esitet\u00e4\u00e4n aina maanantai-iltaisin.<\/p>\n<p>        <a itemprop=\"url\" href=\"https:\/\/www.seiska.fi\/katso\/mikko-peltola-ajautuu-sanaharkkaan-kuvaajansa-kanssa\/2012875\" rel=\"nofollow noopener\" target=\"_blank\"><\/p>\n<p>\nMikko Peltola\n<\/p>\n<p class=\"section-date\">\n        <strong class=\"article-section\" data-section=\"katso\"><br \/>\n            katso<br \/>\n        <\/strong><br \/>\n        8.12.2025 06:15\n    <\/p>\n<p>Mikko Peltola ajautuu sanaharkkaan kuvaajansa kanssa\n    <\/p>\n<p itemprop=\"description\" class=\"subtitle \">\n    Mikko Peltola seikkailee j\u00e4lleen luonnossa Peltsin toinen luonto -ohjelman tuoreella kaudella.\n<\/p>\n<p>        <\/a><\/p>\n<p><script async src=\"\/\/www.instagram.com\/embed.js\"><\/script><\/p>\n","protected":false},"excerpt":{"rendered":"Osmo Peltola hurmaa katsojia is\u00e4ns\u00e4 Mikko &#8221;Peltsi&#8221; Peltolan luontosarjassa. Sami Jumppanen\/Yle Fanit eiv\u00e4t ole pysy\u00e4 housuissaan, kun Osmo&hellip;\n","protected":false},"author":2,"featured_media":212237,"comment_status":"","ping_status":"","sticky":false,"template":"","format":"standard","meta":{"footnotes":"","_share_on_mastodon":"0"},"categories":[117],"tags":[33,31,30,1732,72,3222,476,5601,6631,118,32,119,918,477,913],"class_list":["post-212236","post","type-post","status-publish","format-standard","has-post-thumbnail","category-luonto","tag-fi","tag-finland","tag-finnish","tag-kalastus","tag-luonto","tag-mikko-peltola","tag-nature","tag-osmo-peltola","tag-peltsin-toinen-luonto","tag-science","tag-suomi","tag-tiede","tag-tv2","tag-wildlife","tag-yle-areena"],"share_on_mastodon":{"url":"https:\/\/pubeurope.com\/@fi\/116345009999402881","error":""},"_links":{"self":[{"href":"https:\/\/www.europesays.com\/fi\/wp-json\/wp\/v2\/posts\/212236","targetHints":{"allow":["GET"]}}],"collection":[{"href":"https:\/\/www.europesays.com\/fi\/wp-json\/wp\/v2\/posts"}],"about":[{"href":"https:\/\/www.europesays.com\/fi\/wp-json\/wp\/v2\/types\/post"}],"author":[{"embeddable":true,"href":"https:\/\/www.europesays.com\/fi\/wp-json\/wp\/v2\/users\/2"}],"replies":[{"embeddable":true,"href":"https:\/\/www.europesays.com\/fi\/wp-json\/wp\/v2\/comments?post=212236"}],"version-history":[{"count":0,"href":"https:\/\/www.europesays.com\/fi\/wp-json\/wp\/v2\/posts\/212236\/revisions"}],"wp:featuredmedia":[{"embeddable":true,"href":"https:\/\/www.europesays.com\/fi\/wp-json\/wp\/v2\/media\/212237"}],"wp:attachment":[{"href":"https:\/\/www.europesays.com\/fi\/wp-json\/wp\/v2\/media?parent=212236"}],"wp:term":[{"taxonomy":"category","embeddable":true,"href":"https:\/\/www.europesays.com\/fi\/wp-json\/wp\/v2\/categories?post=212236"},{"taxonomy":"post_tag","embeddable":true,"href":"https:\/\/www.europesays.com\/fi\/wp-json\/wp\/v2\/tags?post=212236"}],"curies":[{"name":"wp","href":"https:\/\/api.w.org\/{rel}","templated":true}]}}