{"id":212859,"date":"2026-04-05T00:09:16","date_gmt":"2026-04-05T00:09:16","guid":{"rendered":"https:\/\/www.europesays.com\/fi\/212859\/"},"modified":"2026-04-05T00:09:16","modified_gmt":"2026-04-05T00:09:16","slug":"myos-mafialla-on-silmansa-messinansalmen-miljardisillassa","status":"publish","type":"post","link":"https:\/\/www.europesays.com\/fi\/212859\/","title":{"rendered":"My\u00f6s mafialla on silm\u00e4ns\u00e4 Messinansalmen miljardisillassa"},"content":{"rendered":"<p>T\u00e4m\u00e4 k\u00e4vi ilmi hiljattain pidetyss\u00e4 Italiansenaatin kuulemistilaisuudessa, jossa kansallisen korruptiontorjuntaviranomaisen (Autorit\u00e0 nazionale anticorruzione, ANAC) puheenjohtaja <strong>Giuseppe Busia<\/strong> l\u00f6i viimeisen naulan teknisten yksityiskohtien ja poliittisten lausuntojen v\u00e4liin j\u00e4\u00e4neeseen solmuun, uutisoi <a href=\"https:\/\/www.antimafiaduemila.com\/home\/mafie-news\/261-cronaca\/108508-ponte-sullo-stretto-progetto-da-rifare-tra-costi-fuori-scala-e-rischio-infiltrazioni-mafiose.html\" type=\"link\" id=\"https:\/\/www.antimafiaduemila.com\/home\/mafie-news\/261-cronaca\/108508-ponte-sullo-stretto-progetto-da-rifare-tra-costi-fuori-scala-e-rischio-infiltrazioni-mafiose.html\" rel=\"nofollow noopener\" target=\"_blank\">Antimafia 2000<\/a>.<\/p>\n<p>Asian ydin on se, ett\u00e4 hanke on viime vuosina kokenut merkitt\u00e4vi\u00e4 muutoksia sek\u00e4 kustannusten ett\u00e4 rahoitusrakenteen suhteen, jopa siihen pisteeseen, ett\u00e4 siit\u00e4 on tullut kokonaan julkinen.<\/p>\n<p>Mainos &#8211; sis\u00e4lt\u00f6 jatkuu alla<\/p>\n<p>Pelk\u00e4st\u00e4\u00e4n luvut puhuvat puolestaan. Alkuper\u00e4isest\u00e4 noin nelj\u00e4n miljardin euron budjetista se on nyt noussut yli 13 miljardiin euroon, ja katteet saattavat kansallisen korruptiontorjuntaviranomaisen mukaan olla jo sallittujen kynnysarvojen rajoissa.<\/p>\n<p>Hankkeessa on suuri mafiaj\u00e4rjest\u00f6jen soluttautumisriski<\/p>\n<p>Busia nosti esiin my\u00f6s toisen, v\u00e4hemm\u00e4n teknisen mutta ehk\u00e4 jopa konkreettisemman kysymyksen: n\u00e4in laaja hanke voi houkutella rikollisia intressej\u00e4, mik\u00e4 edellytt\u00e4\u00e4 paljon tiukempaa valvontaj\u00e4rjestelm\u00e4\u00e4. <\/p>\n<p>\u2013 Viimeisen\u00e4, mutta ei v\u00e4h\u00e4isimp\u00e4n\u00e4 ongelmana onkin j\u00e4rjest\u00e4ytynyt rikollisuus. T\u00e4m\u00e4 johtuu siit\u00e4, ett\u00e4 Messinansalmen silta ei ole vain insin\u00f6\u00f6ritaidon saavutus eik\u00e4 vain oikeudellinen tai ymp\u00e4rist\u00f6llinen asiakokonaisuus. Se on ennen kaikkea valtava m\u00e4\u00e4r\u00e4 julkista rahaa.<\/p>\n<p>\u2013 Ja siell\u00e4, miss\u00e4 on miljardeja euroja, Italian historia opettaa, ett\u00e4 edut eiv\u00e4t ole koskaan puolueettomia \u2013 etenk\u00e4\u00e4n mafian edut. Puhumme todellakin hankkeesta, joka juuri kokonsa vuoksi voi muuttua poikkeukselliseksi tilaisuudeksi laittoman p\u00e4\u00e4oman pesuun.<\/p>\n<p>Mainos &#8211; sis\u00e4lt\u00f6 jatkuu alla<\/p>\n<p>Italiassa t\u00e4m\u00e4 ei ole hypoteettinen riski, vaan jo n\u00e4hty, tutkittu ja dokumentoitu dynamiikka. T\u00e4m\u00e4n vahvistivat useita kuukausia sitten mafianvastaisen tutkintaosaston johtajat, jotka raportoivat, ett\u00e4 Calabrian ja Sisilian mafiaperheet \u2013 \u2019Ndrangheta ja Cosa Nostra \u2013 ovat jo valmiita sieppaamaan hankkeen rakentamiseen liittyvi\u00e4 sopimuksia ja alihankintasopimuksia.<\/p>\n<p>ANACin mukaan \u201demme puhu vain suorista sopimuksista, vaan kaikesta, mik\u00e4 niiden ymp\u00e4rill\u00e4 py\u00f6rii: tarvikkeista, logistiikasta, j\u00e4tehuollosta, maanrakennuksesta, maan hankinnasta.<\/p>\n<p>\u2013 Juuri t\u00e4ll\u00e4 rintamalla on ilmennyt todisteita, jotka vahvistavat huolta. Jotkin Calabrian t\u00f6iden vaikutusalueet n\u00e4ytt\u00e4v\u00e4t liittyv\u00e4n historiallisten paikallisten klaanien, kuten Mancuson \u2019Ndrangheta-klaanin, perheenj\u00e4seniin. N\u00e4m\u00e4 maat ostettiin vuosien varrella, ja ne ovat mahdollisesti suoraan tai ep\u00e4suorasti mukana hankkeen operatiivisissa vaiheissa.<\/p>\n","protected":false},"excerpt":{"rendered":"T\u00e4m\u00e4 k\u00e4vi ilmi hiljattain pidetyss\u00e4 Italiansenaatin kuulemistilaisuudessa, jossa kansallisen korruptiontorjuntaviranomaisen (Autorit\u00e0 nazionale anticorruzione, ANAC) puheenjohtaja Giuseppe Busia l\u00f6i&hellip;\n","protected":false},"author":2,"featured_media":212860,"comment_status":"","ping_status":"","sticky":false,"template":"","format":"standard","meta":{"footnotes":"","_share_on_mastodon":"0"},"categories":[14],"tags":[22,23,26,27,33,31,30,17,24,25,3492,28,29,15,18,21,32,19,20,56,16,59,60,61],"class_list":["post-212859","post","type-post","status-publish","format-standard","has-post-thumbnail","category-ulkomaat","tag-breaking-news","tag-breakingnews","tag-featured-news","tag-featurednews","tag-fi","tag-finland","tag-finnish","tag-headlines","tag-latest-news","tag-latestnews","tag-mafia","tag-main-news","tag-mainnews","tag-news","tag-otsikot","tag-paauutiset","tag-suomi","tag-top-stories","tag-topstories","tag-ulkomaat","tag-uutiset","tag-world","tag-world-news","tag-worldnews"],"share_on_mastodon":{"url":"https:\/\/pubeurope.com\/@fi\/116349197776901680","error":""},"_links":{"self":[{"href":"https:\/\/www.europesays.com\/fi\/wp-json\/wp\/v2\/posts\/212859","targetHints":{"allow":["GET"]}}],"collection":[{"href":"https:\/\/www.europesays.com\/fi\/wp-json\/wp\/v2\/posts"}],"about":[{"href":"https:\/\/www.europesays.com\/fi\/wp-json\/wp\/v2\/types\/post"}],"author":[{"embeddable":true,"href":"https:\/\/www.europesays.com\/fi\/wp-json\/wp\/v2\/users\/2"}],"replies":[{"embeddable":true,"href":"https:\/\/www.europesays.com\/fi\/wp-json\/wp\/v2\/comments?post=212859"}],"version-history":[{"count":0,"href":"https:\/\/www.europesays.com\/fi\/wp-json\/wp\/v2\/posts\/212859\/revisions"}],"wp:featuredmedia":[{"embeddable":true,"href":"https:\/\/www.europesays.com\/fi\/wp-json\/wp\/v2\/media\/212860"}],"wp:attachment":[{"href":"https:\/\/www.europesays.com\/fi\/wp-json\/wp\/v2\/media?parent=212859"}],"wp:term":[{"taxonomy":"category","embeddable":true,"href":"https:\/\/www.europesays.com\/fi\/wp-json\/wp\/v2\/categories?post=212859"},{"taxonomy":"post_tag","embeddable":true,"href":"https:\/\/www.europesays.com\/fi\/wp-json\/wp\/v2\/tags?post=212859"}],"curies":[{"name":"wp","href":"https:\/\/api.w.org\/{rel}","templated":true}]}}