{"id":21298,"date":"2025-08-31T05:05:11","date_gmt":"2025-08-31T05:05:11","guid":{"rendered":"https:\/\/www.europesays.com\/fi\/21298\/"},"modified":"2025-08-31T05:05:11","modified_gmt":"2025-08-31T05:05:11","slug":"nuortenreality-fuge-kertoo-aurinkorannikon-nuorista","status":"publish","type":"post","link":"https:\/\/www.europesays.com\/fi\/21298\/","title":{"rendered":"Nuortenreality Fuge kertoo aurinkorannikon nuorista"},"content":{"rendered":"<p><a href=\"https:\/\/areena.yle.fi\/tv\/ohjelmat\/30-1376\" target=\"_blank\" rel=\"noreferrer noopener nofollow\">Au pairit<\/a>,<a href=\"https:\/\/areena.yle.fi\/1-50563577\" target=\"_blank\" rel=\"noreferrer noopener nofollow\"> Sinkut paljaana<\/a>, <a href=\"https:\/\/areena.yle.fi\/1-68096126\" target=\"_blank\" rel=\"noreferrer noopener nofollow\">Suvikset<\/a>, <a href=\"https:\/\/areena.yle.fi\/1-63054554\" target=\"_blank\" rel=\"noreferrer noopener nofollow\">Kierroksilla<\/a>\u2026Tuntuu kuin nuorille ja nuorille aikuisille suunnattua reality\u00e4 tulisi Ylen kanavilta tuutin t\u00e4ydelt\u00e4. Yle Nuorten tilaaja <strong>Mikko Silvennoisen<\/strong> mielest\u00e4 ohjelmaa saisi tulla enemm\u00e4nkin.<\/p>\n<p>\u201dNuoret ovat yht\u00e4 t\u00e4rkeit\u00e4 asiak\u00adkaita siin\u00e4 miss\u00e4 muunkin ik\u00e4iset suomalaiset. Fiktion puolella nuoret onkin pystytty tavoittamaan hyvin. Olemme etsineet keinoja, miten heit\u00e4 voisi tavoittaa my\u00f6s realityn kautta. Meid\u00e4n pit\u00e4isi olla voimakkaammin l\u00e4sn\u00e4 my\u00f6s eri areenoilla, kuten Tiktokissa,\u201d Silvennoinen kertoo.<\/p>\n<p>Nuorten ohjelmien moninaisuus johtuu siit\u00e4, ett\u00e4 nuoret tai nuoret aikuiset eiv\u00e4t ole mik\u00e4\u00e4n yhten\u00e4inen ik\u00e4ryhm\u00e4. T\u00e4m\u00e4n vuoksi skaala ohjelmienkin v\u00e4lill\u00e4 on laaja. Yksi kuvaa suomenruotsalaisten pilsneriraggareiden arkea Pohjanmaalla, toinen lestadiolaisnuorten kes\u00e4viettoa Suviseuroissa.<\/p>\n<p>El\u00e4kel\u00e4isten paratiisissa<\/p>\n<p>Uuden n\u00e4k\u00f6kulman nuorten el\u00e4m\u00e4\u00e4n tarjoaa nyt alkava Fuge. Se sijoittuu nimens\u00e4 mukaisesti Fuengirolan aurinkorannoille ja kuvaa siell\u00e4 el\u00e4vien 13\u201317-ik\u00e4isten nuorten arkea. Eli p\u00e4\u00e4henkil\u00f6t ovat nuorempia kuin nuortenrealityiss\u00e4 yleens\u00e4.<\/p>\n<p>Kaikki alkoi lehtiartikkelista, johon Silvennoinen t\u00f6rm\u00e4si. Siin\u00e4 kerrottiin, miten aurinkorannoilla asuu enemm\u00e4n suomalaisia nuoria kuin ikin\u00e4.<\/p>\n<p>\u201dFuengirolaahan pidet\u00e4\u00e4n el\u00e4kel\u00e4isten paratiisina, mutta siell\u00e4 asuu perheidens\u00e4 kanssa my\u00f6s paljon yl\u00e4kouluik\u00e4isi\u00e4 ja lukiolaisia nuoria. Heid\u00e4n ik\u00e4ryhm\u00e4st\u00e4\u00e4n on kiinnostava tehd\u00e4 reality\u00e4, sill\u00e4 heid\u00e4n el\u00e4m\u00e4ns\u00e4 on v\u00e4livaiheessa. He eiv\u00e4t viel\u00e4 ole aikuisia mutta eiv\u00e4t todellakaan en\u00e4\u00e4 lapsia\u201d, Silvennoinen summaa.<\/p>\n<p>Fuengirolan el\u00e4m\u00e4\u00e4 alettiin tutkia yhdess\u00e4 tuotantoyhti\u00f6 Fremantlen kanssa, joka loi sarjan konseptin ja toimi sen toteuttajana. Silvennoinen uskoo, ett\u00e4 sarja saattaa kiinnostaa vanhempiakin katsojia, sill\u00e4 Fuengirola on paikkana monille tuttu.<\/p>\n<p>Fuge kuvaa vain nuoria<\/p>\n<p>Fuge on toteutettu hieman samaan tyyliin kuin t\u00e4n\u00e4 vuonna aiemmin n\u00e4hty suviseuroihin sijoittuva Suvikset. Kummassakin sarjassa kuvataan nuorten el\u00e4m\u00e4\u00e4 heid\u00e4n omista n\u00e4k\u00f6kulmistaan niin, ett\u00e4 vanhemmat ja muut aikuiset loistavat l\u00e4hes t\u00e4ysin poissaolollaan.<\/p>\n<p>\u201dOn t\u00e4rke\u00e4\u00e4 tehd\u00e4 nuorille ohjelmaa heid\u00e4n omasta n\u00e4k\u00f6kulmastaan, my\u00f6s niin, ett\u00e4 nuoret itse osallistuvat sarjan tekemiseen. Jos min\u00e4 l\u00e4htisin yksin viisikymppisen\u00e4 set\u00e4miehen\u00e4 tekem\u00e4\u00e4n nuortenohjelmaa, niin siit\u00e4 ei tulisi hyv\u00e4,\u201d Silvennoinen sanoo.<\/p>\n<p>Nuorille tehty reality eroaa aikuisille suunnatusta tosi-tv:st\u00e4 siten, ett\u00e4 sen ongelmat ovat pienempi\u00e4. Siin\u00e4 miss\u00e4 aikuisten ohjelmissa saatetaan k\u00e4sitell\u00e4 kuoleman kaltaisia vakavia asioita, nuorten ohjelmissa iso tapahtuva voi olla esimerkiksi rannalle meno tai Tiktok-videon kuvaaminen. T\u00e4m\u00e4n kaltainen kepeys saattaakin \u00e4rsytt\u00e4\u00e4 monia katsojia. Syntyy ajatus, ett\u00e4 taas verorahoja tuhlataan.<\/p>\n<p>\u201dSe on hyvin set\u00e4miesm\u00e4ist\u00e4 tai t\u00e4tim\u00e4ist\u00e4 l\u00e4hte\u00e4 arvostelemaan nuortenrealityj\u00e4 t\u00e4lt\u00e4 kannalta. Onhan se hyvin luonnollista, ett\u00e4 ongelmat niiss\u00e4 ovat pieni\u00e4, koska niiss\u00e4 liikutaan viel\u00e4 niin l\u00e4hell\u00e4 lapsuutta\u201d, Silvennoinen painottaa.\u00a0<\/p>\n<p> Fuge, sunnuntai 24.8. klo 20.30, TV2 &amp; <a href=\"https:\/\/areena.yle.fi\/1-72620190\" target=\"_blank\" rel=\"noreferrer noopener nofollow\">Areena<\/a><\/p>\n","protected":false},"excerpt":{"rendered":"Au pairit, Sinkut paljaana, Suvikset, Kierroksilla\u2026Tuntuu kuin nuorille ja nuorille aikuisille suunnattua reality\u00e4 tulisi Ylen kanavilta tuutin t\u00e4ydelt\u00e4.&hellip;\n","protected":false},"author":2,"featured_media":21299,"comment_status":"","ping_status":"","sticky":false,"template":"","format":"standard","meta":{"footnotes":""},"categories":[133],"tags":[137,33,31,30,4676,7288,2385,32,206,156,109],"class_list":{"0":"post-21298","1":"post","2":"type-post","3":"status-publish","4":"format-standard","5":"has-post-thumbnail","7":"category-televisiot","8":"tag-entertainment","9":"tag-fi","10":"tag-finland","11":"tag-finnish","12":"tag-fuengirola","13":"tag-nuortensarja","14":"tag-reality","15":"tag-suomi","16":"tag-televisiot","17":"tag-tv","18":"tag-viihde"},"share_on_mastodon":{"url":"","error":""},"_links":{"self":[{"href":"https:\/\/www.europesays.com\/fi\/wp-json\/wp\/v2\/posts\/21298","targetHints":{"allow":["GET"]}}],"collection":[{"href":"https:\/\/www.europesays.com\/fi\/wp-json\/wp\/v2\/posts"}],"about":[{"href":"https:\/\/www.europesays.com\/fi\/wp-json\/wp\/v2\/types\/post"}],"author":[{"embeddable":true,"href":"https:\/\/www.europesays.com\/fi\/wp-json\/wp\/v2\/users\/2"}],"replies":[{"embeddable":true,"href":"https:\/\/www.europesays.com\/fi\/wp-json\/wp\/v2\/comments?post=21298"}],"version-history":[{"count":0,"href":"https:\/\/www.europesays.com\/fi\/wp-json\/wp\/v2\/posts\/21298\/revisions"}],"wp:featuredmedia":[{"embeddable":true,"href":"https:\/\/www.europesays.com\/fi\/wp-json\/wp\/v2\/media\/21299"}],"wp:attachment":[{"href":"https:\/\/www.europesays.com\/fi\/wp-json\/wp\/v2\/media?parent=21298"}],"wp:term":[{"taxonomy":"category","embeddable":true,"href":"https:\/\/www.europesays.com\/fi\/wp-json\/wp\/v2\/categories?post=21298"},{"taxonomy":"post_tag","embeddable":true,"href":"https:\/\/www.europesays.com\/fi\/wp-json\/wp\/v2\/tags?post=21298"}],"curies":[{"name":"wp","href":"https:\/\/api.w.org\/{rel}","templated":true}]}}