{"id":21316,"date":"2025-08-31T05:31:14","date_gmt":"2025-08-31T05:31:14","guid":{"rendered":"https:\/\/www.europesays.com\/fi\/21316\/"},"modified":"2025-08-31T05:31:14","modified_gmt":"2025-08-31T05:31:14","slug":"muumiperija-sophia-jansson-paljastaa-perheensa-traumat-ja-tabut-uudessa-kirjassa-kulttuuri","status":"publish","type":"post","link":"https:\/\/www.europesays.com\/fi\/21316\/","title":{"rendered":"Muumiperij\u00e4 Sophia Jansson paljastaa perheens\u00e4 traumat ja tabut uudessa kirjassa | Kulttuuri"},"content":{"rendered":"<p class=\"sc-jYczwO sc-ciCoXh bUKqJd cIOueB yle__article__paragraph\">\u00c4iti ja is\u00e4 olivat homoseksuaaleja \u2013 ei ole itsest\u00e4\u00e4n selv\u00e4\u00e4, ett\u00e4 <strong class=\"sc-eEHciv gtNhAX yle__article__strong\">Sophia Jansson<\/strong> olisi ylip\u00e4\u00e4t\u00e4\u00e4n syntynyt. Mutta Janssonin suku on aina ollut kaukana normeista, niin rakkaudessa, luovuudessa kuin salaisuuksissakin.<\/p>\n<p class=\"sc-jYczwO sc-ciCoXh bUKqJd cIOueB yle__article__paragraph\">Yksi perheen suurista salaisuuksista on liittynyt Sophia Janssonin \u00e4itiin ja siihen, kuka \u00e4iti oikeastaan oli.<\/p>\n<p class=\"sc-jYczwO sc-ciCoXh bUKqJd cIOueB yle__article__paragraph\">Nyt Sophia Jansson kertoo itse perheens\u00e4 historiasta esikoiskirjassaan Kolme saarta. Is\u00e4, \u00e4iti ja min\u00e4 (Siltala, 2025). H\u00e4n jakaa siin\u00e4 henkil\u00f6kohtaisia muistoja ja aiemmin julkaisemattomia yksityiskohtia vanhemmistaan.<\/p>\n<p class=\"sc-jYczwO sc-ciCoXh bUKqJd cIOueB yle__article__paragraph\">Sophia Jansson on Moomin Characters -yhti\u00f6n hallituksen puheenjohtaja ja <strong class=\"sc-eEHciv gtNhAX yle__article__strong\">Tove Janssonin<\/strong> taiteellisen perinn\u00f6n vaalija \u2013 nyky\u00e4\u00e4n kyse on miljoonabisneksest\u00e4.<\/p>\n<p class=\"sc-jYczwO sc-ciCoXh bUKqJd cIOueB yle__article__paragraph\">T\u00e4h\u00e4n asti h\u00e4n on valinnut tarkkaan, mit\u00e4 perheest\u00e4 kerrotaan ja kuka kertoo. Kirjassaan h\u00e4n antaa aiempaa henkil\u00f6kohtaisemman kuvan Janssoneista.<\/p>\n<p>Katso videolta, kun Sophia Jansson kertoo, miten kirja syntyi. Kuvat: Atte Henriksson ja arkistokuvia\/ Tove Jansson Estate.<\/p>\n<p>Muumimaailma todellisten ihmisten pohjalta<\/p>\n<p class=\"sc-jYczwO sc-ciCoXh bUKqJd cIOueB yle__article__paragraph\">Kynnys kirjan kirjoittamiseen oli korkea, koska Sophia Jansson oli sek\u00e4 maailmankuulun taiteilijan veljentyt\u00e4r ett\u00e4 taiteilijais\u00e4 <strong class=\"sc-eEHciv gtNhAX yle__article__strong\">Lars \u201dLasse\u201d Janssonin<\/strong> tyt\u00e4r.<\/p>\n<p class=\"sc-jYczwO sc-ciCoXh bUKqJd cIOueB yle__article__paragraph\">\u2013 T\u00e4m\u00e4 oli kuitenkin tarina, joka oli pakko kertoa. Tunsin samanlaista sis\u00e4ist\u00e4 paloa kuin Tove, Sophia Jansson sanoo.<\/p>\n<p class=\"sc-jYczwO sc-ciCoXh bUKqJd cIOueB yle__article__paragraph\">Lukijat ymp\u00e4ri maailmaa ovat tutustuneet Janssonin sukuun Tove Janssonin kirjojen kautta, erityisesti Muumimaailmaan. H\u00e4n k\u00e4ytti kertomustensa pohjana osin omaa perhett\u00e4\u00e4n ja yst\u00e4v\u00e4piiri\u00e4\u00e4n.<\/p>\n<p><img decoding=\"async\" alt=\"Tove Jansson piirt\u00e4\u00e4 muumihahmoja.\" src=\"https:\/\/www.europesays.com\/fi\/wp-content\/uploads\/2025\/08\/39-10404086384a8ea7bf07.jpeg\" loading=\"lazy\" class=\"sc-dntSTA iywpZY\"\/><\/p>\n<p>Avaa kuvien katselu<\/p>\n<p>Tove Jansson pohjasi Muumien maailman omaan perheeseens\u00e4 ja yst\u00e4v\u00e4piiriins\u00e4.  Kuva: Yle<\/p>\n<p class=\"sc-jYczwO sc-ciCoXh bUKqJd cIOueB yle__article__paragraph\">Todellinen perhehistoria on t\u00e4ynn\u00e4 synkki\u00e4 salaisuuksia ja traumoja, jotka siirtyv\u00e4t sukupolvelta toiselle.<\/p>\n<p class=\"sc-jYczwO sc-ciCoXh bUKqJd cIOueB yle__article__paragraph\">\u2013 Ihmiset yksinkertaistavat mielell\u00e4\u00e4n ja kuvittelevat, ett\u00e4 Muumiperhe on suora kopio meist\u00e4. Todellisuudessa siin\u00e4 on paljon enemm\u00e4n. Muumikirjat ovat fiktiota, mutta inspiraatio on todellista.<\/p>\n<p class=\"sc-jYczwO sc-ciCoXh bUKqJd cIOueB yle__article__paragraph\">Sophia Jansson haluaa s\u00e4ilytt\u00e4\u00e4 muistot ja kertoa perheens\u00e4 tarinan itse ennen kuin joku muu tekee sen. H\u00e4n kertoo, ett\u00e4 tutkijat ja toimittajat tunkivat yh\u00e4 syvemm\u00e4lle perheen tarinaan.<\/p>\n<p class=\"sc-jYczwO sc-ciCoXh bUKqJd cIOueB yle__article__paragraph\">\u2013 Ajattelin ett\u00e4, ehk\u00e4 minun on kuitenkin itse kerrottava t\u00e4m\u00e4 tarina, ennen kuin tulen liian vanhaksi tai unohdan asioita, h\u00e4n sanoo.<\/p>\n<p><img decoding=\"async\" alt=\"Lars Jansson, Tove Jansson, Sophia Jansson ja Signe \u201dHam\u201d Hammarsten-Jansson 1969.\" src=\"https:\/\/www.europesays.com\/fi\/wp-content\/uploads\/2025\/08\/39-151276668aea68424ee4.jpeg\" loading=\"lazy\" class=\"sc-dntSTA iywpZY\"\/><\/p>\n<p>Avaa kuvien katselu<\/p>\n<p>Kuvassa Lars Jansson, Tove Jansson, Sophia Jansson ja Signe \u201dHam\u201d Hammarsten-Jansson vuonna 1969. Kuva: Finna<\/p>\n<p>Toven arkaluonteisia kirjeit\u00e4<\/p>\n<p class=\"sc-jYczwO sc-ciCoXh bUKqJd cIOueB yle__article__paragraph\">Sophia Jansson kasvoi rakastavan is\u00e4ns\u00e4, taiteilija ja sarjakuvapiirt\u00e4j\u00e4 Lasse Janssonin kanssa. Is\u00e4 asetti tytt\u00e4rens\u00e4 etusijalle ja eli vasta my\u00f6hemmin avoimesti miehen kanssa.<\/p>\n<p class=\"sc-jYczwO sc-ciCoXh bUKqJd cIOueB yle__article__paragraph\">Kirjassa on erityist\u00e4 se, ett\u00e4 Tove Janssonin \u00e4\u00e4ni on l\u00e4sn\u00e4 aiemmin julkaisemattomien, arkaluonteista sis\u00e4lt\u00f6\u00e4 k\u00e4sittelevien kirjeiden kautta.<\/p>\n<p class=\"sc-jYczwO sc-ciCoXh bUKqJd cIOueB yle__article__paragraph\">\u2013 Kirjeet tuovat esiin Toven uuden, henkil\u00f6kohtaisemman puolen. H\u00e4nen \u00e4\u00e4nens\u00e4 on t\u00e4rke\u00e4 kertomukselleni ja antaa kokonaisuudelle syvyytt\u00e4.<\/p>\n<p class=\"sc-jYczwO sc-ciCoXh bUKqJd cIOueB yle__article__paragraph\">Kirjeet ja omat muistot ovat auttaneet Sophia Janssonia kokoamaan perheen historian palapelin. H\u00e4n yll\u00e4ttyi siit\u00e4, kuinka vaikea is\u00e4n nuoruus oli ollut \u2013 is\u00e4 ei koskaan puhunut asiasta.<\/p>\n<p class=\"sc-jYczwO sc-ciCoXh bUKqJd cIOueB yle__article__paragraph\">Iso\u00e4iti <strong class=\"sc-eEHciv gtNhAX yle__article__strong\">Signe \u201dHam\u201d Hammarsten-Jansson<\/strong> ja isois\u00e4 <strong class=\"sc-eEHciv gtNhAX yle__article__strong\">Viktor \u201dFaffan\u201dJansson<\/strong> olivat molemmat taiteilijoita. He olivat Muumimamman ja Muumipapan esikuvia. He riiteliv\u00e4t usein ja sota lis\u00e4si painetta perheess\u00e4.<\/p>\n<p class=\"sc-jYczwO sc-ciCoXh bUKqJd cIOueB yle__article__paragraph\">Herkk\u00e4 Lasse Jansson k\u00e4rsi riidoista ja sodasta. Tove Jansson huolehti veljest\u00e4\u00e4n ja auttoi h\u00e4net pois kotoa. He olivat l\u00e4heisi\u00e4 koko el\u00e4m\u00e4ns\u00e4, ja t\u00e4m\u00e4 on vaikuttanut my\u00f6s Sophia Janssonin kasvuun.<\/p>\n<p><img decoding=\"async\" alt=\"Nita Lesch, Lars Jansson ja vastasyntynyt Sophia Jansson.\" src=\"https:\/\/www.europesays.com\/fi\/wp-content\/uploads\/2025\/08\/39-151276768aea773b0800.jpeg\" loading=\"lazy\" class=\"sc-dntSTA iywpZY\"\/><\/p>\n<p>Avaa kuvien katselu<\/p>\n<p>Vanhemmat Anita Lesch ja Lars Jansson vastasyntyneen tytt\u00e4rens\u00e4 Sophian kanssa 1947. Kuva: Sophia Jansson<\/p>\n<blockquote class=\"sc-nIccd keAHcG\">\n<p class=\"sc-jYczwO sc-bUAJAs bUKqJd ezFHMz\">Oliko \u00e4iti ollut huora? Olinko min\u00e4 huoran lapsi?<\/p>\n<p class=\"sc-jYczwO sc-fdbPbf bUKqJd jCVZSR\">Sophia Jansson, kirjailija<\/p>\n<\/blockquote>\n<p>\u00c4idin vaikea lapsuus ja n\u00e4kym\u00e4tt\u00f6myys<\/p>\n<p class=\"sc-jYczwO sc-ciCoXh bUKqJd cIOueB yle__article__paragraph\">Mutta miss\u00e4 on h\u00e4nen \u00e4itins\u00e4? T\u00e4t\u00e4 kysymyst\u00e4 ovat Tove Janssonin Kes\u00e4kirjan (1972) lukijat pohtineet yli viisikymment\u00e4 vuotta. Kirjassa kuvataan Sophia Janssonia ja iso\u00e4iti Signe Hammarsten-Janssonia Pellingin saarella, Lasse Jansson on sivuroolissa.<\/p>\n<p class=\"sc-jYczwO sc-ciCoXh bUKqJd cIOueB yle__article__paragraph\">Kes\u00e4kirja nousi hiljattain uudelleen huomioon <a class=\"sc-jDJeIs gotUgl yle__article__link\" href=\"https:\/\/yle.fi\/a\/74-20124828\" role=\"link\" rel=\"nofollow noopener\" target=\"_blank\">Hollywood-elokuvan<\/a> my\u00f6t\u00e4, jossa <strong class=\"sc-eEHciv gtNhAX yle__article__strong\">Glenn Close<\/strong> esitt\u00e4\u00e4 iso\u00e4iti\u00e4.<\/p>\n<p class=\"sc-jYczwO sc-ciCoXh bUKqJd cIOueB yle__article__paragraph\">Sophia Janssonin \u00e4iti puuttuu my\u00f6s Muumilaakson hahmoista, toisin kuin monet muut perheen l\u00e4hipiirin henkil\u00f6t.<\/p>\n<p class=\"sc-jYczwO sc-ciCoXh bUKqJd cIOueB yle__article__paragraph\">\u00c4iti, <strong class=\"sc-eEHciv gtNhAX yle__article__strong\">Anita \u201dNita\u201d Lesch<\/strong>, eli dramaattisen ja vaikean el\u00e4m\u00e4n. H\u00e4nen kohtalonsa on j\u00e4tt\u00e4nyt syvi\u00e4 j\u00e4lki\u00e4 Sophia Janssonin perhehistoriaan.<\/p>\n<p class=\"sc-jYczwO sc-ciCoXh bUKqJd cIOueB yle__article__paragraph\">Leschin \u00e4iti hylk\u00e4si h\u00e4net vauvana, mink\u00e4 j\u00e4lkeen h\u00e4n kasvoi lastenkodissa ja joutui teini-i\u00e4ss\u00e4 prostituoiduksi.<\/p>\n<p class=\"sc-jYczwO sc-ciCoXh bUKqJd cIOueB yle__article__paragraph\">Sophia Jansson kuvaa, kuinka vaikeaa oli hyv\u00e4ksy\u00e4 totuus \u00e4itins\u00e4 el\u00e4m\u00e4st\u00e4 ja miten se vaikutti h\u00e4nen omaan min\u00e4kuvaansa: \u201dOliko \u00e4iti ollut huora? Olinko min\u00e4 huoran lapsi?\u201d h\u00e4n kysyy kirjassa.<\/p>\n<p><img decoding=\"async\" alt=\"Sophia Jansson \u00e4itins\u00e4 Anita &quot;Nita&quot; Leschin kanssa Klovharunilla. \" src=\"https:\/\/www.europesays.com\/fi\/wp-content\/uploads\/2025\/08\/39-151276568aea44214bfb.jpeg\" loading=\"lazy\" class=\"sc-dntSTA iywpZY\"\/><\/p>\n<p>Avaa kuvien katselu<\/p>\n<p>Sophia Jansson \u00e4itins\u00e4 Anita &#8221;Nita&#8221; Leschin kanssa Tove Janssonin Klovharun-saaressa. Kuva: Sophia Jansson<\/p>\n<p>Vapaa piiri \u2013 ja todelliset Tiuhti, Viuhti ja Tuu-tikki<\/p>\n<p class=\"sc-jYczwO sc-ciCoXh bUKqJd cIOueB yle__article__paragraph\">Anita \u201dNita\u201d Lesch oli lahjakas laulaja, joka liikkui 1900-luvun puoliv\u00e4lin vapaissa taiteilija- ja seurapiireiss\u00e4. Niiss\u00e4 rikottiin yhteiskunnan tiukkoja moraalik\u00e4sityksi\u00e4 ja elettiin omilla ehdoilla.<\/p>\n<p class=\"sc-jYczwO sc-ciCoXh bUKqJd cIOueB yle__article__paragraph\">Anita Leschill\u00e4 oli naissuhteita, muun muassa uraauurtavan teatterinjohtaja <strong class=\"sc-eEHciv gtNhAX yle__article__strong\">Vivica Bandlerin<\/strong> kanssa. Bandler antoi Leschin asua perheens\u00e4 seurapiiritalossa Ullanlinnassa, vaikka oli itse samaan aikaan naimisissa miehen kanssa.<\/p>\n<p class=\"sc-jYczwO sc-ciCoXh bUKqJd cIOueB yle__article__paragraph\">Bandler tunnettiin my\u00f6s l\u00e4heisest\u00e4 yhteisty\u00f6st\u00e4\u00e4n ja salaisesta rakkaussuhteestaan Tove Janssonin kanssa.<\/p>\n<p class=\"sc-jYczwO sc-ciCoXh bUKqJd cIOueB yle__article__paragraph\">Anita Lesch kuului samaan yst\u00e4v\u00e4piiriin <strong class=\"sc-eEHciv gtNhAX yle__article__strong\">Tove Janssonin<\/strong> ja h\u00e4nen kumppaninsa <strong class=\"sc-eEHciv gtNhAX yle__article__strong\">Tuulikki Pietil\u00e4n<\/strong> kanssa. Heid\u00e4n innoittaminaan Tove loi Muumikirjoihin Tiuhdin (Jansson), Viuhdin (Bandler) ja Tuu-tikin (Pietil\u00e4).<\/p>\n<p class=\"sc-jYczwO sc-ciCoXh bUKqJd cIOueB yle__article__paragraph\">Vaikka piireiss\u00e4 vallitsi suvaitsevaisuus ja vapaus, Lesch kamppaili syvien alkoholi- ja mielenterveysongelmien kanssa. Menneisyyden haavat olivat niin syv\u00e4t, ett\u00e4 h\u00e4n uhkasi tehd\u00e4 itsemurhan.<\/p>\n<p><img decoding=\"async\" alt=\"Vivica Bandler 1979.\" src=\"https:\/\/www.europesays.com\/fi\/wp-content\/uploads\/2025\/08\/14-svyle-3242855891e4881e656.jpeg\" loading=\"lazy\" class=\"sc-dntSTA iywpZY\"\/><\/p>\n<p>Avaa kuvien katselu<\/p>\n<p>Vivica Bandler perusti nyky\u00e4\u00e4n Helsingin kaupunginteatteriin kuuluvan Lilla Teaternin ja toimi my\u00f6s Tukholman kaupunginteatterin sek\u00e4 Tampereen Teatterikes\u00e4n johtajana. Kuva: Juhani Marttila\/Yle<\/p>\n<p class=\"sc-jYczwO sc-ciCoXh bUKqJd cIOueB yle__article__paragraph\">Kun Tove Jansson alkoi kirjoittaa Muumikirjoja vuonna 1945, homoseksuaalisuus oli laitonta ja vahva tabu. Suomessa se oli rikos vuoteen 1971 asti. Sophia Jansson korostaa, ett\u00e4 sodan j\u00e4lkeen t\u00e4rke\u00e4mp\u00e4\u00e4 oli selviytyminen ja l\u00e4heisten suojeleminen kuin seksuaalisuudesta puhuminen.<\/p>\n<p class=\"sc-jYczwO sc-ciCoXh bUKqJd cIOueB yle__article__paragraph\">Kun Tove Jansson aloitti kirjoittamisen, vallitseva kertomus oli sodan tuhoama maailma.<\/p>\n<p class=\"sc-jYczwO sc-ciCoXh bUKqJd cIOueB yle__article__paragraph\">\u2013 Sit\u00e4 Tove oikeastaan kuvaa Muumikirjoissa \u2013 universumia, jossa kaikki haluaisivat asua, turvapaikkaa.<\/p>\n<p class=\"sc-jYczwO sc-ciCoXh bUKqJd cIOueB yle__article__paragraph\">Sophia Janssonin mukaan Muumikirjat korostavat yh\u00e4 l\u00e4himm\u00e4isen kunnioitusta, erilaisuuden hyv\u00e4ksymist\u00e4 ja tilan antamista kaikille \u2013 arvoja, jotka kumpuavat h\u00e4nen oman perheens\u00e4 taustasta.<\/p>\n<p><img decoding=\"async\" alt=\"Vaalea nainen istuu rappuk\u00e4yt\u00e4v\u00e4ss\u00e4 kuvitetun sein\u00e4n edess\u00e4.\" src=\"https:\/\/www.europesays.com\/fi\/wp-content\/uploads\/2025\/08\/39-151249768ada6e2910cc.jpeg\" loading=\"lazy\" class=\"sc-dntSTA iywpZY\"\/><\/p>\n<p>Avaa kuvien katselu<\/p>\n<p>Syd\u00e4meni s\u00e4rkyy ajatellessani pient\u00e4 lasta, joka rakastaa vanhempaansa, mutta menett\u00e4\u00e4 t\u00e4m\u00e4n rakkauden, Sophia Jansson sanoo. Kuva: Atte Henriksson \/ Yle<\/p>\n<p class=\"sc-jYczwO sc-ciCoXh bUKqJd cIOueB yle__article__paragraph\">Sophia Janssonin suurin trauma on \u00e4idin katoaminen ja kuolema tytt\u00e4ren ollessa kuusivuotias. \u00c4iti, joka oli uhannut tehd\u00e4 itsemurhan, katosi er\u00e4\u00e4n\u00e4 p\u00e4iv\u00e4n\u00e4. Sophia Jansson syytti siit\u00e4 itse\u00e4\u00e4n.<\/p>\n<p class=\"sc-jYczwO sc-ciCoXh bUKqJd cIOueB yle__article__paragraph\">H\u00e4n muistaa erityisesti kerran, kun \u00e4iti suuttui, koska Sophia Jansson ei l\u00f6yt\u00e4nyt wc-paperia.<\/p>\n<p class=\"sc-jYczwO sc-ciCoXh bUKqJd cIOueB yle__article__paragraph\">Is\u00e4 vaikeni \u00e4idin katoamisesta ja kuolemasta.<\/p>\n<p class=\"sc-jYczwO sc-ciCoXh bUKqJd cIOueB yle__article__paragraph\">\u2013 Syd\u00e4meni s\u00e4rkyy ajatellessani pient\u00e4 lasta, joka rakastaa vanhempaansa, mutta menett\u00e4\u00e4 t\u00e4m\u00e4n rakkauden \u2013 oli vanhempi sitten alkoholisti, mielenterveysongelmainen tai poissaoleva.<\/p>\n<p class=\"sc-jYczwO sc-ciCoXh bUKqJd cIOueB yle__article__paragraph\">Sophia Jansson haluaisi sanoa itselleen lapsena: Kaikki ei ole sinun syyt\u00e4si. H\u00e4n on usein pohtinut, miten traumat ja vaikenemisen kulttuuri ovat vaikuttaneet h\u00e4neen.<\/p>\n<p class=\"sc-jYczwO sc-ciCoXh bUKqJd cIOueB yle__article__paragraph\">\u2013 Kun itse tulin \u00e4idiksi, olisin mielell\u00e4ni saanut oman \u00e4itini tuekseni.<\/p>\n<p><img decoding=\"async\" alt=\"Lars Jansson ja Tove Jansson 1947.\" src=\"https:\/\/www.europesays.com\/fi\/wp-content\/uploads\/2025\/08\/39-151276868aea800daeee.jpeg\" loading=\"lazy\" class=\"sc-dntSTA iywpZY\"\/><\/p>\n<p>Avaa kuvien katselu<\/p>\n<p>Lars Jansson ja Tove Jansson haaveilivat muuttavansa Tongan saaristoon 1940-luvulla. Kuusikymppisen\u00e4 Sophia Jansson toteutti is\u00e4ns\u00e4 ja t\u00e4tins\u00e4 haaveen matkasta Tongalle. Kuva: Sophia Jansson<img decoding=\"async\" alt=\"Tove Jansson ja Tuulikki Pietil\u00e4 veneess\u00e4 Klovharunin edustalla.\" src=\"https:\/\/www.europesays.com\/fi\/wp-content\/uploads\/2025\/08\/14-svyle-177147537e428f321dc.jpeg\" loading=\"lazy\" class=\"sc-dntSTA iywpZY\"\/><\/p>\n<p>Avaa kuvien katselu<\/p>\n<p>Kirjan kolme saarta viittaavat lapsuuden Pellinkiin, Ibizaan, jossa Sophia Jansson asui lapsena, sek\u00e4 Tongan saaristoon Tyynell\u00e4merell\u00e4 \u2013 paikkaan, jonne Lasse ja Tove Jansson haaveilivat muuttavansa yhdess\u00e4. Kuva: \u00a9 Moomin Characters\u2122.<\/p>\n<p>Ymm\u00e4rt\u00e4minen ja anteeksianto \u2013 kirjan sanoma<\/p>\n<p class=\"sc-jYczwO sc-ciCoXh bUKqJd cIOueB yle__article__paragraph\">Sophia Jansson haluaa kirjallaan osoittaa, ettei el\u00e4m\u00e4 aina noudata tietty\u00e4 kaavaa. H\u00e4n uskoo, ett\u00e4 kirja voi auttaa muita ymm\u00e4rt\u00e4m\u00e4\u00e4n omaa el\u00e4m\u00e4\u00e4ns\u00e4 ja huomaamaan, ettei kaikki mene suunnitelmien mukaan.<\/p>\n<p class=\"sc-jYczwO sc-ciCoXh bUKqJd cIOueB yle__article__paragraph\">Kirjoittaminen oman perheen vaikeista kokemuksista on ristiriitaista. Sophia Jansson uskoo, ett\u00e4 Tove ja Lasse Jansson arvostaisivat h\u00e4nen rehellisyytt\u00e4\u00e4n.<\/p>\n<p class=\"sc-jYczwO sc-ciCoXh bUKqJd cIOueB yle__article__paragraph\">\u2013 Toivon, ett\u00e4 he olisivat iloisia siit\u00e4, ett\u00e4 olen pohtinut lapsuuttani ja yritt\u00e4nyt ymm\u00e4rt\u00e4\u00e4 historiaamme.<\/p>\n<p>Sophia Jansson<\/p>\n<ul class=\"sc-dMmcxd iwejNa yle__article__list yle__article__list--ul\">\n<li class=\"sc-fGqoZs ftBuqH\">Sophia Jansson on Tove Janssonin veljentyt\u00e4r ja Moomin Charactersin hallituksen puheenjohtaja.<\/li>\n<li class=\"sc-fGqoZs ftBuqH\">H\u00e4nen uusi kirjansa Kolme saarta. Is\u00e4, \u00e4iti ja min\u00e4. (Siltala 2025) k\u00e4sittelee Janssonin perhett\u00e4.<\/li>\n<li class=\"sc-fGqoZs ftBuqH\">Tove Jansson (1914\u20132001) oli maailmanlaajuisesti tunnettu suomenruotsalainen kirjailija ja taiteilija.<\/li>\n<li class=\"sc-fGqoZs ftBuqH\">H\u00e4n loi Muumit, joista tuli rakastettu osa Suomen kansainv\u00e4list\u00e4 ja suomenruotsalaista kulttuurikuvaa.<\/li>\n<li class=\"sc-fGqoZs ftBuqH\">Lars Jansson, Toven veli, jatkoi Toven sarjakuvien tekemist\u00e4 ja k\u00e4sikirjoituksia.<\/li>\n<\/ul>\n","protected":false},"excerpt":{"rendered":"\u00c4iti ja is\u00e4 olivat homoseksuaaleja \u2013 ei ole itsest\u00e4\u00e4n selv\u00e4\u00e4, ett\u00e4 Sophia Jansson olisi ylip\u00e4\u00e4t\u00e4\u00e4n syntynyt. Mutta Janssonin&hellip;\n","protected":false},"author":2,"featured_media":21317,"comment_status":"","ping_status":"","sticky":false,"template":"","format":"standard","meta":{"footnotes":""},"categories":[134],"tags":[377,137,33,31,30,7300,101,381,7297,379,378,108,7294,6992,399,5454,7295,7293,7296,32,565,7299,109,7298],"class_list":{"0":"post-21316","1":"post","2":"type-post","3":"status-publish","4":"format-standard","5":"has-post-thumbnail","7":"category-kirjat","8":"tag-books","9":"tag-entertainment","10":"tag-fi","11":"tag-finland","12":"tag-finnish","13":"tag-homoseksuaalisuus","14":"tag-ihmissuhteet","15":"tag-kaunokirjallisuus","16":"tag-kesakirja","17":"tag-kirjallisuus","18":"tag-kirjat","19":"tag-kulttuuri","20":"tag-lars-jansson","21":"tag-muumi-kirjat","22":"tag-muumit","23":"tag-perheet","24":"tag-sarjakuvataiteilijat","25":"tag-sophia-jansson","26":"tag-suomalainen-kulttuuri","27":"tag-suomi","28":"tag-tove-jansson","29":"tag-tuulikki-pietila","30":"tag-viihde","31":"tag-vivica-bandler"},"share_on_mastodon":{"url":"","error":""},"_links":{"self":[{"href":"https:\/\/www.europesays.com\/fi\/wp-json\/wp\/v2\/posts\/21316","targetHints":{"allow":["GET"]}}],"collection":[{"href":"https:\/\/www.europesays.com\/fi\/wp-json\/wp\/v2\/posts"}],"about":[{"href":"https:\/\/www.europesays.com\/fi\/wp-json\/wp\/v2\/types\/post"}],"author":[{"embeddable":true,"href":"https:\/\/www.europesays.com\/fi\/wp-json\/wp\/v2\/users\/2"}],"replies":[{"embeddable":true,"href":"https:\/\/www.europesays.com\/fi\/wp-json\/wp\/v2\/comments?post=21316"}],"version-history":[{"count":0,"href":"https:\/\/www.europesays.com\/fi\/wp-json\/wp\/v2\/posts\/21316\/revisions"}],"wp:featuredmedia":[{"embeddable":true,"href":"https:\/\/www.europesays.com\/fi\/wp-json\/wp\/v2\/media\/21317"}],"wp:attachment":[{"href":"https:\/\/www.europesays.com\/fi\/wp-json\/wp\/v2\/media?parent=21316"}],"wp:term":[{"taxonomy":"category","embeddable":true,"href":"https:\/\/www.europesays.com\/fi\/wp-json\/wp\/v2\/categories?post=21316"},{"taxonomy":"post_tag","embeddable":true,"href":"https:\/\/www.europesays.com\/fi\/wp-json\/wp\/v2\/tags?post=21316"}],"curies":[{"name":"wp","href":"https:\/\/api.w.org\/{rel}","templated":true}]}}