{"id":21318,"date":"2025-08-31T05:33:11","date_gmt":"2025-08-31T05:33:11","guid":{"rendered":"https:\/\/www.europesays.com\/fi\/21318\/"},"modified":"2025-08-31T05:33:11","modified_gmt":"2025-08-31T05:33:11","slug":"voisin-potkaista-niita-idiootteja-munille-sebastian-bach-ojentaa-hanta-kritisoivia-laulunopettajia","status":"publish","type":"post","link":"https:\/\/www.europesays.com\/fi\/21318\/","title":{"rendered":"Voisin potkaista niit\u00e4 idiootteja munille&#8221; \u2013 Sebastian Bach ojentaa h\u00e4nt\u00e4 kritisoivia &#8221;laulunopettajia"},"content":{"rendered":"<p>Yhdysvaltalaisen <strong>Skid Row\u2019n<\/strong> entinen laulaja <strong>Sebastian Bach<\/strong> antoi taannoin <a href=\"https:\/\/www.youtube.com\/@SpotlightReport\" target=\"_blank\" rel=\"noreferrer noopener nofollow\">Spotlight Reportin<\/a> haastattelussa reipasta palautetta internetiss\u00e4 muiden laulusuorituksia arvioiville, itse\u00e4\u00e4n laulunopettajiksi tai muiksi \u00e4\u00e4nenk\u00e4yt\u00f6n asiantuntijoiksi tituleeraaville tahoille.<\/p>\n<p>\u2013 Youtube on hulvaton. Itse\u00e4\u00e4n \u201c\u00e4\u00e4nenk\u00e4yt\u00f6n asiantuntijoiksi\u201d kutsuvat idiootit katsovat videoita minusta juoksentelemassa lavalla helteess\u00e4 ilman paitaa, istuvat tuoleissaan ja v\u00e4itt\u00e4v\u00e4t pystyv\u00e4ns\u00e4 samaan. Te ette pysty tekem\u00e4\u00e4n paskaakaan.<\/p>\n<p>Lue my\u00f6s: <a href=\"https:\/\/www.inferno.fi\/uutiset\/en-ole-viela-hyvaksynyt-ozzyn-kuolemaa-sebastian-bach-kertoo-teeskentelevansa-etta-ozzy-osbourne-on-yha-taalla\/\" title=\"\u201dEn ole viel\u00e4 hyv\u00e4ksynyt Ozzyn kuolemaa\u201d \u2013 Sebastian Bach kertoo teeskentelev\u00e4ns\u00e4, ett\u00e4 Ozzy Osbourne on yh\u00e4 t\u00e4\u00e4ll\u00e4\" class=\"underline-custom !font-montserrat !font-bold !underline-offset-4 !decoration-4 !decoration-red-600 !text-md\" rel=\"nofollow noopener\" target=\"_blank\">\u201dEn ole viel\u00e4 hyv\u00e4ksynyt Ozzyn kuolemaa\u201d \u2013 Sebastian Bach kertoo teeskentelev\u00e4ns\u00e4, ett\u00e4 Ozzy Osbourne on yh\u00e4 t\u00e4\u00e4ll\u00e4<\/a><\/p>\n<p>Lue my\u00f6s: <a href=\"https:\/\/www.inferno.fi\/uutiset\/en-tajua-tiktokia-sebastian-bachia-korventaa-internetin-nykymeininki\/\" title=\"\u201dEn tajua Tiktokia\u201d \u2013 Sebastian Bachia korventaa internetin nykymeininki\" class=\"underline-custom !font-montserrat !font-bold !underline-offset-4 !decoration-4 !decoration-red-600 !text-md\" rel=\"nofollow noopener\" target=\"_blank\">\u201dEn tajua Tiktokia\u201d \u2013 Sebastian Bachia korventaa internetin nykymeininki<\/a><\/p>\n<p>\u2013 Ei lavalla lauleta vain yht\u00e4 nuottia, vaan haasteena on pysty\u00e4 laulamaan koko I Remember You ja sen lopussa oleva huuto, johon t\u00e4ytyy olla valmis. Teill\u00e4 ei ole aavistustakaan siit\u00e4, mit\u00e4 teen.<\/p>\n<p>\u2013 Laulakaa koko laulu ja sen lopussa oleva huuto helteess\u00e4, nukkumatta, jet lagissa. Minua huvittaa, kun tyypit kuvittelevat tiet\u00e4v\u00e4ns\u00e4, mit\u00e4 on nousta lavalle ja rokata puolitoista-kaksi tuntia. Se on kuoleva taidemuoto.<\/p>\n<p>Lue my\u00f6s: <a href=\"https:\/\/www.inferno.fi\/uutiset\/lensimme-ulos-koska-dimebag-veti-happoa-ja-puukotti-sohvaa-sebastian-bach-muistelee-kiertuetta-panteran-kanssa\/\" title=\"\u201dLensimme ulos, koska Dimebag veti happoa ja puukotti sohvaa\u201d \u2013 Sebastian Bach muistelee kiertuetta Panteran kanssa\" class=\"underline-custom !font-montserrat !font-bold !underline-offset-4 !decoration-4 !decoration-red-600 !text-md\" rel=\"nofollow noopener\" target=\"_blank\">\u201dLensimme ulos, koska Dimebag veti happoa ja puukotti sohvaa\u201d \u2013 Sebastian Bach muistelee kiertuetta Panteran kanssa<\/a><\/p>\n<p>Lue my\u00f6s: <a href=\"https:\/\/www.inferno.fi\/uutiset\/skid-rown-ja-sebastian-bachin-yhteenpaluu-oli-todella-lahella-muutama-vuosi-sitten-sitten-luin-netista-sen-uutisen\/\" title=\"Skid Row\u2019n ja Sebastian Bachin yhteenpaluu oli todella l\u00e4hell\u00e4 muutama vuosi sitten \u2013 \u201dSitten luin netist\u00e4 sen uutisen\u2026\u201d\" class=\"underline-custom !font-montserrat !font-bold !underline-offset-4 !decoration-4 !decoration-red-600 !text-md\" rel=\"nofollow noopener\" target=\"_blank\">Skid Row\u2019n ja Sebastian Bachin yhteenpaluu oli todella l\u00e4hell\u00e4 muutama vuosi sitten \u2013 \u201dSitten luin netist\u00e4 sen uutisen\u2026\u201d<\/a><\/p>\n<p>\u2013 Et voi istua ilmastoidussa olohuoneessasi Youtuben \u00e4\u00e4ress\u00e4 ja kuvitella tiet\u00e4v\u00e4si, millaista on tehd\u00e4 sit\u00e4 joka ilta. Se ei ole fyysisesti tai henkisesti helppoa.<\/p>\n<p>\u2013 Voisin potkaista noita niin kutsuttuja \u201casiantuntijoita\u201d suoraan munille. \u00c4l\u00e4 kuvittele ilmastoidussa kellarissasi tiet\u00e4v\u00e4si, mit\u00e4 minunlaiseni j\u00e4tk\u00e4t tekev\u00e4t.<\/p>\n<p><img loading=\"lazy\" decoding=\"async\" alt=\"YouTube video\" width=\"480\" height=\"360\" data-pin-nopin=\"true\" nopin=\"nopin\" class=\"perfmatters-lazy\" src=\"https:\/\/www.europesays.com\/fi\/wp-content\/uploads\/2025\/08\/1756369988_703_hqdefault.jpg\"\/><\/p>\n","protected":false},"excerpt":{"rendered":"Yhdysvaltalaisen Skid Row\u2019n entinen laulaja Sebastian Bach antoi taannoin Spotlight Reportin haastattelussa reipasta palautetta internetiss\u00e4 muiden laulusuorituksia arvioiville,&hellip;\n","protected":false},"author":2,"featured_media":21319,"comment_status":"","ping_status":"","sticky":false,"template":"","format":"standard","meta":{"footnotes":""},"categories":[132],"tags":[137,33,31,30,4697,7301,7302,195,47,32,109],"class_list":{"0":"post-21318","1":"post","2":"type-post","3":"status-publish","4":"format-standard","5":"has-post-thumbnail","7":"category-musiikki","8":"tag-entertainment","9":"tag-fi","10":"tag-finland","11":"tag-finnish","12":"tag-kritiikki","13":"tag-laulunopettaja","14":"tag-munille","15":"tag-music","16":"tag-musiikki","17":"tag-suomi","18":"tag-viihde"},"share_on_mastodon":{"url":"","error":""},"_links":{"self":[{"href":"https:\/\/www.europesays.com\/fi\/wp-json\/wp\/v2\/posts\/21318","targetHints":{"allow":["GET"]}}],"collection":[{"href":"https:\/\/www.europesays.com\/fi\/wp-json\/wp\/v2\/posts"}],"about":[{"href":"https:\/\/www.europesays.com\/fi\/wp-json\/wp\/v2\/types\/post"}],"author":[{"embeddable":true,"href":"https:\/\/www.europesays.com\/fi\/wp-json\/wp\/v2\/users\/2"}],"replies":[{"embeddable":true,"href":"https:\/\/www.europesays.com\/fi\/wp-json\/wp\/v2\/comments?post=21318"}],"version-history":[{"count":0,"href":"https:\/\/www.europesays.com\/fi\/wp-json\/wp\/v2\/posts\/21318\/revisions"}],"wp:featuredmedia":[{"embeddable":true,"href":"https:\/\/www.europesays.com\/fi\/wp-json\/wp\/v2\/media\/21319"}],"wp:attachment":[{"href":"https:\/\/www.europesays.com\/fi\/wp-json\/wp\/v2\/media?parent=21318"}],"wp:term":[{"taxonomy":"category","embeddable":true,"href":"https:\/\/www.europesays.com\/fi\/wp-json\/wp\/v2\/categories?post=21318"},{"taxonomy":"post_tag","embeddable":true,"href":"https:\/\/www.europesays.com\/fi\/wp-json\/wp\/v2\/tags?post=21318"}],"curies":[{"name":"wp","href":"https:\/\/api.w.org\/{rel}","templated":true}]}}