{"id":21339,"date":"2025-08-31T06:03:10","date_gmt":"2025-08-31T06:03:10","guid":{"rendered":"https:\/\/www.europesays.com\/fi\/21339\/"},"modified":"2025-08-31T06:03:10","modified_gmt":"2025-08-31T06:03:10","slug":"kovan-kritiikin-kohteeksi-joutuneen-sarjan-kohtalo-selvisi-ei-jatkoa","status":"publish","type":"post","link":"https:\/\/www.europesays.com\/fi\/21339\/","title":{"rendered":"Kovan kritiikin kohteeksi joutuneen sarjan kohtalo selvisi: Ei jatkoa"},"content":{"rendered":"<p>Naapurin poika kertoo hebefiliasta. <\/p>\n<p><img decoding=\"async\" class=\"image image-show image-preview\" src=\"https:\/\/www.europesays.com\/fi\/wp-content\/uploads\/2025\/08\/5d3f09baee2c5ad4ce2048e4901df4ea6e7acef30570e8d62f95d3b6d3c6e231.jpg\" alt=\"\"\/><img decoding=\"async\" class=\"image image-show\" src=\"https:\/\/www.europesays.com\/fi\/wp-content\/uploads\/2025\/08\/1756620190_489_5d3f09baee2c5ad4ce2048e4901df4ea6e7acef30570e8d62f95d3b6d3c6e231.jpg\" alt=\"\"\/><\/p>\n<p>Rasmus Sl\u00e4tis n\u00e4yttelee Silas Rosenbackia ja Sannah Nederg\u00e5rd Linn\u00e9a Krookia. Yle, Jan-Niclas Jansson<\/p>\n<p class=\"paragraph\">Kovan kritiikin kohteeksi joutuneesta sarjasta n\u00e4hd\u00e4\u00e4n t\u00e4n\u00e4\u00e4n TV1:ll\u00e4 p\u00e4\u00e4t\u00f6sjakso.<\/p>\n<p class=\"paragraph\">Naapurin pojassa aikuinen mies tuntee seksuaalista vetoa esiteini-ik\u00e4isi\u00e4 tytt\u00f6j\u00e4 kohtaan. Tabuaihe on her\u00e4tt\u00e4nyt kiivasta keskustelua Ylen somessa. Iltalehti on kertonut jo aiemmin, ett\u00e4 <a href=\"https:\/\/www.iltalehti.fi\/tv-ja-leffat\/d13520b8-ba60-4586-85fd-7ba7c55c8056\" rel=\"nofollow noopener\" target=\"_blank\">Yle on joutunut puuttumaan keskustelijoiden kielenk\u00e4ytt\u00f6\u00f6n<\/a>. Lis\u00e4ksi Yle on kiist\u00e4nyt, ett\u00e4 ohjelmalla yritett\u00e4isiin normalisoida pedofiliaa. Tarkoituksena on rikkoa hiljaisuutta vaikean aiheen ymp\u00e4rill\u00e4 ja tuoda tietosuutta.<\/p>\n<p class=\"paragraph\">Somekeskusteluissa moni on muistuttanut, ett\u00e4 ymm\u00e4rt\u00e4minen ja hyv\u00e4ksyminen ovat kaksi eri asiaa.<\/p>\n<p class=\"paragraph\">\u2013\u2009Asiantuntijoiden mukaan suurempi avoimuus voi pitk\u00e4ll\u00e4 t\u00e4ht\u00e4imell\u00e4 ehk\u00e4ist\u00e4 lapsiin kohdistuvia rikoksia, koska se osaltaan edist\u00e4\u00e4 pedofiilien ja hebefiliien hakeutumista avun piiriin, Yle on kommentoinut.<\/p>\n<p class=\"paragraph\">Pedofiilin seksuaalinen kiinnostus kohdistuu lapsiin, joiden murrosik\u00e4 ei ole viel\u00e4 alkanut. Hebefiliassa kohteena ovat itse\u00e4 selv\u00e4sti nuoremmat, juuri murrosi\u00e4n saavuttaneet lapset.<\/p>\n<p>Linn\u00e9a ei koskaan kertonut Antonin \u00e4idin painostuksen vuoksi, mit\u00e4 h\u00e4nen ja Antonin v\u00e4lill\u00e4 tapahtui.  Yle<\/p>\n<p class=\"paragraph\">Pelkk\u00e4\u00e4 kuraa Yle ei ole saanut aihevalinnasta niskaansa. Katsojien joukossa on niit\u00e4kin, joiden mielipide on muuttunut sarjan edetess\u00e4. Yksi heist\u00e4 on <strong>Reijo<\/strong>.<\/p>\n<p class=\"paragraph\">\u2013\u2009Aluksi nousivat karvat pystyyn, kun katsoin ensimm\u00e4ist\u00e4 jaksoa. Mutta mit\u00e4 enemm\u00e4n sarjaa katsoin, sen paremmin ymm\u00e4rsin. Todella taitavasti tehty, kannattaa katsoa loppuun asti. V\u00e4h\u00e4n j\u00e4in kaipaamaan, ett\u00e4 miten t\u00e4st\u00e4 eteenp\u00e4in? Tuleeko jatkoa?<\/p>\n<p class=\"paragraph\">H\u00e4nelle on vastattu Areenan <a href=\"https:\/\/www.facebook.com\/yleareena\" target=\"_blank\" rel=\"noopener nofollow\">Facebookissa<\/a>.<\/p>\n<p class=\"paragraph\">\u2013\u2009N\u00e4ill\u00e4 n\u00e4kymin sarja olisi j\u00e4\u00e4m\u00e4ss\u00e4 minisarjaksi, eli toinen kausi ei ole suunnitteilla.<\/p>\n<p>Mets\u00e4ss\u00e4 tapahtui jotain parikymment\u00e4 vuotta sitten. Nyt siell\u00e4 k\u00e4yd\u00e4\u00e4n vakava keskustelu. Yle<\/p>\n<p class=\"paragraph\">Viimeisess\u00e4 jaksossa toimittaja Linn\u00e9a Krook ja h\u00e4nen lapsuutensa ensirakkaus, viisi vuotta vanhempi Anton St\u00e9n \u2013 eli Silas Rosenback \u2013 vihdoin kohtaavat kunnolla. K\u00e4y ilmi, ett\u00e4 tuolloin 12-vuotias Linn\u00e9a oli my\u00f6s Antonin ensirakkaus, ik\u00e4erosta huolimatta. Aikuisena Silaksena Anton on perustanut perheen Marian kanssa. Maria ei ole tietoinen miehens\u00e4 hebefiliasta, ennen kuin pariskunnan pojan kaveri, 13-vuotias Caroline kertoo h\u00e4nelle Silaksen puheista. H\u00e4n on kertonut haluavansa suudella tytt\u00f6\u00e4. Tyt\u00f6n \u00e4iti aikoo tehd\u00e4 rikosilmoituksen.<\/p>\n<p>Beatrice-\u00e4iti pit\u00e4\u00e4 poikansa puolta loppuun asti. Yle<\/p>\n<p class=\"paragraph\">Naapurin poika t\u00e4n\u00e4\u00e4n TV1:ll\u00e4 kello 21.00 &amp; Areenassa. <a href=\"https:\/\/www.iltalehti.fi\/telkku\/\" rel=\"nofollow noopener\" target=\"_blank\">Katso kaikki\u00a0TV-ohjelmat ja l\u00e4hetysajat Telkun TV-oppaasta<\/a>.<\/p>\n","protected":false},"excerpt":{"rendered":"Naapurin poika kertoo hebefiliasta. Rasmus Sl\u00e4tis n\u00e4yttelee Silas Rosenbackia ja Sannah Nederg\u00e5rd Linn\u00e9a Krookia. Yle, Jan-Niclas Jansson Kovan&hellip;\n","protected":false},"author":2,"featured_media":21340,"comment_status":"","ping_status":"","sticky":false,"template":"","format":"standard","meta":{"footnotes":""},"categories":[130],"tags":[35,137,33,31,30,101,99,100,98,32,102,109],"class_list":{"0":"post-21339","1":"post","2":"type-post","3":"status-publish","4":"format-standard","5":"has-post-thumbnail","7":"category-viihde","8":"tag-24h","9":"tag-entertainment","10":"tag-fi","11":"tag-finland","12":"tag-finnish","13":"tag-ihmissuhteet","14":"tag-lapset","15":"tag-lapset-ja-nuoret","16":"tag-perhe","17":"tag-suomi","18":"tag-vanhemmat","19":"tag-viihde"},"share_on_mastodon":{"url":"","error":""},"_links":{"self":[{"href":"https:\/\/www.europesays.com\/fi\/wp-json\/wp\/v2\/posts\/21339","targetHints":{"allow":["GET"]}}],"collection":[{"href":"https:\/\/www.europesays.com\/fi\/wp-json\/wp\/v2\/posts"}],"about":[{"href":"https:\/\/www.europesays.com\/fi\/wp-json\/wp\/v2\/types\/post"}],"author":[{"embeddable":true,"href":"https:\/\/www.europesays.com\/fi\/wp-json\/wp\/v2\/users\/2"}],"replies":[{"embeddable":true,"href":"https:\/\/www.europesays.com\/fi\/wp-json\/wp\/v2\/comments?post=21339"}],"version-history":[{"count":0,"href":"https:\/\/www.europesays.com\/fi\/wp-json\/wp\/v2\/posts\/21339\/revisions"}],"wp:featuredmedia":[{"embeddable":true,"href":"https:\/\/www.europesays.com\/fi\/wp-json\/wp\/v2\/media\/21340"}],"wp:attachment":[{"href":"https:\/\/www.europesays.com\/fi\/wp-json\/wp\/v2\/media?parent=21339"}],"wp:term":[{"taxonomy":"category","embeddable":true,"href":"https:\/\/www.europesays.com\/fi\/wp-json\/wp\/v2\/categories?post=21339"},{"taxonomy":"post_tag","embeddable":true,"href":"https:\/\/www.europesays.com\/fi\/wp-json\/wp\/v2\/tags?post=21339"}],"curies":[{"name":"wp","href":"https:\/\/api.w.org\/{rel}","templated":true}]}}