{"id":21341,"date":"2025-08-31T06:06:08","date_gmt":"2025-08-31T06:06:08","guid":{"rendered":"https:\/\/www.europesays.com\/fi\/21341\/"},"modified":"2025-08-31T06:06:08","modified_gmt":"2025-08-31T06:06:08","slug":"katujen-kunnossapidosta-vastaava-yritys-vaihtuu-isossa-osassa-kaupunkia-myos-piha-alueiden-talvikunnossapito-kilpailutettiin","status":"publish","type":"post","link":"https:\/\/www.europesays.com\/fi\/21341\/","title":{"rendered":"Katujen kunnossapidosta vastaava yritys vaihtuu isossa osassa kaupunkia \u2013 my\u00f6s piha-alueiden talvikunnossapito kilpailutettiin"},"content":{"rendered":"<p>Tuomas MacGilleon 31.8.2025<\/p>\n<p> <a href=\"https:\/\/kangasalansanomat.fi\/wp-content\/uploads\/lakaisukone_katujen_puhtaanapito_032025-1-1200x801.jpg\" title=\"lakaisukone_katujen_puhtaanapito_032025\" rel=\"nofollow noopener\" target=\"_blank\"><img loading=\"lazy\" width=\"600\" height=\"401\" src=\"https:\/\/www.europesays.com\/fi\/wp-content\/uploads\/2025\/08\/lakaisukone_katujen_puhtaanapito_032025-1-600x401.jpg\" alt=\"Kangasalan katujen kunnossapidosta vastaavat jatkossa Pimara ja Pirkan...\" itemprop=\"image\" decoding=\"async\"  \/><\/a>Kangasalan katujen kunnossapidosta vastaavat jatkossa Pimara ja Pirkan Ymp\u00e4rist\u00f6palvelut. Muutos ei koske Sahalahtea ja Kuhmalahtea, jossa Konetaitureilla on voimassa oleva sopimus. Kuva: Tuomas MacGilleon \/ KS arkisto<\/p>\n<p> Kangasalan kaupungin katujen kunnossapidosta ja kiinteist\u00f6jen piha-alueiden talvikunnossapidosta vastaavat yritykset on valittu vuosille 2025\u20132027. Hankintap\u00e4\u00e4t\u00f6kset teki elinymp\u00e4rist\u00f6lautakunta kilpailutusten\u2026<\/p>\n<p>T\u00e4m\u00e4 sis\u00e4lt\u00f6 on Kangasalan\u00a0Sanomien tilaajille<\/p>\n<p>Tilaa lukuoikeus alkaen 3,70\u00a0\u20ac.<\/p>\n<p> <a href=\"https:\/\/kangasalansanomat.fi\/tilaa?p3=159401&amp;p4=\" class=\"membernoticebtn\" title=\"Tilaa Kangasalan Sanomat\" rel=\"nofollow noopener\" target=\"_blank\">Tilaa<\/a><a href=\"https:\/\/kangasala.taikatilaus.fi\/oprp\/k.aspx?p1=https%3A%2F%2Fkangasalansanomat.fi%2Fkatujen-kunnossapidosta-vastaava-yritys-vaihtuu-isossa-osassa-kaupunkia-myos-piha-alueiden-talvikunnossapito-kilpailutettiin\" class=\"membernoticebtn\" title=\"Kirjaudu sis\u00e4\u00e4n\" rel=\"nofollow noopener\" target=\"_blank\">Kirjaudu<\/a><\/p>\n","protected":false},"excerpt":{"rendered":"Tuomas MacGilleon 31.8.2025 Kangasalan katujen kunnossapidosta vastaavat jatkossa Pimara ja Pirkan Ymp\u00e4rist\u00f6palvelut. Muutos ei koske Sahalahtea ja Kuhmalahtea,&hellip;\n","protected":false},"author":2,"featured_media":21342,"comment_status":"","ping_status":"","sticky":false,"template":"","format":"standard","meta":{"footnotes":""},"categories":[76],"tags":[79,77,33,31,30,3815,7305,7306,7307,32,78],"class_list":{"0":"post-21341","1":"post","2":"type-post","3":"status-publish","4":"format-standard","5":"has-post-thumbnail","7":"category-talous","8":"tag-business","9":"tag-economy","10":"tag-fi","11":"tag-finland","12":"tag-finnish","13":"tag-kangasala","14":"tag-kangasalan-kaupunki","15":"tag-katujen-kunnossapito","16":"tag-piha-alueiden-talvikunnossapito","17":"tag-suomi","18":"tag-talous"},"share_on_mastodon":{"url":"","error":""},"_links":{"self":[{"href":"https:\/\/www.europesays.com\/fi\/wp-json\/wp\/v2\/posts\/21341","targetHints":{"allow":["GET"]}}],"collection":[{"href":"https:\/\/www.europesays.com\/fi\/wp-json\/wp\/v2\/posts"}],"about":[{"href":"https:\/\/www.europesays.com\/fi\/wp-json\/wp\/v2\/types\/post"}],"author":[{"embeddable":true,"href":"https:\/\/www.europesays.com\/fi\/wp-json\/wp\/v2\/users\/2"}],"replies":[{"embeddable":true,"href":"https:\/\/www.europesays.com\/fi\/wp-json\/wp\/v2\/comments?post=21341"}],"version-history":[{"count":0,"href":"https:\/\/www.europesays.com\/fi\/wp-json\/wp\/v2\/posts\/21341\/revisions"}],"wp:featuredmedia":[{"embeddable":true,"href":"https:\/\/www.europesays.com\/fi\/wp-json\/wp\/v2\/media\/21342"}],"wp:attachment":[{"href":"https:\/\/www.europesays.com\/fi\/wp-json\/wp\/v2\/media?parent=21341"}],"wp:term":[{"taxonomy":"category","embeddable":true,"href":"https:\/\/www.europesays.com\/fi\/wp-json\/wp\/v2\/categories?post=21341"},{"taxonomy":"post_tag","embeddable":true,"href":"https:\/\/www.europesays.com\/fi\/wp-json\/wp\/v2\/tags?post=21341"}],"curies":[{"name":"wp","href":"https:\/\/api.w.org\/{rel}","templated":true}]}}