{"id":213488,"date":"2026-04-05T18:43:10","date_gmt":"2026-04-05T18:43:10","guid":{"rendered":"https:\/\/www.europesays.com\/fi\/213488\/"},"modified":"2026-04-05T18:43:10","modified_gmt":"2026-04-05T18:43:10","slug":"the-summit-suomi-poikkeuksellisessa-aanestyksessa-yksi-aani-ratkaisi-kohtalon","status":"publish","type":"post","link":"https:\/\/www.europesays.com\/fi\/213488\/","title":{"rendered":"The Summit Suomi: Poikkeuksellisessa \u00e4\u00e4nestyksess\u00e4 yksi \u00e4\u00e4ni ratkaisi kohtalon"},"content":{"rendered":"<p>\n            The Summit, kausi 2, jakso 6, retkikunta vaeltaa maastossa.<br \/>\n            Lars Johnson\/MTV\n        <\/p>\n<p class=\"subtitle \">P\u00e4iv\u00e4n \u00e4\u00e4nestyksess\u00e4 yksi \u00e4\u00e4ni ratkaisi retkikuntalaisen kohtalon.<\/p>\n<p class=\"article-content article-content-width !bg-background\">The Summit Suomen sunnuntaina 5. huhtikuuta MTV3:lla n\u00e4hdyss\u00e4 jaksossa retkikunta jaettiin kahteen ryhm\u00e4\u00e4n.<\/p>\n<p class=\"font-weight-bold m-font-weight-bold article-content article-content-width !bg-background\">Videolla Sekunnit-sarjan n\u00e4yttelij\u00e4t avautuvat peloistaan.\u00a0<\/p>\n<p class=\"article-content article-content-width !bg-background\">Ekonomi-psykologian opiskelija  ja varhaiskasvatuksen sosionomi  valitsivat joukkueet, joissa kussakin oli viisi j\u00e4sent\u00e4.<\/p>\n<p>        <a itemprop=\"url\" href=\"https:\/\/www.seiska.fi\/katso\/the-summit-suomessa-shokkipudotus-loukkaantumisen-vuoksi\/2102357\" rel=\"nofollow noopener\" target=\"_blank\"><\/p>\n<p>\nThe Summit Suomi\n<\/p>\n<p class=\"section-date\">\n        <strong class=\"article-section\" data-section=\"katso\"><br \/>\n            katso<br \/>\n        <\/strong><br \/>\n        15.3. 21:00\n    <\/p>\n<p>The Summit Suomessa shokkipudotus loukkaantumisen vuoksi\n    <\/p>\n<p itemprop=\"description\" class=\"subtitle \">\n    Kilpailija telo itsens\u00e4 kohtalokkaasti heti kiipe\u00e4misen alussa.\n<\/p>\n<p>        <\/a><\/p>\n<p class=\"article-content article-content-width !bg-background\">P\u00e4iv\u00e4n reitti oli t\u00e4h\u00e4nastisista haastavin. Retkikunta joutui muun muassa ylitt\u00e4m\u00e4\u00e4n puskevassa tuulessa kaksi harjannetta, laskeutumaan jyrkk\u00e4\u00e4 rinnett\u00e4 ja ylitt\u00e4m\u00e4\u00e4n vuoristoj\u00e4rven.<\/p>\n<p class=\"article-content article-content-width !bg-background\">Pietari uskoi, ett\u00e4 p\u00e4iv\u00e4n kilpailu olisi h\u00e4nen jatkonsa kannalta ratkaiseva.<\/p>\n<p class=\"article-content article-content-width !bg-background\">\u2013\tJos meid\u00e4n joukkue h\u00e4vi\u00e4\u00e4, uskon, ett\u00e4  putoaa t\u00e4n\u00e4\u00e4n. Sen j\u00e4lkeen l\u00e4htee min\u00e4 tai .<\/p>\n<p class=\"article-content article-content-width !bg-background\">\u2013\tMik\u00e4li saamme t\u00e4n\u00e4\u00e4n voiton ja saan Tiinan ulos, t\u00e4\u00e4ll\u00e4 on moni ihminen v\u00e4h\u00e4n ulapalla. Silloin pystyn pelaamaan itseni todenn\u00e4k\u00f6isesti hyvin pitk\u00e4llekin, Pietari arvioi.<\/p>\n<p class=\"article-content article-content-width !bg-background\">\u2013\tToisessa tiimiss\u00e4 on niit\u00e4 ihmisi\u00e4, joista haluaisin useammankin pudottaa, Tiina taas toteaa kilpailuasetelmasta.<\/p>\n<p>&#8221;Pietarilla pelko perseess\u00e4&#8221;<\/p>\n<p class=\"article-content article-content-width !bg-background\">Vuoristoj\u00e4rvelle saavuttaessa kilpailu alkoi.\u00a0<\/p>\n<p class=\"article-content article-content-width !bg-background\">Molempien joukkueiden oli ylitett\u00e4v\u00e4 50 metri\u00e4 pitk\u00e4t kelluvat sillat. Ensimm\u00e4isen\u00e4 vastarannalle p\u00e4\u00e4ssyt joukkue saisi merkitt\u00e4v\u00e4n edun, joka paljastuisi heille checkpointilla.<\/p>\n<p>        <a itemprop=\"url\" href=\"https:\/\/www.seiska.fi\/katso\/the-summit-suomi-kilpailijan-rayhaaminen-ahdistaa-muita\/2102271\" rel=\"nofollow noopener\" target=\"_blank\"><\/p>\n<p>\nThe Summit Suomi\n<\/p>\n<p class=\"section-date\">\n        <strong class=\"article-section\" data-section=\"katso\"><br \/>\n            katso<br \/>\n        <\/strong><br \/>\n        15.3. 07:15\n    <\/p>\n<p>The Summit Suomi -kilpailijan r\u00e4yh\u00e4\u00e4minen ahdistaa muita\n    <\/p>\n<p itemprop=\"description\" class=\"subtitle \">\n    Tunteet kuumenevat ennen toista checkpointia.\n<\/p>\n<p>        <\/a><\/p>\n<p class=\"article-content article-content-width !bg-background\">Rauhallisen keskittyneell\u00e4 etenemisell\u00e4 vastarannalle p\u00e4\u00e4si ensimm\u00e4isen\u00e4 Tiinan joukkue.<\/p>\n<p class=\"article-content article-content-width !bg-background\">\u2013\tPietari yritt\u00e4\u00e4 pit\u00e4\u00e4 p\u00e4\u00e4n kylm\u00e4n\u00e4, mutta h\u00e4nest\u00e4 huomaa, ett\u00e4 alkaa olla pelko perseess\u00e4 siit\u00e4, ett\u00e4 h\u00e4net tiputettaisiin seuraavaksi, sairaanhoitaja  tuumi.<\/p>\n<p>                <img decoding=\"async\" src=\"https:\/\/www.europesays.com\/fi\/wp-content\/uploads\/2026\/04\/2119950.webp.jpeg\" width=\"576\" height=\"322\" alt=\"Jasper P\u00e4\u00e4kk\u00f6sell\u00e4 oli huonoja uutisia h\u00e4vinneelle joukkueelle.\" loading=\"lazy\" \/>            <\/p>\n<p>\n            Jasper P\u00e4\u00e4kk\u00f6sell\u00e4 oli huonoja uutisia h\u00e4vinneelle joukkueelle.<br \/>\n            Lars Johnson\/MTV\n        <\/p>\n<p class=\"article-content article-content-width !bg-background\">Checkpointissa  liittyi retkikunnan seuraan ja onnitteli voittajajoukkuetta, sill\u00e4 t\u00e4m\u00e4 olisi turvassa p\u00e4iv\u00e4n \u00e4\u00e4nestyksess\u00e4.<\/p>\n<p class=\"article-content article-content-width !bg-background\">Liipasimella olivat Pietari, Roy, , Elina ja .<\/p>\n<p class=\"article-content article-content-width !bg-background\">\u2013\tMinulla on toinenkin uutinen. T\u00e4m\u00e4n p\u00e4iv\u00e4isess\u00e4 \u00e4\u00e4nestyksess\u00e4 ainoastaan h\u00e4vi\u00e4j\u00e4t saavat \u00e4\u00e4nest\u00e4\u00e4. Voittajat eiv\u00e4t saa osallistua \u00e4\u00e4nestykseen, Jasper ilmoitti.\u00a0<\/p>\n<p class=\"article-content article-content-width !bg-background\">Alexandra ja Elina antoivat \u00e4\u00e4nens\u00e4 Roylle, Venlan ja Royn \u00e4\u00e4net meniv\u00e4t Elinalle. Ratkaisevan \u00e4\u00e4nen antoi ryhm\u00e4ns\u00e4 johtaja Pietari.<\/p>\n<p class=\"article-content article-content-width !bg-background\">\u2013\tT\u00e4m\u00e4 ei ole helppo p\u00e4\u00e4t\u00f6s. T\u00e4m\u00e4 ei ole \u00e4\u00e4ni Elinaa vastaan eik\u00e4 \u00e4\u00e4ni Royn puolesta. Annan \u00e4\u00e4neni Elinalle, h\u00e4n sanoi.<\/p>\n<p class=\"article-content article-content-width !bg-background\">\u2013\tMulla olikin sellainen fiilis, ett\u00e4 t\u00e4n\u00e4\u00e4n on mun l\u00e4ht\u00f6. Avauduin liian my\u00f6h\u00e4\u00e4n teille.\u00a0<\/p>\n<p>                <img decoding=\"async\" src=\"https:\/\/www.europesays.com\/fi\/wp-content\/uploads\/2026\/04\/2119876.webp.jpeg\" width=\"576\" height=\"274\" title=\"Elina hyv\u00e4ksyi ja ymm\u00e4rsi syyt, miksi h\u00e4net \u00e4\u00e4nestettiin ulos retkikunnasta.\" alt=\"The Summit Suomi, 2. kausi, 2026, Elina.\" loading=\"lazy\" \/>            <\/p>\n<p>\n            Elina hyv\u00e4ksyi ja ymm\u00e4rsi syyt, miksi h\u00e4net \u00e4\u00e4nestettiin ulos retkikunnasta.<br \/>\n            MTV\n        <\/p>\n<p class=\"article-content article-content-width !bg-background\">\u2013\u00a0Olen v\u00e4h\u00e4n semmoinen tyyppi, ett\u00e4 sit\u00e4 hypp\u00e4\u00e4 vaikka sillalta, jos siit\u00e4 on muille etua. Tuntuu, ett\u00e4 t\u00e4n\u00e4\u00e4n vasta p\u00e4\u00e4sin vilauttaa, millainen min\u00e4 itse olen, Elina tunnusti.<\/p>\n<p class=\"italic m-italic article-content article-content-width !bg-background\">The Summit Suomi n\u00e4hd\u00e4\u00e4n sunnuntaisin klo 19.30 MTV3:lla sek\u00e4 MTV Katsomossa.\u00a0<\/p>\n<p>        <a itemprop=\"url\" href=\"https:\/\/www.seiska.fi\/katso\/the-summit-suomen-kilpailijat-napit-vastakkain-mika-kusipaa\/2114686\" rel=\"nofollow noopener\" target=\"_blank\"><\/p>\n<p>\nThe Summit Suomi\n<\/p>\n<p class=\"section-date\">\n        <strong class=\"article-section\" data-section=\"katso\"><br \/>\n            katso<br \/>\n        <\/strong><br \/>\n        28.3. 13:15\n    <\/p>\n<p>The Summit Suomen kilpailijat napit vastakkain: &#8221;Mik\u00e4 kusip\u00e4\u00e4!&#8221;\n    <\/p>\n<p itemprop=\"description\" class=\"subtitle \">\n    Sel\u00e4n takana haukkuminen ja halveksunta muita kohtaan lis\u00e4\u00e4ntyy.\n<\/p>\n<p>        <\/a><\/p>\n","protected":false},"excerpt":{"rendered":"The Summit, kausi 2, jakso 6, retkikunta vaeltaa maastossa. Lars Johnson\/MTV P\u00e4iv\u00e4n \u00e4\u00e4nestyksess\u00e4 yksi \u00e4\u00e4ni ratkaisi retkikuntalaisen kohtalon.&hellip;\n","protected":false},"author":2,"featured_media":213489,"comment_status":"","ping_status":"","sticky":false,"template":"","format":"standard","meta":{"footnotes":"","_share_on_mastodon":"0"},"categories":[130],"tags":[12190,137,33,31,30,7543,3066,2376,905,12433,2385,32,29211,31854,31855,31856,31857,31858,31859,109],"class_list":["post-213488","post","type-post","status-publish","format-standard","has-post-thumbnail","category-viihde","tag-aanestys","tag-entertainment","tag-fi","tag-finland","tag-finnish","tag-jasper-paakkonen","tag-kilpailu","tag-mtv","tag-mtv3","tag-pudotus","tag-reality","tag-suomi","tag-the-summit","tag-the-summit-suomi-elina","tag-the-summit-suomi-pietari","tag-the-summit-suomi-roy","tag-the-summit-suomi-tiina","tag-the-summit-suomi-venla","tag-the-summit-suomi-wilma","tag-viihde"],"share_on_mastodon":{"url":"https:\/\/pubeurope.com\/@fi\/116353578457803101","error":""},"_links":{"self":[{"href":"https:\/\/www.europesays.com\/fi\/wp-json\/wp\/v2\/posts\/213488","targetHints":{"allow":["GET"]}}],"collection":[{"href":"https:\/\/www.europesays.com\/fi\/wp-json\/wp\/v2\/posts"}],"about":[{"href":"https:\/\/www.europesays.com\/fi\/wp-json\/wp\/v2\/types\/post"}],"author":[{"embeddable":true,"href":"https:\/\/www.europesays.com\/fi\/wp-json\/wp\/v2\/users\/2"}],"replies":[{"embeddable":true,"href":"https:\/\/www.europesays.com\/fi\/wp-json\/wp\/v2\/comments?post=213488"}],"version-history":[{"count":0,"href":"https:\/\/www.europesays.com\/fi\/wp-json\/wp\/v2\/posts\/213488\/revisions"}],"wp:featuredmedia":[{"embeddable":true,"href":"https:\/\/www.europesays.com\/fi\/wp-json\/wp\/v2\/media\/213489"}],"wp:attachment":[{"href":"https:\/\/www.europesays.com\/fi\/wp-json\/wp\/v2\/media?parent=213488"}],"wp:term":[{"taxonomy":"category","embeddable":true,"href":"https:\/\/www.europesays.com\/fi\/wp-json\/wp\/v2\/categories?post=213488"},{"taxonomy":"post_tag","embeddable":true,"href":"https:\/\/www.europesays.com\/fi\/wp-json\/wp\/v2\/tags?post=213488"}],"curies":[{"name":"wp","href":"https:\/\/api.w.org\/{rel}","templated":true}]}}