{"id":21366,"date":"2025-08-31T06:36:22","date_gmt":"2025-08-31T06:36:22","guid":{"rendered":"https:\/\/www.europesays.com\/fi\/21366\/"},"modified":"2025-08-31T06:36:22","modified_gmt":"2025-08-31T06:36:22","slug":"loyto-paljasti-muinaisen-maailman-75-000-vuoden-takaa","status":"publish","type":"post","link":"https:\/\/www.europesays.com\/fi\/21366\/","title":{"rendered":"L\u00f6yt\u00f6 paljasti muinaisen maailman 75 000 vuoden takaa"},"content":{"rendered":"<p>L\u00f6yt\u00f6 valottaa my\u00f6s tulevaisuutta<\/p>\n<p>Tutkijat vertasivat luiden muotoa ja rakennetta tunnettujen el\u00e4inlajien luihin, ja analysoivat my\u00f6s dna-juosteita, joille l\u00f6ytyi vastineita tietokannassa.<\/p>\n<p>K\u00e4vi ilmi, ett\u00e4 l\u00f6yt\u00f6 k\u00e4sitti nis\u00e4kk\u00e4it\u00e4, lintuja ja kaloja.<\/p>\n<p>Lajien joukossa oli muun muassa j\u00e4\u00e4karhu, mursu, gr\u00f6nlanninvalas, kyhmyhaahka, lunni, pohjaharjus ja turska.<\/p>\n<p>L\u00f6yt\u00f6 osoittaa, ett\u00e4 alueen el\u00e4imist\u00f6 viime j\u00e4\u00e4kauden aikana oli monimuotoisempi kuin aiemmin on oletettu.<\/p>\n","protected":false},"excerpt":{"rendered":"L\u00f6yt\u00f6 valottaa my\u00f6s tulevaisuutta Tutkijat vertasivat luiden muotoa ja rakennetta tunnettujen el\u00e4inlajien luihin, ja analysoivat my\u00f6s dna-juosteita, joille&hellip;\n","protected":false},"author":2,"featured_media":21367,"comment_status":"","ping_status":"","sticky":false,"template":"","format":"standard","meta":{"footnotes":""},"categories":[117],"tags":[33,31,30,72,476,118,32,119,477],"class_list":{"0":"post-21366","1":"post","2":"type-post","3":"status-publish","4":"format-standard","5":"has-post-thumbnail","7":"category-luonto","8":"tag-fi","9":"tag-finland","10":"tag-finnish","11":"tag-luonto","12":"tag-nature","13":"tag-science","14":"tag-suomi","15":"tag-tiede","16":"tag-wildlife"},"share_on_mastodon":{"url":"","error":""},"_links":{"self":[{"href":"https:\/\/www.europesays.com\/fi\/wp-json\/wp\/v2\/posts\/21366","targetHints":{"allow":["GET"]}}],"collection":[{"href":"https:\/\/www.europesays.com\/fi\/wp-json\/wp\/v2\/posts"}],"about":[{"href":"https:\/\/www.europesays.com\/fi\/wp-json\/wp\/v2\/types\/post"}],"author":[{"embeddable":true,"href":"https:\/\/www.europesays.com\/fi\/wp-json\/wp\/v2\/users\/2"}],"replies":[{"embeddable":true,"href":"https:\/\/www.europesays.com\/fi\/wp-json\/wp\/v2\/comments?post=21366"}],"version-history":[{"count":0,"href":"https:\/\/www.europesays.com\/fi\/wp-json\/wp\/v2\/posts\/21366\/revisions"}],"wp:featuredmedia":[{"embeddable":true,"href":"https:\/\/www.europesays.com\/fi\/wp-json\/wp\/v2\/media\/21367"}],"wp:attachment":[{"href":"https:\/\/www.europesays.com\/fi\/wp-json\/wp\/v2\/media?parent=21366"}],"wp:term":[{"taxonomy":"category","embeddable":true,"href":"https:\/\/www.europesays.com\/fi\/wp-json\/wp\/v2\/categories?post=21366"},{"taxonomy":"post_tag","embeddable":true,"href":"https:\/\/www.europesays.com\/fi\/wp-json\/wp\/v2\/tags?post=21366"}],"curies":[{"name":"wp","href":"https:\/\/api.w.org\/{rel}","templated":true}]}}