{"id":214167,"date":"2026-04-06T14:55:11","date_gmt":"2026-04-06T14:55:11","guid":{"rendered":"https:\/\/www.europesays.com\/fi\/214167\/"},"modified":"2026-04-06T14:55:11","modified_gmt":"2026-04-06T14:55:11","slug":"liikenne-sujuu-jalleen-nelostiella-uutisia-lyhyesti","status":"publish","type":"post","link":"https:\/\/www.europesays.com\/fi\/214167\/","title":{"rendered":"Liikenne sujuu j\u00e4lleen nelostiell\u00e4 | Uutisia lyhyesti"},"content":{"rendered":"<p><img decoding=\"async\" alt=\"Pelastuslaitos ja poliisi ty\u00f6skentelev\u00e4t liikenneonnettomuuspaikalla valtatiell\u00e4.\" src=\"https:\/\/www.europesays.com\/fi\/wp-content\/uploads\/2026\/04\/39-162273669d3bbbf026d5.jpeg\" class=\"aw-1l9m598 hKVVvP\"\/><\/p>\n<p>Avaa kuvien katselu<\/p>\n<p>Nelostiell\u00e4 tapahtui onnettomuus maanantai-iltap\u00e4iv\u00e4n\u00e4. Kuva: Pilvi Ahonen<\/p>\n<p>17:01\u2022P\u00e4ivitetty 17:45<\/p>\n<p class=\"aw-1gybjub aw-1p7kakr kEtdKx cEmitX yle__article__paragraph\">Nelostiell\u00e4 M\u00e4nts\u00e4l\u00e4ss\u00e4 tapahtui maanantaina iltap\u00e4iv\u00e4ll\u00e4 liikenneonnettomuus. Onnettomuuden takia yksi kaista Helsingin suuntaan jouduttiin sulkemaan autoilta, mink\u00e4 vuoksi liikenne ruuhkautui.<\/p>\n<p class=\"aw-1gybjub aw-1p7kakr kEtdKx cEmitX yle__article__paragraph\">Tilanne oli ohi hieman ennen kuutta alkuillasta.<\/p>\n<p class=\"aw-1gybjub aw-1p7kakr kEtdKx cEmitX yle__article__paragraph\">Onnettomuuspaikalla oli paloautoja, ambulanssi sek\u00e4 poliisiautoja, kertoi paikalla ollut Ylen toimittaja <strong class=\"aw-ak79eh KyCXm yle__article__strong\">Pilvi Ahonen<\/strong>.<\/p>\n<p class=\"aw-1gybjub aw-1p7kakr kEtdKx cEmitX yle__article__paragraph\">Onnettomuus tapahtui noin puoli viidelt\u00e4 maanantai-iltap\u00e4iv\u00e4n\u00e4.<\/p>\n<p class=\"aw-1gybjub aw-1p7kakr kEtdKx cEmitX yle__article__paragraph\">P\u00e4\u00e4si\u00e4isen paluuliikenne on ollut vilkkaimmillaan t\u00e4n\u00e4\u00e4n.<\/p>\n<p class=\"aw-1gybjub aw-1p7kakr kEtdKx cEmitX yle__article__paragraph\">Muokattu 6.4. klo 17.45: P\u00e4ivitetty tieto siit\u00e4, ett\u00e4 liikenne sujuu j\u00e4lleen.<\/p>\n","protected":false},"excerpt":{"rendered":"Avaa kuvien katselu Nelostiell\u00e4 tapahtui onnettomuus maanantai-iltap\u00e4iv\u00e4n\u00e4. Kuva: Pilvi Ahonen 17:01\u2022P\u00e4ivitetty 17:45 Nelostiell\u00e4 M\u00e4nts\u00e4l\u00e4ss\u00e4 tapahtui maanantaina iltap\u00e4iv\u00e4ll\u00e4 liikenneonnettomuus.&hellip;\n","protected":false},"author":2,"featured_media":214168,"comment_status":"","ping_status":"","sticky":false,"template":"","format":"standard","meta":{"footnotes":"","_share_on_mastodon":"0"},"categories":[12],"tags":[22,23,26,27,33,31,30,17,71,24,25,28,29,2370,15,837,18,21,32,19,20,1168,16,18059],"class_list":["post-214167","post","type-post","status-publish","format-standard","has-post-thumbnail","category-suomi","tag-breaking-news","tag-breakingnews","tag-featured-news","tag-featurednews","tag-fi","tag-finland","tag-finnish","tag-headlines","tag-kotimaa","tag-latest-news","tag-latestnews","tag-main-news","tag-mainnews","tag-mantsala","tag-news","tag-onnettomuudet","tag-otsikot","tag-paauutiset","tag-suomi","tag-top-stories","tag-topstories","tag-uusimaa","tag-uutiset","tag-valtatie-4"],"share_on_mastodon":{"url":"https:\/\/pubeurope.com\/@fi\/116358344124226461","error":""},"_links":{"self":[{"href":"https:\/\/www.europesays.com\/fi\/wp-json\/wp\/v2\/posts\/214167","targetHints":{"allow":["GET"]}}],"collection":[{"href":"https:\/\/www.europesays.com\/fi\/wp-json\/wp\/v2\/posts"}],"about":[{"href":"https:\/\/www.europesays.com\/fi\/wp-json\/wp\/v2\/types\/post"}],"author":[{"embeddable":true,"href":"https:\/\/www.europesays.com\/fi\/wp-json\/wp\/v2\/users\/2"}],"replies":[{"embeddable":true,"href":"https:\/\/www.europesays.com\/fi\/wp-json\/wp\/v2\/comments?post=214167"}],"version-history":[{"count":0,"href":"https:\/\/www.europesays.com\/fi\/wp-json\/wp\/v2\/posts\/214167\/revisions"}],"wp:featuredmedia":[{"embeddable":true,"href":"https:\/\/www.europesays.com\/fi\/wp-json\/wp\/v2\/media\/214168"}],"wp:attachment":[{"href":"https:\/\/www.europesays.com\/fi\/wp-json\/wp\/v2\/media?parent=214167"}],"wp:term":[{"taxonomy":"category","embeddable":true,"href":"https:\/\/www.europesays.com\/fi\/wp-json\/wp\/v2\/categories?post=214167"},{"taxonomy":"post_tag","embeddable":true,"href":"https:\/\/www.europesays.com\/fi\/wp-json\/wp\/v2\/tags?post=214167"}],"curies":[{"name":"wp","href":"https:\/\/api.w.org\/{rel}","templated":true}]}}