{"id":21437,"date":"2025-08-31T08:25:10","date_gmt":"2025-08-31T08:25:10","guid":{"rendered":"https:\/\/www.europesays.com\/fi\/21437\/"},"modified":"2025-08-31T08:25:10","modified_gmt":"2025-08-31T08:25:10","slug":"venaja-ja-usa-jatkavat-yhteistyota-kansainvalisella-avaruusasemalla-uutisia-lyhyesti","status":"publish","type":"post","link":"https:\/\/www.europesays.com\/fi\/21437\/","title":{"rendered":"Ven\u00e4j\u00e4 ja USA jatkavat yhteisty\u00f6t\u00e4 kansainv\u00e4lisell\u00e4 avaruusasemalla | Uutisia lyhyesti"},"content":{"rendered":"<p class=\"sc-jYczwO sc-dNFkOE bUKqJd eiHPxO yle__article__paragraph\">Avaruus on viimeisi\u00e4 sektoreita, jolla Ven\u00e4j\u00e4 ja Yhdysvallat viel\u00e4 tekev\u00e4t yhteisty\u00f6t\u00e4.<\/p>\n<p><img decoding=\"async\" alt=\"Kansainv\u00e4linen avaruusasema.\" src=\"https:\/\/www.europesays.com\/fi\/wp-content\/uploads\/2025\/08\/39-8802936193ad2a7c789.jpeg\" class=\"sc-dntSTA iywpZY\"\/><\/p>\n<p>Avaa kuvien katselu<\/p>\n<p>Kansainv\u00e4linen avaruusasema. Kuva: NASA \/ AOP<\/p>\n<p class=\"sc-jYczwO sc-ciCoXh bUKqJd cIOueB yle__article__paragraph\">Ven\u00e4j\u00e4n ja Yhdysvaltain avaruushallinnot ovat sopineet yhteisty\u00f6n jatkamisesta kansainv\u00e4lisen avaruusaseman ISS:n osalta. Maat jatkavat ISS:n operoimista yhdess\u00e4 vuoteen 2028.<\/p>\n<p class=\"sc-jYczwO sc-ciCoXh bUKqJd cIOueB yle__article__paragraph\">Ven\u00e4j\u00e4n avaruushallinnon Roskosmosin johtaja <strong class=\"sc-eEHciv gtNhAX yle__article__strong\">Dmitri Bakanov<\/strong> matkusti t\u00e4ll\u00e4 viikolla Yhdysvaltoihin ja tapasi Nasan virkaatekev\u00e4n johtajan <strong class=\"sc-eEHciv gtNhAX yle__article__strong\">Sean Duffyn<\/strong>.<\/p>\n<p class=\"sc-jYczwO sc-ciCoXh bUKqJd cIOueB yle__article__paragraph\">\u2013 Keskustelu sujui varsin hyvin. Sovimme ett\u00e4 jatkamme ISS:n k\u00e4ytt\u00e4mist\u00e4 vuoteen 2028 asti, Bakanov sanoi uutistoimisto Tassin mukaan.<\/p>\n<p class=\"sc-jYczwO sc-ciCoXh bUKqJd cIOueB yle__article__paragraph\">Bakanovin mukaan Yhdysvallat ja Ven\u00e4j\u00e4 my\u00f6s tekev\u00e4t yhteisty\u00f6t\u00e4 ISS:n poistamisessa kiertoradalta vuoteen 2030 asti.<\/p>\n<p class=\"sc-jYczwO sc-ciCoXh bUKqJd cIOueB yle__article__paragraph\">Avaruus on viimeisi\u00e4 sektoreita, jolla Ven\u00e4j\u00e4 ja Yhdysvallat viel\u00e4 tekev\u00e4t yhteisty\u00f6t\u00e4. Maiden v\u00e4lit ovat muuten olleet pohjamudissa Ven\u00e4j\u00e4n hy\u00f6k\u00e4tty\u00e4 Ukrainaan.<\/p>\n<p class=\"sc-jYczwO sc-ciCoXh bUKqJd cIOueB yle__article__paragraph\">ISS laukaistiin avaruuteen vuonna 1998. Alun perin avaruusaseman piti toimia vuoteen 2024, mutta Nasa on sittemmin jatkanut sen k\u00e4ytt\u00f6ik\u00e4\u00e4 vuoteen 2030.<\/p>\n","protected":false},"excerpt":{"rendered":"Avaruus on viimeisi\u00e4 sektoreita, jolla Ven\u00e4j\u00e4 ja Yhdysvallat viel\u00e4 tekev\u00e4t yhteisty\u00f6t\u00e4. Avaa kuvien katselu Kansainv\u00e4linen avaruusasema. Kuva: NASA&hellip;\n","protected":false},"author":2,"featured_media":6264,"comment_status":"","ping_status":"","sticky":false,"template":"","format":"standard","meta":{"footnotes":""},"categories":[114],"tags":[453,33,31,30,1327,118,452,32,119,56],"class_list":{"0":"post-21437","1":"post","2":"type-post","3":"status-publish","4":"format-standard","5":"has-post-thumbnail","7":"category-avaruus","8":"tag-avaruus","9":"tag-fi","10":"tag-finland","11":"tag-finnish","12":"tag-kansainvalinen-avaruusasema","13":"tag-science","14":"tag-space","15":"tag-suomi","16":"tag-tiede","17":"tag-ulkomaat"},"share_on_mastodon":{"url":"","error":""},"_links":{"self":[{"href":"https:\/\/www.europesays.com\/fi\/wp-json\/wp\/v2\/posts\/21437","targetHints":{"allow":["GET"]}}],"collection":[{"href":"https:\/\/www.europesays.com\/fi\/wp-json\/wp\/v2\/posts"}],"about":[{"href":"https:\/\/www.europesays.com\/fi\/wp-json\/wp\/v2\/types\/post"}],"author":[{"embeddable":true,"href":"https:\/\/www.europesays.com\/fi\/wp-json\/wp\/v2\/users\/2"}],"replies":[{"embeddable":true,"href":"https:\/\/www.europesays.com\/fi\/wp-json\/wp\/v2\/comments?post=21437"}],"version-history":[{"count":0,"href":"https:\/\/www.europesays.com\/fi\/wp-json\/wp\/v2\/posts\/21437\/revisions"}],"wp:featuredmedia":[{"embeddable":true,"href":"https:\/\/www.europesays.com\/fi\/wp-json\/wp\/v2\/media\/6264"}],"wp:attachment":[{"href":"https:\/\/www.europesays.com\/fi\/wp-json\/wp\/v2\/media?parent=21437"}],"wp:term":[{"taxonomy":"category","embeddable":true,"href":"https:\/\/www.europesays.com\/fi\/wp-json\/wp\/v2\/categories?post=21437"},{"taxonomy":"post_tag","embeddable":true,"href":"https:\/\/www.europesays.com\/fi\/wp-json\/wp\/v2\/tags?post=21437"}],"curies":[{"name":"wp","href":"https:\/\/api.w.org\/{rel}","templated":true}]}}