{"id":214595,"date":"2026-04-07T02:20:12","date_gmt":"2026-04-07T02:20:12","guid":{"rendered":"https:\/\/www.europesays.com\/fi\/214595\/"},"modified":"2026-04-07T02:20:12","modified_gmt":"2026-04-07T02:20:12","slug":"paivitetty-ulosajo-ruuhkautti-nelostien-hetkeksi-mantsalassa-paikalliset","status":"publish","type":"post","link":"https:\/\/www.europesays.com\/fi\/214595\/","title":{"rendered":"P\u00e4ivitetty | Ulosajo ruuhkautti Nelostien hetkeksi M\u00e4nts\u00e4l\u00e4ss\u00e4 | Paikalliset"},"content":{"rendered":"<p>Nelostiell\u00e4 M\u00e4nts\u00e4l\u00e4ss\u00e4 tapahtui henkil\u00f6auton ulosajo M\u00e4nts\u00e4l\u00e4n pohjoisen liittym\u00e4n ja etel\u00e4isen liittym\u00e4n v\u00e4lill\u00e4 maanantaina noin kello 16.35. Toinen Helsingin suuntaan menev\u00e4 ajokaista oli suljettuna liikenteelt\u00e4, ja liikenne ruuhkautui noin tunniksi.<\/p>\n<p>Keski-Uudenmaan pelastuslaitoksen p\u00e4ivyst\u00e4v\u00e4 paloesimies kertoo, ett\u00e4 onnettomuuspaikan pelastus- ja raivausty\u00f6t ovat nyt ohi. Raivattavaa ei juuri ollut, koska onnettomuudessa ollut auto oli ajautunut ulos tielt\u00e4. Keskikaiteeseen tuli lievi\u00e4 vaurioita.<\/p>\n<p><a href=\"https:\/\/yle.fi\/uutiset\/lyhyesti\/74-20219148\" rel=\"nofollow noopener\" target=\"_blank\">Ylen toimittaja sattui onnettomuuspaikalle.<\/a><\/p>\n<p>Paloesimiehen mukaan onnettomuusautossa oli kolme henkil\u00f6\u00e4, joista yhden vammat vaativat tarkistuksen sairaalassa.<\/p>\n<p>Uutista p\u00e4ivitetty 6.4.2026 kello 18..03.<\/p>\n","protected":false},"excerpt":{"rendered":"Nelostiell\u00e4 M\u00e4nts\u00e4l\u00e4ss\u00e4 tapahtui henkil\u00f6auton ulosajo M\u00e4nts\u00e4l\u00e4n pohjoisen liittym\u00e4n ja etel\u00e4isen liittym\u00e4n v\u00e4lill\u00e4 maanantaina noin kello 16.35. Toinen Helsingin&hellip;\n","protected":false},"author":2,"featured_media":214596,"comment_status":"","ping_status":"","sticky":false,"template":"","format":"standard","meta":{"footnotes":"","_share_on_mastodon":"0"},"categories":[5],"tags":[22,23,26,27,33,31,30,17,403,405,104,24,25,121,28,29,2370,953,15,18,21,32,128,19,20,16],"class_list":["post-214595","post","type-post","status-publish","format-standard","has-post-thumbnail","category-otsikot","tag-breaking-news","tag-breakingnews","tag-featured-news","tag-featurednews","tag-fi","tag-finland","tag-finnish","tag-headlines","tag-helsingin-seutu","tag-helsingin-seutukunta","tag-helsinki","tag-latest-news","tag-latestnews","tag-liikenne-ja-kuljetus","tag-main-news","tag-mainnews","tag-mantsala","tag-matkustajaliikenne","tag-news","tag-otsikot","tag-paauutiset","tag-suomi","tag-tieliikenne","tag-top-stories","tag-topstories","tag-uutiset"],"share_on_mastodon":{"url":"https:\/\/pubeurope.com\/@fi\/116361037400550476","error":""},"_links":{"self":[{"href":"https:\/\/www.europesays.com\/fi\/wp-json\/wp\/v2\/posts\/214595","targetHints":{"allow":["GET"]}}],"collection":[{"href":"https:\/\/www.europesays.com\/fi\/wp-json\/wp\/v2\/posts"}],"about":[{"href":"https:\/\/www.europesays.com\/fi\/wp-json\/wp\/v2\/types\/post"}],"author":[{"embeddable":true,"href":"https:\/\/www.europesays.com\/fi\/wp-json\/wp\/v2\/users\/2"}],"replies":[{"embeddable":true,"href":"https:\/\/www.europesays.com\/fi\/wp-json\/wp\/v2\/comments?post=214595"}],"version-history":[{"count":0,"href":"https:\/\/www.europesays.com\/fi\/wp-json\/wp\/v2\/posts\/214595\/revisions"}],"wp:featuredmedia":[{"embeddable":true,"href":"https:\/\/www.europesays.com\/fi\/wp-json\/wp\/v2\/media\/214596"}],"wp:attachment":[{"href":"https:\/\/www.europesays.com\/fi\/wp-json\/wp\/v2\/media?parent=214595"}],"wp:term":[{"taxonomy":"category","embeddable":true,"href":"https:\/\/www.europesays.com\/fi\/wp-json\/wp\/v2\/categories?post=214595"},{"taxonomy":"post_tag","embeddable":true,"href":"https:\/\/www.europesays.com\/fi\/wp-json\/wp\/v2\/tags?post=214595"}],"curies":[{"name":"wp","href":"https:\/\/api.w.org\/{rel}","templated":true}]}}