{"id":214829,"date":"2026-04-07T09:17:09","date_gmt":"2026-04-07T09:17:09","guid":{"rendered":"https:\/\/www.europesays.com\/fi\/214829\/"},"modified":"2026-04-07T09:17:09","modified_gmt":"2026-04-07T09:17:09","slug":"luonto-kaikille-avoin-loppijarven-lintupaiva-jarjestetaan-sunnuntaina-paikalliset","status":"publish","type":"post","link":"https:\/\/www.europesays.com\/fi\/214829\/","title":{"rendered":"Luonto | Kaikille avoin Loppij\u00e4rven lintup\u00e4iv\u00e4 j\u00e4rjestet\u00e4\u00e4n sunnuntaina | Paikalliset"},"content":{"rendered":"<p>Viime vuoden lintup\u00e4iv\u00e4ss\u00e4 ensimm\u00e4iset havainnoijat tulivat hieman ennen aamuviitt\u00e4 lintutornille ja havainnot tehtiin 67 eri lintulajista.<\/p>\n<p>Loppij\u00e4rven yst\u00e4v\u00e4t ry:n j\u00e4rjest\u00e4\u00e4 Loppij\u00e4rven lintutapahtuman Kyyni\u00f6nlahden lintutornilla ensi sunnuntaina 12.4. jo 16. kerran. J\u00e4rjest\u00e4j\u00e4t kutsuvat seuraamaan lintujen kev\u00e4tmuuttoa ja tunnistamaan eri lintulajeja.<\/p>\n","protected":false},"excerpt":{"rendered":"Viime vuoden lintup\u00e4iv\u00e4ss\u00e4 ensimm\u00e4iset havainnoijat tulivat hieman ennen aamuviitt\u00e4 lintutornille ja havainnot tehtiin 67 eri lintulajista. Loppij\u00e4rven yst\u00e4v\u00e4t&hellip;\n","protected":false},"author":2,"featured_media":214830,"comment_status":"","ping_status":"","sticky":false,"template":"","format":"standard","meta":{"footnotes":"","_share_on_mastodon":"0"},"categories":[117],"tags":[824,33,31,30,478,2233,6277,72,30482,32007,476,118,32,119,477],"class_list":["post-214829","post","type-post","status-publish","format-standard","has-post-thumbnail","category-luonto","tag-era-ja-luonto","tag-fi","tag-finland","tag-finnish","tag-harrastukset","tag-hyvinvointi","tag-lahiluonto","tag-luonto","tag-luontoharrastus","tag-luontoretkeily","tag-nature","tag-science","tag-suomi","tag-tiede","tag-wildlife"],"share_on_mastodon":{"url":"https:\/\/pubeurope.com\/@fi\/116362677168463105","error":""},"_links":{"self":[{"href":"https:\/\/www.europesays.com\/fi\/wp-json\/wp\/v2\/posts\/214829","targetHints":{"allow":["GET"]}}],"collection":[{"href":"https:\/\/www.europesays.com\/fi\/wp-json\/wp\/v2\/posts"}],"about":[{"href":"https:\/\/www.europesays.com\/fi\/wp-json\/wp\/v2\/types\/post"}],"author":[{"embeddable":true,"href":"https:\/\/www.europesays.com\/fi\/wp-json\/wp\/v2\/users\/2"}],"replies":[{"embeddable":true,"href":"https:\/\/www.europesays.com\/fi\/wp-json\/wp\/v2\/comments?post=214829"}],"version-history":[{"count":0,"href":"https:\/\/www.europesays.com\/fi\/wp-json\/wp\/v2\/posts\/214829\/revisions"}],"wp:featuredmedia":[{"embeddable":true,"href":"https:\/\/www.europesays.com\/fi\/wp-json\/wp\/v2\/media\/214830"}],"wp:attachment":[{"href":"https:\/\/www.europesays.com\/fi\/wp-json\/wp\/v2\/media?parent=214829"}],"wp:term":[{"taxonomy":"category","embeddable":true,"href":"https:\/\/www.europesays.com\/fi\/wp-json\/wp\/v2\/categories?post=214829"},{"taxonomy":"post_tag","embeddable":true,"href":"https:\/\/www.europesays.com\/fi\/wp-json\/wp\/v2\/tags?post=214829"}],"curies":[{"name":"wp","href":"https:\/\/api.w.org\/{rel}","templated":true}]}}