{"id":21496,"date":"2025-08-31T10:03:30","date_gmt":"2025-08-31T10:03:30","guid":{"rendered":"https:\/\/www.europesays.com\/fi\/21496\/"},"modified":"2025-08-31T10:03:30","modified_gmt":"2025-08-31T10:03:30","slug":"business-finlandilta-poikkeuksellisen-mittava-rahoituspaatos-iceye-kaynnistaa-yli-250-miljoonan-euron-investointiohjelman","status":"publish","type":"post","link":"https:\/\/www.europesays.com\/fi\/21496\/","title":{"rendered":"Business Finlandilta poikkeuksellisen mittava rahoitusp\u00e4\u00e4t\u00f6s \u2013 ICEYE k\u00e4ynnist\u00e4\u00e4 yli 250 miljoonan euron investointiohjelman"},"content":{"rendered":"<p>Suomalainen avaruus- ja puolustusteknologiayhti\u00f6 ICEYE k\u00e4ynnist\u00e4\u00e4 yli 250 miljoonan euron investointiohjelman. Tavoitteena on vahvistaa yhti\u00f6n globaalia asemaa avaruus- ja puolustusteknologian edell\u00e4k\u00e4vij\u00e4n\u00e4 laajentamalla tuotantoa, kehitt\u00e4m\u00e4ll\u00e4 uusia teknologioita ja nopeuttamalla kasvua. Kehityst\u00e4 tukee Business Finlandin poikkeuksellisen mittava rahoitusp\u00e4\u00e4t\u00f6s: 41,1 miljoonan euron panostus tutkimukseen ja tuotekehitykseen.\u00a0<\/p>\n<p>\u2013 Kyseess\u00e4 on Business Finlandille poikkeuksellisen suuri rahoitusp\u00e4\u00e4t\u00f6s ja sen my\u00f6t\u00e4 ICEYE tekee j\u00e4tti-investoinnin tuotekehitykseen Suomessa. Hanke synnytt\u00e4\u00e4 uutta korkean teknologian osaamista Suomeen sek\u00e4 luo valmiudet yrityksen voimakkaalle kansainv\u00e4liselle kasvulle. Se vahvistaa koko avaruus- ja puolustusalaa ja l\u00e4ikkyy monin tavoin koko ekosysteemiin. T\u00e4m\u00e4 on ennen kaikkea investointi Suomen tulevaisuuteen sek\u00e4 eurooppalaiseen innovaatiojohtajuuteen rajusti kasvavalla toimialalla, toteaa Business Finlandin p\u00e4\u00e4johtaja <strong>Lassi Noponen<\/strong>.<\/p>\n<p><strong>Teknologinen loikka Business Finlandin rahoituksen avulla<\/strong>\u00a0<\/p>\n<p>ICEYEn investointiohjelma sis\u00e4lt\u00e4\u00e4 kunnianhimoisen panostuksen teknologian kehitykseen. Tutkakuvauksen rinnalle ICEYE k\u00e4ynnist\u00e4\u00e4 korkean resoluution optiseen kuvantamiseen sek\u00e4 maanp\u00e4\u00e4llisten radiol\u00e4hetteiden paikantamiseen liittyv\u00e4n kehitysty\u00f6n. Satelliittien lis\u00e4ksi ICEYEn sensoriekosysteemi\u00e4 laajennetaan my\u00f6s stratosf\u00e4\u00e4riss\u00e4 lent\u00e4viin miehitt\u00e4m\u00e4tt\u00f6miin ilma-aluksiin.<\/p>\n<p>Kasvuinvestointi rahoitetaan p\u00e4\u00e4osin ICEYEn omalla p\u00e4\u00e4omalla ja liiketoiminnan kassavirralla. Ratkaisevana vipuvartena toimii Business Finlandin my\u00f6nt\u00e4m\u00e4 41,1 miljoonan euron lis\u00e4rahoitus, joka koostuu 5,7 miljoonan euron tutkimus- ja tuotekehitysavustuksesta sek\u00e4 35,4 miljoonan euron tuotekehityslainasta. Investointi nopeuttaa merkitt\u00e4v\u00e4sti ICEYEn tuotekehityst\u00e4 ja vahvistaa Suomen asemaa avaruus- ja puolustusteknologian k\u00e4rkimaana.\u00a0<\/p>\n<p><strong>Merkitt\u00e4v\u00e4\u00e4 kasvua Suomessa ja kansainv\u00e4lisesti<\/strong>\u00a0<\/p>\n<p>\u2013 ICEYE on kasvanut voimakkaasti viime vuosien aikana. T\u00e4m\u00e4n merkitt\u00e4v\u00e4n lis\u00e4rahoituksen mahdollistama investointiohjelma tulee merkitsem\u00e4\u00e4n panostuksia uusien teknologioiden ja kyvykkyyksien kehitt\u00e4miseen, sek\u00e4 valmiuden vastata avaruuspohjaisten teknologioiden voimakkaasti kasvavaan kysynt\u00e4\u00e4n. Business Finlandin tuki ICEYEn kasvun rinnalla mahdollistaa satojen uusien korkeakoulutettujen ty\u00f6paikkojen syntymisen Suomeen, ICEYEn toimintojen skaalaamisen kansallisesti, sek\u00e4 suomalaisen huipputeknologian viemisen maailmalle toimialansa kirkkaana edell\u00e4k\u00e4vij\u00e4n\u00e4, sanoo <strong>Pekka Laurila<\/strong>, ICEYEn perustajaj\u00e4sen ja strategiajohtaja.<\/p>\n<p>Investoinnin vaikutukset ulottuvat my\u00f6s kansainv\u00e4liselle tasolle. Eurooppa tarvitsee yh\u00e4 vahvempaa omaa tiedusteluteknologista osaamista vahvistaakseen kriisinkest\u00e4vyytt\u00e4\u00e4n ja resilienssi\u00e4\u00e4n. ICEYE toimii jo nyt luotettuna kumppanina useille valtioille turvallisuuden, puolustuksen ja yhteiskunnallisen varautumisen alueilla. Eurooppalaisena ja itsen\u00e4isen\u00e4 toimijana ICEYElla on kyky toimittaa tilannekuvaj\u00e4rjestelmi\u00e4 kumppanimaiden puolustusorganisaatioille.<\/p>\n<p><strong>Pitk\u00e4j\u00e4nteist\u00e4 ja j\u00e4rjestelm\u00e4llist\u00e4 tukea Suomen kasvavalle avaruusalalle<\/strong>\u00a0<\/p>\n<p>\u2013 Business Finlandin ja sen edelt\u00e4j\u00e4n Tekesin panostukset tutkimus- ja kehitystoimintaan sek\u00e4 innovaatioihin ovat luoneet vahvan pohjan suomalaisen avaruusalan jatkuvalle kasvulle ja menestykselle. New Space Economy -ohjelmamme vuosina 2018\u20132022 on ollut merkitt\u00e4v\u00e4 tekij\u00e4 suomalaisen avaruusalan kehityksess\u00e4. T\u00e4m\u00e4 on silti vasta alkua. Business Finland on suurella innolla mukana rakentamassa Suomesta maailman parasta avaruus- ja puolustusalan ekosysteemi\u00e4, Lassi Noponen jatkaa.<\/p>\n","protected":false},"excerpt":{"rendered":"Suomalainen avaruus- ja puolustusteknologiayhti\u00f6 ICEYE k\u00e4ynnist\u00e4\u00e4 yli 250 miljoonan euron investointiohjelman. Tavoitteena on vahvistaa yhti\u00f6n globaalia asemaa avaruus-&hellip;\n","protected":false},"author":2,"featured_media":21497,"comment_status":"","ping_status":"","sticky":false,"template":"","format":"standard","meta":{"footnotes":""},"categories":[114],"tags":[453,33,31,30,118,452,32,119],"class_list":{"0":"post-21496","1":"post","2":"type-post","3":"status-publish","4":"format-standard","5":"has-post-thumbnail","7":"category-avaruus","8":"tag-avaruus","9":"tag-fi","10":"tag-finland","11":"tag-finnish","12":"tag-science","13":"tag-space","14":"tag-suomi","15":"tag-tiede"},"share_on_mastodon":{"url":"","error":""},"_links":{"self":[{"href":"https:\/\/www.europesays.com\/fi\/wp-json\/wp\/v2\/posts\/21496","targetHints":{"allow":["GET"]}}],"collection":[{"href":"https:\/\/www.europesays.com\/fi\/wp-json\/wp\/v2\/posts"}],"about":[{"href":"https:\/\/www.europesays.com\/fi\/wp-json\/wp\/v2\/types\/post"}],"author":[{"embeddable":true,"href":"https:\/\/www.europesays.com\/fi\/wp-json\/wp\/v2\/users\/2"}],"replies":[{"embeddable":true,"href":"https:\/\/www.europesays.com\/fi\/wp-json\/wp\/v2\/comments?post=21496"}],"version-history":[{"count":0,"href":"https:\/\/www.europesays.com\/fi\/wp-json\/wp\/v2\/posts\/21496\/revisions"}],"wp:featuredmedia":[{"embeddable":true,"href":"https:\/\/www.europesays.com\/fi\/wp-json\/wp\/v2\/media\/21497"}],"wp:attachment":[{"href":"https:\/\/www.europesays.com\/fi\/wp-json\/wp\/v2\/media?parent=21496"}],"wp:term":[{"taxonomy":"category","embeddable":true,"href":"https:\/\/www.europesays.com\/fi\/wp-json\/wp\/v2\/categories?post=21496"},{"taxonomy":"post_tag","embeddable":true,"href":"https:\/\/www.europesays.com\/fi\/wp-json\/wp\/v2\/tags?post=21496"}],"curies":[{"name":"wp","href":"https:\/\/api.w.org\/{rel}","templated":true}]}}