{"id":21500,"date":"2025-08-31T10:19:08","date_gmt":"2025-08-31T10:19:08","guid":{"rendered":"https:\/\/www.europesays.com\/fi\/21500\/"},"modified":"2025-08-31T10:19:08","modified_gmt":"2025-08-31T10:19:08","slug":"en-ole-ikina-nahnyt-mitaan-vastaavaa","status":"publish","type":"post","link":"https:\/\/www.europesays.com\/fi\/21500\/","title":{"rendered":"\u201dEn ole ikin\u00e4 n\u00e4hnyt mit\u00e4\u00e4n vastaavaa\u201d"},"content":{"rendered":"<p>Sylvain Francisco sai korisv\u00e4en vihat niskaansa.<\/p>\n<p><img decoding=\"async\" class=\"image image-show image-preview\" src=\"https:\/\/www.europesays.com\/fi\/wp-content\/uploads\/2025\/08\/9a5ce2f78008fefb6d2394b83679e990ef7b8dc5bb9d6064d1edf4f7131b9460.jpg\" alt=\"\"\/><img decoding=\"async\" class=\"image image-show\" src=\"https:\/\/www.europesays.com\/fi\/wp-content\/uploads\/2025\/08\/1756635548_199_9a5ce2f78008fefb6d2394b83679e990ef7b8dc5bb9d6064d1edf4f7131b9460.jpg\" alt=\"\"\/><\/p>\n<p>Sylvain Francisco syyllistyi ep\u00e4urheilijamaiseen k\u00e4yt\u00f6kseen. AOP<\/p>\n<p class=\"paragraph\">Slovenian ja Ranskan v\u00e4list\u00e4 EM-kisamatsia oli pelaamatta en\u00e4\u00e4 muutamia sekunteja, kun <strong>Sylvain Francisco<\/strong> k\u00e4tteli jo NBA-t\u00e4hti <strong>Luka Doncicia<\/strong>. Ranska johti 101\u201395.<\/p>\n<p class=\"paragraph\">Sitten tapahtui jotain todella erikoista.<\/p>\n<p class=\"paragraph\">K\u00e4ttelyn j\u00e4lkeen Francisco otti vauhtia ja heitti helpon lay-upin, kun muut pelaajat jo olivat jo lopettaneet pelaamisen ja k\u00e4tteliv\u00e4t kesken\u00e4\u00e4n.<\/p>\n<p class=\"paragraph\">\u2013 Todella h\u00e4pe\u00e4llist\u00e4 k\u00e4yt\u00f6st\u00e4 Ranskan pelaajalta Sylvain Franciscolta, slovenialainen koripallofanitili Slo Hoops Fan kiteytt\u00e4\u00e4 pelaajan tempun viestipalvelu X:ss\u00e4.<\/p>\n<p class=\"paragraph\">Tempun j\u00e4lkeen kent\u00e4ll\u00e4 tuli luonnollisesti pieni torikokous, sill\u00e4 t\u00f6rke\u00e4 temppu oli t\u00e4ysin vastoin herrasmiess\u00e4\u00e4nt\u00f6j\u00e4. Koria ei silti voitu hyl\u00e4t\u00e4, ja Ranska voitti 103\u201395.<\/p>\n<p class=\"paragraph\">\u2013 En ole ikin\u00e4 n\u00e4hnyt mit\u00e4\u00e4n vastaavaa, Slo Hoops Fan totesi p\u00e4ivityksen lopuksi.<\/p>\n<p class=\"paragraph\">Erityisen t\u00f6rke\u00e4n tempusta teki se, ett\u00e4 EM-kisoissa yhdell\u00e4kin pisteell\u00e4 voi olla jopa ratkaiseva merkitys jatkopaikan suhteen, jos joukkueet p\u00e4\u00e4ttyv\u00e4t tasapisteisiin.<\/p>\n<p class=\"paragraph\">\u2013 Minua kaduttaa vain se, ett\u00e4 k\u00e4ttelimme. Minun olisi pit\u00e4nyt sanoa [Doncicille], ett\u00e4 puolusta, Francisco sanoi ottelun j\u00e4lkeen.<\/p>\n<p class=\"paragraph\">Mies sanoi tiedostavansa, ett\u00e4 EM-kisoissa jokaisella pisteell\u00e4 voi olla merkityst\u00e4.<\/p>\n<p class=\"paragraph\">\u2013 Juuri siksi p\u00e4\u00e4ss\u00e4ni v\u00e4l\u00e4hti. Normaalisti en ikin\u00e4 tekisi sit\u00e4, mutta minun on kannettava vastuuni t\u00e4st\u00e4 ja ment\u00e4v\u00e4 eteenp\u00e4in.<\/p>\n<p class=\"paragraph\">Ranska johtaa kahden kierroksen j\u00e4lkeen D-lohkoa nelj\u00e4ll\u00e4 pisteell\u00e4. Puola on tasapisteiss\u00e4, mutta toisena huonomman piste-eron vuoksi.<\/p>\n<p class=\"paragraph\">Slovenia on viidenten\u00e4. Se on h\u00e4vinnyt Ranskan lis\u00e4ksi Puolalle.<\/p>\n<p class=\"paragraph\">Jos video ei n\u00e4y laitteellasi, voit katsoa sen <a href=\"https:\/\/x.com\/SloHoopsFan\/status\/1961843071290937387?ref_src=twsrc%5Etfw%7Ctwcamp%5Etweetembed%7Ctwterm%5E1961843071290937387%7Ctwgr%5E429f30c1951ccd74fa64d82b56973387e275a4c8%7Ctwcon%5Es1_&amp;ref_url=https%3A%2F%2Fembed.sanoma-sndp.fi%2Fext%2Fembed%2F%3Furl%3Dhttps3A2F2Ftwitter.com2FSloHoopsFan2Fstatus2F1961843071290937387\" rel=\"noopener nofollow\">t\u00e4\u00e4lt\u00e4<\/a>.<\/p>\n<p><script async src=\"https:\/\/platform.twitter.com\/widgets.js\" charset=\"utf-8\"><\/script><\/p>\n","protected":false},"excerpt":{"rendered":"Sylvain Francisco sai korisv\u00e4en vihat niskaansa. Sylvain Francisco syyllistyi ep\u00e4urheilijamaiseen k\u00e4yt\u00f6kseen. AOP Slovenian ja Ranskan v\u00e4list\u00e4 EM-kisamatsia oli&hellip;\n","protected":false},"author":2,"featured_media":21501,"comment_status":"","ping_status":"","sticky":false,"template":"","format":"standard","meta":{"footnotes":""},"categories":[158],"tags":[35,33,31,30,763,41,159,32,397,538,160,2957,161],"class_list":{"0":"post-21500","1":"post","2":"type-post","3":"status-publish","4":"format-standard","5":"has-post-thumbnail","7":"category-urheilu","8":"tag-24h","9":"tag-fi","10":"tag-finland","11":"tag-finnish","12":"tag-kulttuuri-ja-viihde","13":"tag-liikunta-ja-urheilu","14":"tag-sports","15":"tag-suomi","16":"tag-taide","17":"tag-tiede-ja-tekniikka","18":"tag-urheilu","19":"tag-urheilujarjestot","20":"tag-urheilutapahtumat"},"share_on_mastodon":{"url":"","error":""},"_links":{"self":[{"href":"https:\/\/www.europesays.com\/fi\/wp-json\/wp\/v2\/posts\/21500","targetHints":{"allow":["GET"]}}],"collection":[{"href":"https:\/\/www.europesays.com\/fi\/wp-json\/wp\/v2\/posts"}],"about":[{"href":"https:\/\/www.europesays.com\/fi\/wp-json\/wp\/v2\/types\/post"}],"author":[{"embeddable":true,"href":"https:\/\/www.europesays.com\/fi\/wp-json\/wp\/v2\/users\/2"}],"replies":[{"embeddable":true,"href":"https:\/\/www.europesays.com\/fi\/wp-json\/wp\/v2\/comments?post=21500"}],"version-history":[{"count":0,"href":"https:\/\/www.europesays.com\/fi\/wp-json\/wp\/v2\/posts\/21500\/revisions"}],"wp:featuredmedia":[{"embeddable":true,"href":"https:\/\/www.europesays.com\/fi\/wp-json\/wp\/v2\/media\/21501"}],"wp:attachment":[{"href":"https:\/\/www.europesays.com\/fi\/wp-json\/wp\/v2\/media?parent=21500"}],"wp:term":[{"taxonomy":"category","embeddable":true,"href":"https:\/\/www.europesays.com\/fi\/wp-json\/wp\/v2\/categories?post=21500"},{"taxonomy":"post_tag","embeddable":true,"href":"https:\/\/www.europesays.com\/fi\/wp-json\/wp\/v2\/tags?post=21500"}],"curies":[{"name":"wp","href":"https:\/\/api.w.org\/{rel}","templated":true}]}}