{"id":215086,"date":"2026-04-07T15:58:11","date_gmt":"2026-04-07T15:58:11","guid":{"rendered":"https:\/\/www.europesays.com\/fi\/215086\/"},"modified":"2026-04-07T15:58:11","modified_gmt":"2026-04-07T15:58:11","slug":"esko-eerikainen-kasvoja-operoitiin-seiska","status":"publish","type":"post","link":"https:\/\/www.europesays.com\/fi\/215086\/","title":{"rendered":"Esko Eerik\u00e4inen: Kasvoja operoitiin! | Seiska"},"content":{"rendered":"<p class=\"article-content article-content-width !bg-background\">Radiojuontaja <a alt=\"Haku\" class=\"text-primary-red font-extrabold\" href=\"https:\/\/www.seiska.fi\/haku?q=Esko Eerik\u00e4isen\" rel=\"nofollow noopener\" target=\"_blank\">Esko Eerik\u00e4isen<\/a> kasvoja operoitiin. Asia selvi\u00e4\u00e4 Eskon tiistaina (7.4.) <a href=\"https:\/\/www.instagram.com\/eerikainenesko\/\" aria-label=\"Esko Eerik\u00e4isen Instagram&#039;\" target=\"_blank\" rel=\"nofollow noopener\">Instagram-tilins\u00e4<\/a> tarinat-osiossa julkaisemasta videosta.<\/p>\n<p class=\"font-weight-bold m-font-weight-bold article-content article-content-width !bg-background\">Video: Esko Eerik\u00e4inen kertoo silm\u00e4luomileikkauksestaan!<\/p>\n<p class=\"article-content article-content-width !bg-background\">Esko tunnetaan paitsi lenkkareiden intohimoisena ker\u00e4ilij\u00e4n\u00e4, my\u00f6s muunlaisen estetiikan intohimoisena yst\u00e4v\u00e4n\u00e4. Jotain t\u00e4st\u00e4 kertoo sekin, ett\u00e4 Eskon kehoa koristavat tatuoinnit aina kasvoja my\u00f6ten.<\/p>\n<p class=\"article-content article-content-width !bg-background\">T\u00e4ll\u00e4 kertaa Esko ei k\u00e4ynyt ottamassa itselleen uutta tatuointia, vaikka l\u00e4helt\u00e4 liippaa. Esko nimitt\u00e4in kertoo, ett\u00e4 h\u00e4n k\u00e4vi ottamassa itselleen microdermal-l\u00e4vistyksen.<\/p>\n<p>Silm\u00e4kulma<\/p>\n<p class=\"article-content article-content-width !bg-background\">Videollaan suosikkijuontaja esittelee uutta l\u00e4vistyst\u00e4\u00e4n. Kyseess\u00e4 on l\u00e4pin\u00e4kyv\u00e4 timantti, joka koristaa jatkossa Novan iltap\u00e4iv\u00e4-\u00e4\u00e4nen oikeaa silm\u00e4kulmaa.<\/p>\n<p class=\"article-content article-content-width !bg-background\">Timantti on istutettu Eskon kasvoja kaunistavan t\u00e4hti-tatuoinnin sis\u00e4\u00e4n.<\/p>\n<p>                <img decoding=\"async\" src=\"https:\/\/www.europesays.com\/fi\/wp-content\/uploads\/2026\/04\/2064531.webp.jpeg\" width=\"576\" height=\"720\" title=\"Esko kuvattuna tammikuussa 2026. T\u00e4t\u00e4 nyky\u00e4 Eskon kasvojen vasenta puolta koristaa pieni timantti.\" alt=\"Esko Eerik\u00e4inen\" loading=\"lazy\" \/>            <\/p>\n<p>\n            Esko kuvattuna tammikuussa 2026. T\u00e4t\u00e4 nyky\u00e4 Eskon kasvojen vasenta puolta koristaa pieni timantti.<br \/>\n            Jani Korpela\n        <\/p>\n<p class=\"article-content article-content-width !bg-background\">\u2013 Katsokaa, t\u00e4llainen. Pikku timantti, Esko toteaa videollaan, jossa h\u00e4n n\u00e4ytt\u00e4\u00e4 l\u00e4hikuvaa uudesta l\u00e4vistyksest\u00e4\u00e4n.<\/p>\n<p class=\"article-content article-content-width !bg-background\">Koru-esittelyn lis\u00e4ksi Esko on julkaissut graafisen videon itse l\u00e4vistysoperaatiosta.<\/p>\n<p class=\"article-content article-content-width !bg-background\">Instagramin tarinat ovat katsottavissa vuorokauden ajan julkaisustaan.<\/p>\n<p>Ehdolla suosikiksi\u00a0<\/p>\n<p class=\"article-content article-content-width !bg-background\">T\u00e4ll\u00e4 viikolla (10.4.) j\u00e4rjestet\u00e4\u00e4n j\u00e4lleen vuosittainen Radio-gaala, jossa palkitaan radioalan parhaita tekij\u00f6it\u00e4.<\/p>\n<p>                <img decoding=\"async\" src=\"https:\/\/www.europesays.com\/fi\/wp-content\/uploads\/2026\/04\/2001197.webp.jpeg\" width=\"576\" height=\"720\" alt=\"Esko Eerik\u00e4inen Radiogaalassa 2025.\" loading=\"lazy\" \/>            <\/p>\n<p>\n            Esko Eerik\u00e4inen Radiogaalassa 2025.<br \/>\n            Timo Korhonen\n        <\/p>\n<p class=\"article-content article-content-width !bg-background\">Scandinavian Hunks -tanssiryhm\u00e4st\u00e4 alunperin tunnetuksi tullut Esko on ehdolla vuoden radiojuontajaksi.<\/p>\n<p class=\"article-content article-content-width !bg-background\">Taas.<\/p>\n<p class=\"article-content article-content-width !bg-background\">H\u00e4n on nimitt\u00e4in ollut ehdolla samassa kategoriassa useita kertoja aiemminkin. Pysti on kuitenkin mennyt joka kerran jollekin muulle: <a alt=\"Haku\" class=\"text-primary-red font-extrabold\" href=\"https:\/\/www.seiska.fi\/haku?q=Niko Saarinen\" rel=\"nofollow noopener\" target=\"_blank\">Niko Saarinen<\/a> on palkittu vuoden radiojuontajana nyt kolmesti per\u00e4kk\u00e4in.<\/p>\n<p class=\"article-content article-content-width !bg-background\">Esko on puhunut gaalatulosten aiheuttamasta harmituksesta avoimesti mediassa.<\/p>\n<p><script async src=\"\/\/www.instagram.com\/embed.js\"><\/script><\/p>\n","protected":false},"excerpt":{"rendered":"Radiojuontaja Esko Eerik\u00e4isen kasvoja operoitiin. Asia selvi\u00e4\u00e4 Eskon tiistaina (7.4.) Instagram-tilins\u00e4 tarinat-osiossa julkaisemasta videosta. Video: Esko Eerik\u00e4inen kertoo&hellip;\n","protected":false},"author":2,"featured_media":215087,"comment_status":"","ping_status":"","sticky":false,"template":"","format":"standard","meta":{"footnotes":"","_share_on_mastodon":"0"},"categories":[136],"tags":[407,137,1176,33,31,30,408,2682,2878,3229,9877,6892,32,109],"class_list":["post-215086","post","type-post","status-publish","format-standard","has-post-thumbnail","category-julkkikset","tag-celebrities","tag-entertainment","tag-esko-eerikainen","tag-fi","tag-finland","tag-finnish","tag-julkkikset","tag-kauneus","tag-martina-aitolehti","tag-radio-nova","tag-radiogaala","tag-scandinavian-hunks","tag-suomi","tag-viihde"],"share_on_mastodon":{"url":"https:\/\/pubeurope.com\/@fi\/116364254237847407","error":""},"_links":{"self":[{"href":"https:\/\/www.europesays.com\/fi\/wp-json\/wp\/v2\/posts\/215086","targetHints":{"allow":["GET"]}}],"collection":[{"href":"https:\/\/www.europesays.com\/fi\/wp-json\/wp\/v2\/posts"}],"about":[{"href":"https:\/\/www.europesays.com\/fi\/wp-json\/wp\/v2\/types\/post"}],"author":[{"embeddable":true,"href":"https:\/\/www.europesays.com\/fi\/wp-json\/wp\/v2\/users\/2"}],"replies":[{"embeddable":true,"href":"https:\/\/www.europesays.com\/fi\/wp-json\/wp\/v2\/comments?post=215086"}],"version-history":[{"count":0,"href":"https:\/\/www.europesays.com\/fi\/wp-json\/wp\/v2\/posts\/215086\/revisions"}],"wp:featuredmedia":[{"embeddable":true,"href":"https:\/\/www.europesays.com\/fi\/wp-json\/wp\/v2\/media\/215087"}],"wp:attachment":[{"href":"https:\/\/www.europesays.com\/fi\/wp-json\/wp\/v2\/media?parent=215086"}],"wp:term":[{"taxonomy":"category","embeddable":true,"href":"https:\/\/www.europesays.com\/fi\/wp-json\/wp\/v2\/categories?post=215086"},{"taxonomy":"post_tag","embeddable":true,"href":"https:\/\/www.europesays.com\/fi\/wp-json\/wp\/v2\/tags?post=215086"}],"curies":[{"name":"wp","href":"https:\/\/api.w.org\/{rel}","templated":true}]}}