{"id":21534,"date":"2025-08-31T11:08:09","date_gmt":"2025-08-31T11:08:09","guid":{"rendered":"https:\/\/www.europesays.com\/fi\/21534\/"},"modified":"2025-08-31T11:08:09","modified_gmt":"2025-08-31T11:08:09","slug":"caviar-yllatti-esitteli-jo-erikoisversiot-applen-viela-julkistamattomista-iphone-17-puhelimista-takakamerat-poistettu","status":"publish","type":"post","link":"https:\/\/www.europesays.com\/fi\/21534\/","title":{"rendered":"Caviar yll\u00e4tti: esitteli jo erikoisversiot Applen viel\u00e4 julkistamattomista iPhone 17 -puhelimista \u2013 takakamerat poistettu"},"content":{"rendered":"<p><a href=\"https:\/\/mobiili.fi\/wp-content\/uploads\/2025\/08\/iphone_17_air_stealth_carbon_1.jpg\" data-lightbox=\"image\" rel=\"nofollow noopener\" target=\"_blank\"><img fetchpriority=\"high\" decoding=\"async\" aria-describedby=\"caption-attachment-264570\" class=\"size-large wp-image-264570\" src=\"data:image\/svg+xml,%3Csvg%20xmlns=\" http:=\"\" alt=\"Caviar iPhone 17 Air Stealth Carbon.\" width=\"1200\" height=\"675\" data-lazy- data-lazy- data-lazy-src=\"https:\/\/www.europesays.com\/fi\/wp-content\/uploads\/2025\/08\/iphone_17_air_stealth_carbon_1-1200x675.jpg\"\/><\/a><\/p>\n<p id=\"caption-attachment-264570\" class=\"wp-caption-text\">Caviar iPhone 17 Air Stealth Carbon.<\/p>\n<p>Alkujaan ven\u00e4l\u00e4isl\u00e4ht\u00f6inen, nykyisin kansainv\u00e4lisesti Dubaista k\u00e4sin toimiva Caviar on esitellyt jo useampia erikoisversioita Applen tulevista iPhone 17 -puhelimista \u2013 mukaan lukien Stealth-mallit, joista se on poistanut takakamerat.<\/p>\n<p>Caviar on erikoistunut erilaisiin luksusversioihin puhelimista, useimmiten iPhoneista. Nyt br\u00e4ndi on liikkeell\u00e4 varhain, sill\u00e4 Applen odotetaan julkistavan iPhone 17 -puhelimensa vasta 9. syyskuuta.<\/p>\n<p>Ensimm\u00e4isiin Caviarin esittelem\u00e4t erikoisversioihin iPhone 17 -puhelimista lukeutuu my\u00f6s erikoisempia vaihtoehtoja.<\/p>\n<p><a href=\"https:\/\/mobiili.fi\/wp-content\/uploads\/2025\/08\/iphone_17_air_stealth_carbon_2.jpg\" data-lightbox=\"image\" rel=\"nofollow noopener\" target=\"_blank\"><img loading=\"lazy\" decoding=\"async\" aria-describedby=\"caption-attachment-264571\" class=\"size-large wp-image-264571\" src=\"data:image\/svg+xml,%3Csvg%20xmlns=\" http:=\"\" alt=\"Caviar iPhone 17 Air Stealth Carbon sivulta.\" width=\"1200\" height=\"675\" data-lazy- data-lazy- data-lazy-src=\"https:\/\/www.europesays.com\/fi\/wp-content\/uploads\/2025\/08\/iphone_17_air_stealth_carbon_2-1200x675.jpg\"\/><\/a><\/p>\n<p id=\"caption-attachment-264571\" class=\"wp-caption-text\">Caviar iPhone 17 Air Stealth Carbon sivulta.<\/p>\n<p style=\"width: 98%; text-align: center; font-size:13px; border-bottom: 1px solid #C8C8C8; line-height: 0.1em; margin: 8px 1% 16px 1%;\">MAINOS (ARTIKKELI JATKUU ALLA)<\/p>\n<p>Stealth Collection -sarjassa on esitelty erikoisversiot odotetusta uudesta ohuemmasta iPhone 17 -mallista, nimelt\u00e4\u00e4n mahdollisesti iPhone 17 Air, sek\u00e4 huippumalleista iPhone 17 Prosta ja iPhone 17 Pro Maxista.<\/p>\n<p>Stealth-malleissaan Caviar on poistanut iPhoneista takakamerat kokonaan ja korvannut ne yhten\u00e4isell\u00e4 takakuorella.<\/p>\n<p>Caviar iPhone 17 Air Stealth Carbonissa takakuori on hilikuitua, Caviar iPhone 17 Pro ja Pro Max Stealth Titanissa titaania.<\/p>\n<p style=\"width: 98%; text-align: center; font-size:13px; border-bottom: 1px solid #C8C8C8; line-height: 0.1em; margin: 8px 1% 16px 1%;\">MAINOS (ARTIKKELI JATKUU ALLA)<\/p>\n<p>Molempia versioita valmistetaan vain 19 kappaletta<\/p>\n<p><a href=\"https:\/\/mobiili.fi\/wp-content\/uploads\/2025\/08\/iphone_17_pro_max_stealth_titan_1.jpg\" data-lightbox=\"image\" rel=\"nofollow noopener\" target=\"_blank\"><img loading=\"lazy\" decoding=\"async\" aria-describedby=\"caption-attachment-264572\" class=\"size-large wp-image-264572\" src=\"data:image\/svg+xml,%3Csvg%20xmlns=\" http:=\"\" alt=\"Caviar iPhone 17 Pro Max Stealth Titan.\" width=\"1200\" height=\"675\" data-lazy- data-lazy- data-lazy-src=\"https:\/\/www.europesays.com\/fi\/wp-content\/uploads\/2025\/08\/iphone_17_pro_max_stealth_titan_1-1200x675.jpg\"\/><\/a><\/p>\n<p id=\"caption-attachment-264572\" class=\"wp-caption-text\">Caviar iPhone 17 Pro Max Stealth Titan.<\/p>\n<p>Lis\u00e4ksi iPhone 17 Pro -malleista tarjolla on my\u00f6s Stealth Titan Gold -malli, jossa on titaanirunko kultapinnoitteella ja ilman kameroita. T\u00e4t\u00e4 mallia on tarkoitus valmistaa 99 kappaletta.<\/p>\n<p>Edullisia Caviarin erikoisversiot eiv\u00e4t ole: <a href=\"https:\/\/caviar.global\/collections\/stealth-2\/stealth_id28661\" rel=\"nofollow noopener\" target=\"_blank\">iPhone 17 Air Stealth Carbonin hinta on alkaen 7 740 euroa<\/a> ja <a href=\"https:\/\/caviar.global\/collections\/stealth-2\/agent_id28660\" rel=\"nofollow noopener\" target=\"_blank\">iPhone 17 Pro Max Stealth Titanin 8 000 euroa<\/a>.<\/p>\n<p><a href=\"https:\/\/mobiili.fi\/wp-content\/uploads\/2025\/08\/iphone_17_pro_max_stealth_titan_2.jpg\" data-lightbox=\"image\" rel=\"nofollow noopener\" target=\"_blank\"><img loading=\"lazy\" decoding=\"async\" aria-describedby=\"caption-attachment-264573\" class=\"size-large wp-image-264573\" src=\"data:image\/svg+xml,%3Csvg%20xmlns=\" http:=\"\" alt=\"Caviar iPhone 17 Pro Max Stealth Titan sivulta.\" width=\"1200\" height=\"675\" data-lazy- data-lazy- data-lazy-src=\"https:\/\/www.europesays.com\/fi\/wp-content\/uploads\/2025\/08\/iphone_17_pro_max_stealth_titan_2-1200x675.jpg\"\/><\/a><\/p>\n<p id=\"caption-attachment-264573\" class=\"wp-caption-text\">Caviar iPhone 17 Pro Max Stealth Titan sivulta.<\/p>\n<p>Mainos: <a href=\"https:\/\/hinta.fi\/?src=gPp6fX03\" target=\"_blank\" rel=\"nofollow noopener\">Noin 1 600 000 tuotteen hintavertailu ja hintaseuranta &#8211; katso Hinta.fist\u00e4 mist\u00e4 saat halvimmalla<\/a><\/p>\n","protected":false},"excerpt":{"rendered":"Caviar iPhone 17 Air Stealth Carbon. Alkujaan ven\u00e4l\u00e4isl\u00e4ht\u00f6inen, nykyisin kansainv\u00e4lisesti Dubaista k\u00e4sin toimiva Caviar on esitellyt jo useampia&hellip;\n","protected":false},"author":2,"featured_media":21535,"comment_status":"","ping_status":"","sticky":false,"template":"","format":"standard","meta":{"footnotes":""},"categories":[85],"tags":[33,31,30,419,418,32,91,92],"class_list":{"0":"post-21534","1":"post","2":"type-post","3":"status-publish","4":"format-standard","5":"has-post-thumbnail","7":"category-mobiili","8":"tag-fi","9":"tag-finland","10":"tag-finnish","11":"tag-mobiili","12":"tag-mobile","13":"tag-suomi","14":"tag-technology","15":"tag-teknologia"},"share_on_mastodon":{"url":"","error":""},"_links":{"self":[{"href":"https:\/\/www.europesays.com\/fi\/wp-json\/wp\/v2\/posts\/21534","targetHints":{"allow":["GET"]}}],"collection":[{"href":"https:\/\/www.europesays.com\/fi\/wp-json\/wp\/v2\/posts"}],"about":[{"href":"https:\/\/www.europesays.com\/fi\/wp-json\/wp\/v2\/types\/post"}],"author":[{"embeddable":true,"href":"https:\/\/www.europesays.com\/fi\/wp-json\/wp\/v2\/users\/2"}],"replies":[{"embeddable":true,"href":"https:\/\/www.europesays.com\/fi\/wp-json\/wp\/v2\/comments?post=21534"}],"version-history":[{"count":0,"href":"https:\/\/www.europesays.com\/fi\/wp-json\/wp\/v2\/posts\/21534\/revisions"}],"wp:featuredmedia":[{"embeddable":true,"href":"https:\/\/www.europesays.com\/fi\/wp-json\/wp\/v2\/media\/21535"}],"wp:attachment":[{"href":"https:\/\/www.europesays.com\/fi\/wp-json\/wp\/v2\/media?parent=21534"}],"wp:term":[{"taxonomy":"category","embeddable":true,"href":"https:\/\/www.europesays.com\/fi\/wp-json\/wp\/v2\/categories?post=21534"},{"taxonomy":"post_tag","embeddable":true,"href":"https:\/\/www.europesays.com\/fi\/wp-json\/wp\/v2\/tags?post=21534"}],"curies":[{"name":"wp","href":"https:\/\/api.w.org\/{rel}","templated":true}]}}