{"id":215354,"date":"2026-04-07T23:02:12","date_gmt":"2026-04-07T23:02:12","guid":{"rendered":"https:\/\/www.europesays.com\/fi\/215354\/"},"modified":"2026-04-07T23:02:12","modified_gmt":"2026-04-07T23:02:12","slug":"brittihallitus-kielsi-kanye-westin-paasyn-maahan-juutalaisvastaisten-mielipiteiden-vuoksi-wireless-festivaali-perutaan-kulttuuri","status":"publish","type":"post","link":"https:\/\/www.europesays.com\/fi\/215354\/","title":{"rendered":"Brittihallitus kielsi Kanye Westin p\u00e4\u00e4syn maahan juutalais\u00advastaisten mielipiteiden vuoksi \u2013 Wireless-festivaali perutaan | Kulttuuri"},"content":{"rendered":"<p class=\"aw-1gybjub aw-5vja16 kEtdKx kmuxyA yle__article__paragraph\">Kanye Westin oli m\u00e4\u00e4r\u00e4 esiinty\u00e4 Lontoossa hein\u00e4kuisella hip-hop- ja rapmusiikkiin keskittyv\u00e4ll\u00e4 Wireless-festivaalilla.<\/p>\n<p><img decoding=\"async\" alt=\"Kanye West Grammy-gaalassa Los Angelesissa.\" src=\"https:\/\/www.europesays.com\/fi\/wp-content\/uploads\/2026\/01\/39-158713369779ddef1189.jpeg\" class=\"aw-1l9m598 hKVVvP\"\/><\/p>\n<p>Avaa kuvien katselu<\/p>\n<p>Useiden brittipoliitikkojen mielest\u00e4 Kanye Westin alias Yen kaltaisen artistin esiintyminen lontoolaisella festivaalilla olisi v\u00e4\u00e4r\u00e4nlainen viesti yleis\u00f6lle. Kuva: Allison Dinnier \/ EPA<\/p>\n<p class=\"aw-1gybjub aw-1p7kakr kEtdKx cEmitX yle__article__paragraph\">Britannian hallitus on tehnyt harvinaisen p\u00e4\u00e4t\u00f6ksen ja est\u00e4nyt yhdysvaltalaismuusikon p\u00e4\u00e4syn maahan.<\/p>\n<p class=\"aw-1gybjub aw-1p7kakr kEtdKx cEmitX yle__article__paragraph\">My\u00f6s Ye nimell\u00e4 esiintyv\u00e4n Kanye Westin oli m\u00e4\u00e4r\u00e4 esiinty\u00e4 Lontoossa hein\u00e4kuisella hip-hop- ja rapmusiikkiin keskittyv\u00e4ll\u00e4 Wireless-festivaalilla.<\/p>\n<p class=\"aw-1gybjub aw-1p7kakr kEtdKx cEmitX yle__article__paragraph\">Artistin aiemmat juutalaisvastaiset ulostulot <a class=\"aw-iao6s4 iHOxEa yle__article__link\" href=\"https:\/\/www.theguardian.com\/news\/2026\/apr\/06\/kanye-west-ban-wireless-festival-antisemitism-charity-starmer\" role=\"link\" rel=\"nofollow noopener\" target=\"_blank\">saivat kuitenkin brittipoliitikot varpailleen<\/a>. Nyt esiintyminen on peruttu, sill\u00e4 maan hallitus on <a class=\"aw-iao6s4 iHOxEa yle__article__link\" href=\"https:\/\/www.bbc.com\/news\/articles\/c4gxk3kxjr0o?at_link_id=27365224-327F-11F1-9DDA-A5AEE28C2A06&amp;at_bbc_team=editorial&amp;at_format=link&amp;at_ptr_name=twitter&amp;at_campaign=Social_Flow&amp;at_medium=social&amp;at_campaign_type=owned&amp;at_link_origin=BBCBreaking&amp;at_link_type=web_link\" role=\"link\" rel=\"nofollow noopener\" target=\"_blank\">ev\u00e4nnyt Kanye Westilt\u00e4 maahantuloluvan, kertoo BBC.<\/a><\/p>\n<p class=\"aw-1gybjub aw-1p7kakr kEtdKx cEmitX yle__article__paragraph\">Wireless-festivaali on ilmoittanut peruvansa koko tapahtuman.<\/p>\n<p class=\"aw-1gybjub aw-1p7kakr kEtdKx cEmitX yle__article__paragraph\">Kanye West julkaisi Ye-nimell\u00e4 viime vuonna kappaleen Heil Hitler ja myi netiss\u00e4 hakaristipaitoja. My\u00f6hemmin h\u00e4n pyysi anteeksi ja syytti toiminnastaan kaksisuuntaisen <a class=\"aw-iao6s4 iHOxEa yle__article__link\" href=\"https:\/\/yle.fi\/a\/74-20206558\" role=\"link\" rel=\"nofollow noopener\" target=\"_blank\">mielialah\u00e4iri\u00f6ns\u00e4 aiheuttamaa maniaa sek\u00e4 p\u00e4\u00e4vammaa<\/a>, jonka h\u00e4n sai auto-onnettomuudessa vuonna 2002.<\/p>\n<p>Kanye Westin uudelleensyntym\u00e4<\/p>\n<p class=\"aw-1gybjub aw-1p7kakr kEtdKx cEmitX yle__article__paragraph\">Nyt artisti on hakenut apua sairauksiinsa. Ye julkaisi maaliskuun lopulla uuden albumin Bully, joka on saanut kriitikoiden suitsutusta ja noussut listoille entiseen malliin. Media puhuu <a class=\"aw-iao6s4 iHOxEa yle__article__link\" href=\"https:\/\/www.billboard.com\/lists\/kanye-west-bully-tracks-ranked-best-songs\/damn-2\/\" role=\"link\" rel=\"nofollow noopener\" target=\"_blank\">Kanye Westin uudesta tulemisesta.<\/a><\/p>\n<p class=\"aw-1gybjub aw-1p7kakr kEtdKx cEmitX yle__article__paragraph\">Wireless-festivaali sen sijaan joutui pulaan t\u00e4htiartistinsa kanssa. Festivaalin merkitt\u00e4vimm\u00e4t sponsorit, kuten juomaj\u00e4tit Pepsi ja Diageo, vet\u00e4ytyiv\u00e4t. My\u00f6s poliitikot vaativat j\u00e4rjest\u00e4ji\u00e4 perumaan Westin esiintymisen.<\/p>\n<p><img decoding=\"async\" alt=\"Kolme ihmist\u00e4, joista kaksi on peitt\u00e4nyt kasvonsa, pit\u00e4\u00e4 lakanaa, jossa lukee Kanye is right about the jews.\" src=\"https:\/\/www.europesays.com\/fi\/wp-content\/uploads\/2026\/04\/39-10250536357d56e4ef7c.jpeg\" loading=\"lazy\" class=\"aw-1l9m598 hKVVvP\"\/><\/p>\n<p>Avaa kuvien katselu<\/p>\n<p>Kanye West sai porttikiellon useille sosiaalisen median alustoille mielipiteittens\u00e4 vuoksi jo vuosia sitten. Yhdysvalloissa h\u00e4nen aiemmille ajatuksilleen on l\u00f6ytynyt my\u00f6s kannattajia. Kuva: LAGossipTV \/ Buzzipper \/ Backgrid<\/p>\n<p class=\"aw-1gybjub aw-1p7kakr kEtdKx cEmitX yle__article__paragraph\">Brittimedia The Guardianin mukaan p\u00e4\u00e4ministeri <strong class=\"aw-ak79eh KyCXm yle__article__strong\">Keir Starmer<\/strong> on sanonut pit\u00e4v\u00e4ns\u00e4 eritt\u00e4in huolestuttavana, ett\u00e4 festivaali sallisi Kanye Westin esiintymisen Lontoossa. Nyt artistin p\u00e4\u00e4sy maahan on estetty sill\u00e4 perusteella, ett\u00e4 h\u00e4nen esiintymisens\u00e4 Lontoossa ei edist\u00e4isi yleist\u00e4 hyv\u00e4\u00e4.<\/p>\n<p class=\"aw-1gybjub aw-1p7kakr kEtdKx cEmitX yle__article__paragraph\">Westilt\u00e4 on aiemmin ev\u00e4tty p\u00e4\u00e4sy Australiaan.<a class=\"aw-iao6s4 iHOxEa yle__article__link\" href=\"https:\/\/www.bbc.com\/news\/articles\/cvge48j5lplo\" role=\"link\" rel=\"nofollow noopener\" target=\"_blank\"> Maa perui h\u00e4nen viisuminsa<\/a> sen j\u00e4lkeen, kun Heil Hitler -kappale julkaistiin viime toukokuussa.<\/p>\n<p>R\u00e4pp\u00e4ri ehdottaa sovinnon solmimista<\/p>\n<p class=\"aw-1gybjub aw-1p7kakr kEtdKx cEmitX yle__article__paragraph\">Kanye West yritti aiemmin itse ratkaista asiaa sovinnollisella eleell\u00e4.<a class=\"aw-iao6s4 iHOxEa yle__article__link\" href=\"https:\/\/www.bbc.com\/news\/articles\/cly79lrrz4lo\" role=\"link\" rel=\"nofollow noopener\" target=\"_blank\"> R\u00e4pp\u00e4ri l\u00e4hestyi BBC:n mukaan<\/a> Ison-Britannian juutalaista yhteis\u00f6\u00e4 ja tarjosi mahdollisuutta keskustelulle. H\u00e4n sanoo voivansa todistaa muuttuneensa ja haluavansa nyt edist\u00e4\u00e4 rauhaa, rakkautta ja ymm\u00e4rt\u00e4myst\u00e4 musiikkinsa avulla.<\/p>\n<p><img decoding=\"async\" alt=\"Kanye West poseeraa kuvaajille kadulla.\" src=\"https:\/\/www.europesays.com\/fi\/wp-content\/uploads\/2026\/04\/39-142048067ac22d4a892d.jpeg\" loading=\"lazy\" class=\"aw-1l9m598 hKVVvP\"\/><\/p>\n<p>Avaa kuvien katselu<\/p>\n<p>Kanye Westille on jo sovittu ainakin yksi keikka Euroopassa pitk\u00e4n tauon j\u00e4lkeen.  H\u00e4n esiintyy GelreDome-stadionilla Arnhemissa Alankomaissa kes\u00e4kuussa. Kuva: AOP<\/p>\n<p class=\"aw-1gybjub aw-1p7kakr kEtdKx cEmitX yle__article__paragraph\">Wireless-festivaali puolusti raivokkaasti t\u00e4hte\u00e4\u00e4n ja t\u00e4m\u00e4n oikeutta tulla maahan.<\/p>\n<p class=\"aw-1gybjub aw-1p7kakr kEtdKx cEmitX yle__article__paragraph\">Festivaalin j\u00e4rjest\u00e4j\u00e4n\u00e4 toimivan Festival Republic -yhti\u00f6n toimitusjohtaja <strong class=\"aw-ak79eh KyCXm yle__article__strong\">Melvin Benn<\/strong> sanoi aiemmin, ettei festivaali ole ollut aikeissa antaa Kanye Westille alias Yelle mahdollisuutta esitell\u00e4 kiistanalaisia mielipiteit\u00e4\u00e4n, <a class=\"aw-iao6s4 iHOxEa yle__article__link\" href=\"https:\/\/www.theguardian.com\/music\/2026\/apr\/06\/wireless-festival-says-kayne-west-still-due-to-perform-despite-calls-for-ban\" role=\"link\" rel=\"nofollow noopener\" target=\"_blank\">vaan esitt\u00e4\u00e4 uutta musiikkiaan, jota Britanniankin radioasemat ovat soittaneet ilman ongelmia<\/a>.<\/p>\n<p class=\"aw-1gybjub aw-1p7kakr kEtdKx cEmitX yle__article__paragraph\">Mit\u00e4 tulee Westin aiempiin juutalaisvastaisiin ulostuloihin, Benn on vedonnut artistin tapaan t\u00e4m\u00e4n vakavaan psyykkiseen sairauteen.<\/p>\n","protected":false},"excerpt":{"rendered":"Kanye Westin oli m\u00e4\u00e4r\u00e4 esiinty\u00e4 Lontoossa hein\u00e4kuisella hip-hop- ja rapmusiikkiin keskittyv\u00e4ll\u00e4 Wireless-festivaalilla. Avaa kuvien katselu Useiden brittipoliitikkojen mielest\u00e4&hellip;\n","protected":false},"author":2,"featured_media":152913,"comment_status":"","ping_status":"","sticky":false,"template":"","format":"standard","meta":{"footnotes":"","_share_on_mastodon":"0"},"categories":[130],"tags":[1775,137,970,33,31,30,32039,5250,108,47,32,109],"class_list":["post-215354","post","type-post","status-publish","format-standard","has-post-thumbnail","category-viihde","tag-britannia","tag-entertainment","tag-festivaalit","tag-fi","tag-finland","tag-finnish","tag-heil-hitler-kappale","tag-kanye-west","tag-kulttuuri","tag-musiikki","tag-suomi","tag-viihde"],"share_on_mastodon":{"url":"https:\/\/pubeurope.com\/@fi\/116365921206318725","error":""},"_links":{"self":[{"href":"https:\/\/www.europesays.com\/fi\/wp-json\/wp\/v2\/posts\/215354","targetHints":{"allow":["GET"]}}],"collection":[{"href":"https:\/\/www.europesays.com\/fi\/wp-json\/wp\/v2\/posts"}],"about":[{"href":"https:\/\/www.europesays.com\/fi\/wp-json\/wp\/v2\/types\/post"}],"author":[{"embeddable":true,"href":"https:\/\/www.europesays.com\/fi\/wp-json\/wp\/v2\/users\/2"}],"replies":[{"embeddable":true,"href":"https:\/\/www.europesays.com\/fi\/wp-json\/wp\/v2\/comments?post=215354"}],"version-history":[{"count":0,"href":"https:\/\/www.europesays.com\/fi\/wp-json\/wp\/v2\/posts\/215354\/revisions"}],"wp:featuredmedia":[{"embeddable":true,"href":"https:\/\/www.europesays.com\/fi\/wp-json\/wp\/v2\/media\/152913"}],"wp:attachment":[{"href":"https:\/\/www.europesays.com\/fi\/wp-json\/wp\/v2\/media?parent=215354"}],"wp:term":[{"taxonomy":"category","embeddable":true,"href":"https:\/\/www.europesays.com\/fi\/wp-json\/wp\/v2\/categories?post=215354"},{"taxonomy":"post_tag","embeddable":true,"href":"https:\/\/www.europesays.com\/fi\/wp-json\/wp\/v2\/tags?post=215354"}],"curies":[{"name":"wp","href":"https:\/\/api.w.org\/{rel}","templated":true}]}}