{"id":21536,"date":"2025-08-31T11:09:08","date_gmt":"2025-08-31T11:09:08","guid":{"rendered":"https:\/\/www.europesays.com\/fi\/21536\/"},"modified":"2025-08-31T11:09:08","modified_gmt":"2025-08-31T11:09:08","slug":"nakokulma-saako-toisen-pituutta-kommentoida","status":"publish","type":"post","link":"https:\/\/www.europesays.com\/fi\/21536\/","title":{"rendered":"N\u00e4k\u00f6kulma: Saako toisen pituutta kommentoida?"},"content":{"rendered":"<p><a href=\"https:\/\/www.iltalehti.fi\/kirjoittajat\/Susanna Jyllinmaa\" class=\"article-description-pov-author\" rel=\"nofollow noopener\" target=\"_blank\"><\/p>\n<p>Susanna Jyllinmaa<\/p>\n<p><img decoding=\"async\" class=\"author-image\" src=\"https:\/\/www.europesays.com\/fi\/wp-content\/uploads\/2025\/08\/d1fc442788d47ab86091ccf29c90a45c040906891d005a22aebdc55841bd737b.png\" alt=\"\"\/><\/a><\/p>\n<p>Tanssii t\u00e4htien kanssa -lehdist\u00f6tilaisuudessa otettiin juonnoissa esille t\u00e4htitanssijoiden pituus. Se rupesi j\u00e4lkeenp\u00e4in t\u00f6kkim\u00e4\u00e4n, kirjoittaa Iltalehden 182-senttinen toimittaja Susanna Jyllinmaa.<\/p>\n<p>T\u00e4n\u00e4\u00e4n klo 12:57<\/p>\n<p><img decoding=\"async\" class=\"image image-show image-preview\" src=\"https:\/\/www.europesays.com\/fi\/wp-content\/uploads\/2025\/08\/f9d47108272216f57ba3a4778037dc28a06719c92f362b992524688638f64b79.png\" alt=\"\"\/><img decoding=\"async\" class=\"image image-show\" src=\"https:\/\/www.europesays.com\/fi\/wp-content\/uploads\/2025\/08\/1756638548_279_f9d47108272216f57ba3a4778037dc28a06719c92f362b992524688638f64b79.png\" alt=\"\"\/><\/p>\n<p>Ralph Madsen, \u201dpisin cowboy\u201d, (1897\u20131948) kuvattuna yhteens\u00e4 senaattori Morris Sheppardin kanssa. KUVITUSKUVA. AOP<\/p>\n<p class=\"paragraph\">T\u00e4n\u00e4 syksyn\u00e4 kahdeksattatoista kertaa n\u00e4ht\u00e4v\u00e4 Tanssii t\u00e4htien kanssa -kausi on k\u00e4ynnistym\u00e4ss\u00e4. Elokuun alussa pidetyss\u00e4 lehdist\u00f6tilaisuudessa hehkutettiin asiaa, joka rupesi vaivaamaan minua j\u00e4lkeenp\u00e4in.<\/p>\n<p class=\"paragraph\">\u2013 Tuleva kausi tulee olemaan pidempi kuin koskaan aikaisemmin, kuului esittelyjuonto, jonka juontaja luki suoraan juontokortista.<\/p>\n<p class=\"paragraph\">\u2013 Tulevalla TTK-kaudella me n\u00e4emme pidempi\u00e4 t\u00e4htioppilaita kuin koskaan aiemmin t\u00e4ss\u00e4 ohjelmassa, juonnossa tarkennettiin.<\/p>\n<p class=\"paragraph\">Itsekin ihastelin pitki\u00e4 t\u00e4htioppilaita. Olipa kivaa, ett\u00e4 sain \u2013 yli 180-senttisen\u00e4 ihmisen\u00e4 \u2013 kerrankin katsoa reippaasti yl\u00f6sp\u00e4in osaa haastateltavista.<\/p>\n<p class=\"paragraph\">Tilaisuuden j\u00e4lkeen alkoi t\u00f6kki\u00e4. Olisinko vaikkapa halunnut, ett\u00e4 minut esitell\u00e4\u00e4n ohjelman historian pisimp\u00e4n\u00e4 naisena?<\/p>\n<p class=\"paragraph\">TTK-tuomari huomautti, ett\u00e4 pituus ei vaikuta, pituusero kyll\u00e4kin. On toki ymm\u00e4rrett\u00e4v\u00e4\u00e4, ett\u00e4 pituusero kiinnostaa, ja varmasti se tanssiin vaikuttaakin.<\/p>\n<p class=\"paragraph\">Ja toki t\u00e4ss\u00e4 tapauksessa asia voi olla niin, ett\u00e4 ohjelman tekij\u00e4t ovat kysyneet pitkilt\u00e4 osallistujilta, onko asia heille ok. Kenties olisin itsekin antanut luvan, varsinkin jos pitki\u00e4 olisi ollut isompi joukko.<\/p>\n<p class=\"paragraph\">Mutta.<\/p>\n<p class=\"paragraph\">Ent\u00e4 jos &#8221;pitk\u00e4&#8221; olisi korvattu mill\u00e4\u00e4n muulla ulkon\u00e4k\u00f6\u00e4 kuvaavalla adjektiivilla?<\/p>\n<p class=\"paragraph\">Kaikki tuntemani pitk\u00e4t ihmiset tiet\u00e4v\u00e4t t\u00e4m\u00e4n: pituutta kommentoidaan t\u00e4ysin avoimesti. Ymm\u00e4rr\u00e4n sen itse siten, ett\u00e4 pituutta pidet\u00e4\u00e4n hienona asiana. Mutta jos tulen hissiin ja vieras ihminen katsoo minua: &#8221;Oi ihanaa, oletpa sin\u00e4 pitk\u00e4!&#8221; ei se v\u00e4ltt\u00e4m\u00e4tt\u00e4 minusta ole niin kauhean hienoa. Mit\u00e4 siihen pit\u00e4isi vastata? Kiitos?<\/p>\n<p class=\"paragraph\">Edelleen: jos lauseeseen vaihdetaan mik\u00e4 vaan muu adjektiivi, olisi kommentti helposti t\u00e4ysin ep\u00e4sopiva. Vaikka se olisi positiivinenkin. En l\u00e4htisi sanomaan vieraalle hississ\u00e4: &#8221;Oi ihanaa, oletpa sin\u00e4 kaunis!&#8221;<\/p>\n<p class=\"paragraph\">Pitk\u00e4 ihminen tiet\u00e4\u00e4, milt\u00e4 tuntuu, kun kaupassa kaikki housunlahkeet sijoittuvat nilkan ja polven puoliv\u00e4liin. Tai kun joku katsoo asiakseen t\u00f6k\u00e4t\u00e4 selk\u00e4\u00e4n sanoen &#8221;selk\u00e4 suoraksi&#8221;. Tai jos haluat laittaa juhlapuvun kanssa ballerinat etk\u00e4 korkokenki\u00e4. Ja tiedoksi nyt samalla t\u00e4m\u00e4kin: kaikki pitk\u00e4t ihmiset eiv\u00e4t pelaa koripalloa.<\/p>\n<p class=\"paragraph\">En halua esiinty\u00e4 ammattiloukkaantujana, vaan saada miettim\u00e4\u00e4n toisen ulkomuodon ja ulkon\u00e4\u00f6n kommentointia laajemminkin. Niin, l\u00e4nsimaisen ihmisen l\u00e4nsimaisia ongelmiahan n\u00e4m\u00e4 toki ovat. Mutta mit\u00e4 oikeasti voi ja saa kommentoida?<\/p>\n<p class=\"paragraph\">Onko sopivaa kommentoida hiuksia tai silmi\u00e4? Ent\u00e4 huulet, rintavako, jalkov\u00e4li (!), takapuoli, s\u00e4\u00e4ret, nen\u00e4?<\/p>\n<p class=\"paragraph\">Saako mit\u00e4\u00e4n sanoa? Eik\u00f6 mit\u00e4\u00e4n saa en\u00e4\u00e4 sanoa?<\/p>\n<p class=\"paragraph\">T\u00e4h\u00e4n minulla ei ole vastausta. Mutta ehk\u00e4 sill\u00e4 omalla tarpeella kommentoida on t\u00e4ss\u00e4 ajassa pienempi arvo kuin sill\u00e4, ett\u00e4 antaa toisen ihmisen vain olla. Vaikka ei tarkoittaisikaan pahaa tai suorastaan tarkoittaisi vain hyv\u00e4\u00e4. Ajat muuttuvat, ja muutokseen usein liittyy jonkinlainen rajojen etsiminen. Tuskin kukaan n\u00e4\u00e4ntyy siit\u00e4, jos yleisesti ollaan hetki hiljaa, ja pohdiskellaan sit\u00e4 rajaa, mik\u00e4 on sopivaa kommentointia.<\/p>\n<p class=\"paragraph\">Joka tapauksessa, jos kehorauhaa t\u00e4ss\u00e4 yhteiskunnassa halutaan vaalia, t\u00e4ytyy sen koskea kaikkia ihmisi\u00e4 \u2013 ja adjektiiveja. J\u00e4tet\u00e4\u00e4n siis pitk\u00e4tkin rauhaan.<\/p>\n","protected":false},"excerpt":{"rendered":"Susanna Jyllinmaa Tanssii t\u00e4htien kanssa -lehdist\u00f6tilaisuudessa otettiin juonnoissa esille t\u00e4htitanssijoiden pituus. Se rupesi j\u00e4lkeenp\u00e4in t\u00f6kkim\u00e4\u00e4n, kirjoittaa Iltalehden 182-senttinen&hellip;\n","protected":false},"author":2,"featured_media":21537,"comment_status":"","ping_status":"","sticky":false,"template":"","format":"standard","meta":{"footnotes":""},"categories":[136],"tags":[35,407,137,33,31,30,876,408,32,2140,140,139,109],"class_list":{"0":"post-21536","1":"post","2":"type-post","3":"status-publish","4":"format-standard","5":"has-post-thumbnail","7":"category-julkkikset","8":"tag-24h","9":"tag-celebrities","10":"tag-entertainment","11":"tag-fi","12":"tag-finland","13":"tag-finnish","14":"tag-fyysinen-kauneus","15":"tag-julkkikset","16":"tag-suomi","17":"tag-tosi-tv-ohjelmat","18":"tag-tv-ja-elokuvat","19":"tag-tv-ohjelmat","20":"tag-viihde"},"share_on_mastodon":{"url":"","error":""},"_links":{"self":[{"href":"https:\/\/www.europesays.com\/fi\/wp-json\/wp\/v2\/posts\/21536","targetHints":{"allow":["GET"]}}],"collection":[{"href":"https:\/\/www.europesays.com\/fi\/wp-json\/wp\/v2\/posts"}],"about":[{"href":"https:\/\/www.europesays.com\/fi\/wp-json\/wp\/v2\/types\/post"}],"author":[{"embeddable":true,"href":"https:\/\/www.europesays.com\/fi\/wp-json\/wp\/v2\/users\/2"}],"replies":[{"embeddable":true,"href":"https:\/\/www.europesays.com\/fi\/wp-json\/wp\/v2\/comments?post=21536"}],"version-history":[{"count":0,"href":"https:\/\/www.europesays.com\/fi\/wp-json\/wp\/v2\/posts\/21536\/revisions"}],"wp:featuredmedia":[{"embeddable":true,"href":"https:\/\/www.europesays.com\/fi\/wp-json\/wp\/v2\/media\/21537"}],"wp:attachment":[{"href":"https:\/\/www.europesays.com\/fi\/wp-json\/wp\/v2\/media?parent=21536"}],"wp:term":[{"taxonomy":"category","embeddable":true,"href":"https:\/\/www.europesays.com\/fi\/wp-json\/wp\/v2\/categories?post=21536"},{"taxonomy":"post_tag","embeddable":true,"href":"https:\/\/www.europesays.com\/fi\/wp-json\/wp\/v2\/tags?post=21536"}],"curies":[{"name":"wp","href":"https:\/\/api.w.org\/{rel}","templated":true}]}}