{"id":215457,"date":"2026-04-08T02:09:09","date_gmt":"2026-04-08T02:09:09","guid":{"rendered":"https:\/\/www.europesays.com\/fi\/215457\/"},"modified":"2026-04-08T02:09:09","modified_gmt":"2026-04-08T02:09:09","slug":"tanaan-on-kansainvalinen-romanipaiva-uutisia-lyhyesti","status":"publish","type":"post","link":"https:\/\/www.europesays.com\/fi\/215457\/","title":{"rendered":"T\u00e4n\u00e4\u00e4n on kansainv\u00e4linen romanip\u00e4iv\u00e4 | Uutisia lyhyesti"},"content":{"rendered":"<p class=\"aw-1gybjub aw-1p7kakr kEtdKx cEmitX yle__article__paragraph\">T\u00e4n\u00e4\u00e4n vietet\u00e4\u00e4n kansainv\u00e4list\u00e4 romanip\u00e4iv\u00e4\u00e4, joka on aiemmin tunnettu my\u00f6s romanien kansallisp\u00e4iv\u00e4n\u00e4. Sit\u00e4 vietet\u00e4\u00e4n joka puolella maailmaa vuosittain 8. huhtikuuta.<\/p>\n<p class=\"aw-1gybjub aw-1p7kakr kEtdKx cEmitX yle__article__paragraph\">P\u00e4iv\u00e4n tarkoituksena on juhlia romanikulttuuria ja nostaa esiin romaniv\u00e4est\u00f6n asemaa koskevia kysymyksi\u00e4. Kansainv\u00e4lisen romanip\u00e4iv\u00e4n kunniaksi j\u00e4rjestet\u00e4\u00e4n erilaisia tapahtumia, konsertteja ja n\u00e4yttelyit\u00e4.<\/p>\n<p class=\"aw-1gybjub aw-1p7kakr kEtdKx cEmitX yle__article__paragraph\">Suomeen romanit saapuivat yli 500 vuotta sitten. Suomessa kansainv\u00e4linen romanip\u00e4iv\u00e4 on ollut almanakassa vuodesta 2014. Se on my\u00f6s suositeltu liputusp\u00e4iv\u00e4.<\/p>\n","protected":false},"excerpt":{"rendered":"T\u00e4n\u00e4\u00e4n vietet\u00e4\u00e4n kansainv\u00e4list\u00e4 romanip\u00e4iv\u00e4\u00e4, joka on aiemmin tunnettu my\u00f6s romanien kansallisp\u00e4iv\u00e4n\u00e4. Sit\u00e4 vietet\u00e4\u00e4n joka puolella maailmaa vuosittain 8.&hellip;\n","protected":false},"author":2,"featured_media":215458,"comment_status":"","ping_status":"","sticky":false,"template":"","format":"standard","meta":{"footnotes":"","_share_on_mastodon":"0"},"categories":[12],"tags":[22,23,26,27,33,31,30,17,11860,564,24,25,28,29,15,18,21,14060,32,19,20,16],"class_list":["post-215457","post","type-post","status-publish","format-standard","has-post-thumbnail","category-suomi","tag-breaking-news","tag-breakingnews","tag-featured-news","tag-featurednews","tag-fi","tag-finland","tag-finnish","tag-headlines","tag-juhlapaivat","tag-juhlat","tag-latest-news","tag-latestnews","tag-main-news","tag-mainnews","tag-news","tag-otsikot","tag-paauutiset","tag-romanit","tag-suomi","tag-top-stories","tag-topstories","tag-uutiset"],"share_on_mastodon":{"url":"https:\/\/pubeurope.com\/@fi\/116366656492530200","error":""},"_links":{"self":[{"href":"https:\/\/www.europesays.com\/fi\/wp-json\/wp\/v2\/posts\/215457","targetHints":{"allow":["GET"]}}],"collection":[{"href":"https:\/\/www.europesays.com\/fi\/wp-json\/wp\/v2\/posts"}],"about":[{"href":"https:\/\/www.europesays.com\/fi\/wp-json\/wp\/v2\/types\/post"}],"author":[{"embeddable":true,"href":"https:\/\/www.europesays.com\/fi\/wp-json\/wp\/v2\/users\/2"}],"replies":[{"embeddable":true,"href":"https:\/\/www.europesays.com\/fi\/wp-json\/wp\/v2\/comments?post=215457"}],"version-history":[{"count":0,"href":"https:\/\/www.europesays.com\/fi\/wp-json\/wp\/v2\/posts\/215457\/revisions"}],"wp:featuredmedia":[{"embeddable":true,"href":"https:\/\/www.europesays.com\/fi\/wp-json\/wp\/v2\/media\/215458"}],"wp:attachment":[{"href":"https:\/\/www.europesays.com\/fi\/wp-json\/wp\/v2\/media?parent=215457"}],"wp:term":[{"taxonomy":"category","embeddable":true,"href":"https:\/\/www.europesays.com\/fi\/wp-json\/wp\/v2\/categories?post=215457"},{"taxonomy":"post_tag","embeddable":true,"href":"https:\/\/www.europesays.com\/fi\/wp-json\/wp\/v2\/tags?post=215457"}],"curies":[{"name":"wp","href":"https:\/\/api.w.org\/{rel}","templated":true}]}}