{"id":215461,"date":"2026-04-08T02:22:24","date_gmt":"2026-04-08T02:22:24","guid":{"rendered":"https:\/\/www.europesays.com\/fi\/215461\/"},"modified":"2026-04-08T02:22:24","modified_gmt":"2026-04-08T02:22:24","slug":"byrokratia-nitisti-nata-salmelan-unelma-romuttui","status":"publish","type":"post","link":"https:\/\/www.europesays.com\/fi\/215461\/","title":{"rendered":"Byrokratia nitisti Nata Salmelan: Unelma romuttui"},"content":{"rendered":"<p>            Timo Korhonen\n        <\/p>\n<p class=\"subtitle \">Sarjaremontoijan unelmat meniv\u00e4t hetkess\u00e4 palasiksi.<\/p>\n<p class=\"article-content article-content-width !bg-background\">Yritt\u00e4j\u00e4 ja sarjaremontoija  suunnitelmat meniv\u00e4t pahemman kerran m\u00f6nk\u00e4\u00e4n.<\/p>\n<p class=\"font-weight-bold m-font-weight-bold article-content article-content-width !bg-background\">Video: Natan pelottavin tilanne.<\/p>\n<p class=\"article-content article-content-width !bg-background\">Remonttikohteita mets\u00e4st\u00e4v\u00e4 Nata on aiemmin kertonut haaveilevansa siit\u00e4, ett\u00e4 voisi jonain p\u00e4iv\u00e4n\u00e4 muuttaa Portugaliin.<\/p>\n<p class=\"article-content article-content-width !bg-background\">H\u00e4n on s\u00e4\u00e4st\u00e4nyt asiaa varten jo useita vuosia.<\/p>\n<p class=\"article-content article-content-width !bg-background\">Jonkin aikaa unelma vaikutti jo konkretisoituneen, sill\u00e4 Nata oli l\u00f6yt\u00e4nyt juuri sopivan kohteen maasta.<\/p>\n<p class=\"article-content article-content-width !bg-background\">Maaliskuun lopussa Nata vuodatti<a href=\"https:\/\/www.instagram.com\/p\/DWZlW_ojeK5\/\" target=\"_blank\" rel=\"nofollow noopener\"> Instagram-julkaisussaan<\/a> projektin hankaluutta. Jo tuolloin byrokratia osoitti todellisen luonteensa: unelman toteuttaminen tulisi olemaan hankalaa.<\/p>\n<p class=\"article-content article-content-width !bg-background\">Nyt Nata on tehnyt shokki-ilmoituksen Portugalin-suunnitelmiin liittyen.<\/p>\n<p class=\"article-content article-content-width !bg-background\">H\u00e4nen uusimmassa <a href=\"https:\/\/www.instagram.com\/p\/DWy-pPhDRHL\/?img_index=1\" target=\"_blank\" rel=\"nofollow noopener\">Instagram-julkaisussaan<\/a> h\u00e4n paljastaa, ettei asuntounelma k\u00e4y toteen viel\u00e4 t\u00e4n\u00e4 kes\u00e4n\u00e4.<\/p>\n<p>        <a itemprop=\"url\" href=\"https:\/\/www.seiska.fi\/kotimaa\/nata-salmela-avautuu-talouselamassa-koyhyydestaan\/2063773\" rel=\"nofollow noopener\" target=\"_blank\"><\/p>\n<p>\nTalousel\u00e4m\u00e4n kolumni\n<\/p>\n<p class=\"section-date\">\n        <strong class=\"article-section\" data-section=\"kotimaa\"><br \/>\n            kotimaa<br \/>\n        <\/strong><br \/>\n        4.2. 10:58\n    <\/p>\n<p>Nata Salmela avautuu Talousel\u00e4m\u00e4ss\u00e4 k\u00f6yhyydest\u00e4\u00e4n\n    <\/p>\n<p itemprop=\"description\" class=\"subtitle \">\n    Massimuija avautuu TE:n kolumnissaan k\u00f6yh\u00e4st\u00e4 lapsuudestaan: on kuin olisi syntynyt k\u00e4ytetty muovilusikka suussa\n<\/p>\n<p>        <\/a><\/p>\n<p>                <img decoding=\"async\" src=\"https:\/\/www.europesays.com\/fi\/wp-content\/uploads\/2026\/04\/2019641.webp.jpeg\" width=\"576\" height=\"322\" alt=\"Natalla on vuodessa 50 remonttity\u00f6maata ja 14 hengen tiimi hoidettavanaan, joten aikaa portugalilaisten kanssa v\u00e4nk\u00e4\u00e4miseen taloasioista ei juuri nyt ole. H\u00e4n kartoittaa unelmaansa uudelleen paremmassa el\u00e4m\u00e4ntilanteessa.\" loading=\"lazy\" \/>            <\/p>\n<p>\n            Natalla on vuodessa 50 remonttity\u00f6maata ja 14 hengen tiimi hoidettavanaan, joten aikaa portugalilaisten kanssa v\u00e4nk\u00e4\u00e4miseen taloasioista ei juuri nyt ole. H\u00e4n kartoittaa unelmaansa uudelleen paremmassa el\u00e4m\u00e4ntilanteessa.<br \/>\n            Matti Matikainen\n        <\/p>\n<p>Byrokratia nitisti<\/p>\n<p class=\"article-content article-content-width !bg-background\">Kymmeni\u00e4 asuntoja remontoinut ja myynyt Nata sanoo byrokratian nitist\u00e4neen h\u00e4net.<\/p>\n<p class=\"article-content article-content-width !bg-background\">\u2013\u00a0Ilmeisesti firmalle kiinteist\u00f6n ostaminen toiselta puolelta Eurooppaa on tehty melko lailla mahdottomaksi. Ei p\u00e4\u00e4sty myyjien kanssa maksuehdoista mihink\u00e4\u00e4n molempia osapuolia tyydytt\u00e4v\u00e4\u00e4n ratkaisuun, siisp\u00e4 talotarjous kosahti, h\u00e4n kertoo.<\/p>\n<p class=\"article-content article-content-width !bg-background\">\u2013 P\u00e4\u00e4si\u00e4inen on mennyt aika ankeissa tunnelmissa, kun olen vuorotellen piiskannut itse\u00e4ni ep\u00e4onnistumisesta ja kironnut paperiviidakon alimpaan helvettiin.<\/p>\n<p class=\"article-content article-content-width !bg-background\">Natan p\u00e4ivityksen ydinsanoma tiivistettyn\u00e4 on se, ett\u00e4 h\u00e4n on ymm\u00e4rt\u00e4nyt tarvitsevansa paljon aikaa asioiden selvitt\u00e4miseen.<\/p>\n<p class=\"article-content article-content-width !bg-background\">Kiireisen arjen keskell\u00e4 h\u00e4nell\u00e4 ei yksinkertaisesti ole resursseja l\u00e4hte\u00e4 &#8221;tappelemaan&#8221; toisessa maassa sijaitsevasta remonttikohteesta.<\/p>\n<p class=\"article-content article-content-width !bg-background\">\u2013\u00a0T\u00e4llaisen unelmaprojektin pit\u00e4isi olla joko halpaa tai kivaa. Kun ei ole kumpaakaan, niin se ei silloin ole unelma. Seuraavaksi pit\u00e4\u00e4 keksi\u00e4 joko toinen unelma tai toinen talo, h\u00e4n linjaa.<\/p>\n<p>        <a itemprop=\"url\" href=\"https:\/\/www.seiska.fi\/kotimaa\/massimuija-nata-salmela-nayttaa-miten-tienasi\/2019344\" rel=\"nofollow noopener\" target=\"_blank\"><\/p>\n<p>\nMassimuija n\u00e4ytt\u00e4\u00e4 miten rahaa tehd\u00e4\u00e4n\n<\/p>\n<p class=\"section-date\">\n        <strong class=\"article-section\" data-section=\"kotimaa\"><br \/>\n            kotimaa<br \/>\n        <\/strong><br \/>\n        11.12.2025 20:30\n    <\/p>\n<p>Massimuija Nata Salmela n\u00e4ytt\u00e4\u00e4, miten tienasi\n    <\/p>\n<p itemprop=\"description\" class=\"subtitle \">\n    R\u00e4v\u00e4kk\u00e4 Nata ei pelk\u00e4\u00e4 puhua rahasta. Nyt h\u00e4n avaa tarkasti esimerkkisijoituksen tuoton.\n<\/p>\n<p>        <\/a><\/p>\n<p>Alusta saakka hankalaa<\/p>\n<p class=\"article-content article-content-width !bg-background\"><a href=\"https:\/\/www.instagram.com\/stories\/natasalmela\/3869446262773107111\/\" target=\"_blank\" rel=\"nofollow noopener\">Tarinat-osiossa<\/a> Nata avaa viel\u00e4 tuntemuksiaan hieman lis\u00e4\u00e4. Intuitio saattoi t\u00e4ll\u00e4 kertaa olla oikeassa, kun kuuntelee Natan kokemuksia.<\/p>\n<p class=\"article-content article-content-width !bg-background\">\u2013 T\u00e4\u00e4 proggis alkoi menem\u00e4\u00e4n heti alusta v\u00e4h\u00e4n vihkoon. Koska heti kun m\u00e4 kontaktoin v\u00e4litt\u00e4ji\u00e4, mulla tuli sellainen fiilis, ett\u00e4 m\u00e4 en ole tervetullut t\u00e4h\u00e4n maahan, Nata my\u00f6nt\u00e4\u00e4.<\/p>\n<p class=\"article-content article-content-width !bg-background\">P\u00e4\u00e4nvaivaa aiheuttivat my\u00f6s portugalilaisten erilaiset ja sekavat toimintatavat. Natalle esimerkiksi soiteltiin my\u00f6h\u00e4\u00e4n iltaisin asuntoasioista, kun h\u00e4nen olisi pit\u00e4nyt laittaa lastaan nukkumaan.<\/p>\n<p class=\"article-content article-content-width !bg-background\">Lis\u00e4ksi luottamus on asuntokaupoissa Natasta todella suuri tekij\u00e4, eik\u00e4 esimerkiksi sovituista soittoajankohdista luistaminen osoita h\u00e4nest\u00e4 luottamuksen merkkej\u00e4.<\/p>\n<p class=\"article-content article-content-width !bg-background\">Nata my\u00f6s analysoi koko prosessin rakennetta, sill\u00e4 se kuulostaa v\u00e4hint\u00e4\u00e4nkin erikoiselta. H\u00e4nen olisi pit\u00e4nyt siirt\u00e4\u00e4 300 000 euroa tuntemattoman tilille, vaikkei h\u00e4n ole edes tiennyt myyj\u00e4n nime\u00e4, ollut n\u00e4hnyt talon kuntotarkastusta, papereita tai v\u00e4litt\u00e4j\u00e4n henkkareita.<\/p>\n<p class=\"article-content article-content-width !bg-background\">\u2013 Eiks kaikki huijaukset ala aina t\u00e4ll\u00e4 tavalla? Nata h\u00e4mm\u00e4stelee tarinassaan.<\/p>\n<p class=\"article-content article-content-width !bg-background\">Julkaisut ovat n\u00e4ht\u00e4vill\u00e4 vuorokauden ajan.<\/p>\n<p>        <a itemprop=\"url\" href=\"https:\/\/www.seiska.fi\/kotimaa\/nata-salmelalle-huima-kunnianosoitus\/1986543\" rel=\"nofollow noopener\" target=\"_blank\"><\/p>\n<p>\nNata Salmela\n<\/p>\n<p class=\"section-date\">\n        <strong class=\"article-section\" data-section=\"kotimaa\"><br \/>\n            kotimaa<br \/>\n        <\/strong><br \/>\n        7.11.2025 16:30\n    <\/p>\n<p>Nata Salmelalle huima kunnianosoitus\n    <\/p>\n<p itemprop=\"description\" class=\"subtitle \">\n    Nata Salmelan bisnekset ovat j\u00e4lleen kantaneet hedelm\u00e4\u00e4.\n<\/p>\n<p>        <\/a><\/p>\n<p><script async src=\"\/\/www.instagram.com\/embed.js\"><\/script><\/p>\n","protected":false},"excerpt":{"rendered":"Timo Korhonen Sarjaremontoijan unelmat meniv\u00e4t hetkess\u00e4 palasiksi. Yritt\u00e4j\u00e4 ja sarjaremontoija suunnitelmat meniv\u00e4t pahemman kerran m\u00f6nk\u00e4\u00e4n. Video: Natan pelottavin&hellip;\n","protected":false},"author":2,"featured_media":215462,"comment_status":"","ping_status":"","sticky":false,"template":"","format":"standard","meta":{"footnotes":"","_share_on_mastodon":"0"},"categories":[136],"tags":[542,3260,7934,407,137,33,31,30,408,9929,3352,3231,32,3254,109],"class_list":["post-215461","post","type-post","status-publish","format-standard","has-post-thumbnail","category-julkkikset","tag-asuminen","tag-asunto","tag-asuntokauppa","tag-celebrities","tag-entertainment","tag-fi","tag-finland","tag-finnish","tag-julkkikset","tag-nata-salmela","tag-portugali","tag-remontti","tag-suomi","tag-unelma","tag-viihde"],"share_on_mastodon":{"url":"https:\/\/pubeurope.com\/@fi\/116366707906284074","error":""},"_links":{"self":[{"href":"https:\/\/www.europesays.com\/fi\/wp-json\/wp\/v2\/posts\/215461","targetHints":{"allow":["GET"]}}],"collection":[{"href":"https:\/\/www.europesays.com\/fi\/wp-json\/wp\/v2\/posts"}],"about":[{"href":"https:\/\/www.europesays.com\/fi\/wp-json\/wp\/v2\/types\/post"}],"author":[{"embeddable":true,"href":"https:\/\/www.europesays.com\/fi\/wp-json\/wp\/v2\/users\/2"}],"replies":[{"embeddable":true,"href":"https:\/\/www.europesays.com\/fi\/wp-json\/wp\/v2\/comments?post=215461"}],"version-history":[{"count":0,"href":"https:\/\/www.europesays.com\/fi\/wp-json\/wp\/v2\/posts\/215461\/revisions"}],"wp:featuredmedia":[{"embeddable":true,"href":"https:\/\/www.europesays.com\/fi\/wp-json\/wp\/v2\/media\/215462"}],"wp:attachment":[{"href":"https:\/\/www.europesays.com\/fi\/wp-json\/wp\/v2\/media?parent=215461"}],"wp:term":[{"taxonomy":"category","embeddable":true,"href":"https:\/\/www.europesays.com\/fi\/wp-json\/wp\/v2\/categories?post=215461"},{"taxonomy":"post_tag","embeddable":true,"href":"https:\/\/www.europesays.com\/fi\/wp-json\/wp\/v2\/tags?post=215461"}],"curies":[{"name":"wp","href":"https:\/\/api.w.org\/{rel}","templated":true}]}}