{"id":215490,"date":"2026-04-08T03:14:10","date_gmt":"2026-04-08T03:14:10","guid":{"rendered":"https:\/\/www.europesays.com\/fi\/215490\/"},"modified":"2026-04-08T03:14:10","modified_gmt":"2026-04-08T03:14:10","slug":"nayttelija-samuel-kujala-on-hamillaan-ja-superotettu","status":"publish","type":"post","link":"https:\/\/www.europesays.com\/fi\/215490\/","title":{"rendered":"N\u00e4yttelij\u00e4 Samuel Kujala on h\u00e4mill\u00e4\u00e4n ja superotettu"},"content":{"rendered":"<p>\n  \u201dMinulla on onnekas vuosi t\u00f6iden puolesta&#8221;, vuoden p\u00e4\u00e4osan\u00e4yttelij\u00e4n Jussin voittanut Samuel Kujala iloitsee.<\/p>\n<p>\n            Teksti:          <\/p>\n<p>\n            Linda Martikainen          <\/p>\n<p>Vuoden p\u00e4\u00e4osan\u00e4yttelij\u00e4n palkinnon Jossain on valo joka ei sammu -elokuvasta saanut n\u00e4yttelij\u00e4 <strong>Samuel Kujala<\/strong> sai edustaa Jussi-gaalassa my\u00f6s Huutamisen taito -elokuvaa. <\/p>\n<p>\u201dMinulla on onnekas vuosi t\u00f6iden puolesta. Tied\u00e4n, mik\u00e4 tilanne monella n\u00e4yttelij\u00e4ll\u00e4 on t\u00e4ll\u00e4 hetkell\u00e4. T\u00e4llaisena iltana siihen liittyy ristiriitaisia fiiliksi\u00e4, mutta olen superotettu ja h\u00e4mill\u00e4ni\u201d, Samuel Kujala pohti Helsingin Messukeskuksessa j\u00e4rjestetyss\u00e4 gaalassa.<\/p>\n<p>Kujala on saanut palautetta Jossain on valo joka ei sammu -elokuvasta ulkomailta asti. <\/p>\n<p>\u201dEri puolelta Eurooppaa tulee viestej\u00e4. On niin siisti\u00e4, ett\u00e4 raumalainen, paikallinen leffa pystyy puhuttelemaan jossain ihan eri ymp\u00e4rist\u00f6ss\u00e4.\u201d <\/p>\n<p>\u201dValun hike\u00e4 niin, ett\u00e4 puoliajalla mikkini menee v\u00e4lill\u00e4 tukkoon\u201d<\/p>\n<p>T\u00e4ll\u00e4 hetkell\u00e4 Kujala n\u00e4hd\u00e4\u00e4n Helsingin kaupunginteatterin Komedia pankkiry\u00f6st\u00f6st\u00e4 -farssissa, joka vaatii \u00adhyv\u00e4\u00e4 kuntoa.<\/p>\n<p>\u201dPit\u00e4\u00e4 voida hyvin ja nauttia omassa kehossa olemisesta.\u201d<\/p>\n<p>H\u00e4nen kanssaan \u00adlavalla on <strong><a href=\"https:\/\/seura.fi\/viihde\/julkkikset\/nayttelijapariskunta-sari-puumalainen-ja-risto-kaskilahti\/\" rel=\"nofollow noopener\" target=\"_blank\">Risto Kaskilahden<\/a><\/strong> ja \u00ad<strong>Jouko Klemettil\u00e4n<\/strong> kaltaisia koke\u00adneita kollegoja, joiden yksi ominaisuus ihmetytt\u00e4\u00e4 \u00adnuorempaa taituria nopeatempoisessa esityksess\u00e4.<\/p>\n<p>\u201dHe ovat kovassa kunnossa, mutta en tajua, miten he eiv\u00e4t hikoile niin paljon kuin min\u00e4! Valun hike\u00e4 niin, ett\u00e4 puoliajalla mikkini menee v\u00e4lill\u00e4 tukkoon.\u201d<\/p>\n<p>Mit\u00e4 muille kuuluu?<\/p>\n<p><a href=\"https:\/\/seura.fi\/viihde\/julkkikset\/arja-saijonmaa-oikaisee-harmillisen-harhaluulon\/\" rel=\"nofollow noopener\" target=\"_blank\">Lue my\u00f6s: Arja Saijonmaa oikaisee harmillisen harhaluulon, joka on kalvanut h\u00e4nt\u00e4 itse\u00e4\u00e4nkin vuosikymmeni\u00e4 \u2013 \u201dTartuin vain annettuihin ty\u00f6teht\u00e4viin\u201d<\/a><\/p>\n<p><a href=\"https:\/\/seura.fi\/viihde\/julkkikset\/dome-karukoski-minussa-on-monia-asioita-rikki\/\" rel=\"nofollow noopener\" target=\"_blank\">Lue my\u00f6s: Dome Karukoski kertoo raskaista vuosistaan ja avioerostaan, jotka ajoivat terapiaan ja palaamaan Suomeen: \u201dMinussa on monia asioita rikki\u201d<\/a><\/p>\n","protected":false},"excerpt":{"rendered":"\u201dMinulla on onnekas vuosi t\u00f6iden puolesta&#8221;, vuoden p\u00e4\u00e4osan\u00e4yttelij\u00e4n Jussin voittanut Samuel Kujala iloitsee. Teksti: Linda Martikainen Vuoden p\u00e4\u00e4osan\u00e4yttelij\u00e4n&hellip;\n","protected":false},"author":2,"featured_media":215491,"comment_status":"","ping_status":"","sticky":false,"template":"","format":"standard","meta":{"footnotes":"","_share_on_mastodon":"0"},"categories":[136],"tags":[2633,407,7794,137,33,31,30,408,7387,27560,32,109],"class_list":["post-215490","post","type-post","status-publish","format-standard","has-post-thumbnail","category-julkkikset","tag-arja-saijonmaa","tag-celebrities","tag-dome-karukoski","tag-entertainment","tag-fi","tag-finland","tag-finnish","tag-julkkikset","tag-krista-kosonen","tag-selma-vilhunen","tag-suomi","tag-viihde"],"share_on_mastodon":{"url":"https:\/\/pubeurope.com\/@fi\/116366912006293044","error":""},"_links":{"self":[{"href":"https:\/\/www.europesays.com\/fi\/wp-json\/wp\/v2\/posts\/215490","targetHints":{"allow":["GET"]}}],"collection":[{"href":"https:\/\/www.europesays.com\/fi\/wp-json\/wp\/v2\/posts"}],"about":[{"href":"https:\/\/www.europesays.com\/fi\/wp-json\/wp\/v2\/types\/post"}],"author":[{"embeddable":true,"href":"https:\/\/www.europesays.com\/fi\/wp-json\/wp\/v2\/users\/2"}],"replies":[{"embeddable":true,"href":"https:\/\/www.europesays.com\/fi\/wp-json\/wp\/v2\/comments?post=215490"}],"version-history":[{"count":0,"href":"https:\/\/www.europesays.com\/fi\/wp-json\/wp\/v2\/posts\/215490\/revisions"}],"wp:featuredmedia":[{"embeddable":true,"href":"https:\/\/www.europesays.com\/fi\/wp-json\/wp\/v2\/media\/215491"}],"wp:attachment":[{"href":"https:\/\/www.europesays.com\/fi\/wp-json\/wp\/v2\/media?parent=215490"}],"wp:term":[{"taxonomy":"category","embeddable":true,"href":"https:\/\/www.europesays.com\/fi\/wp-json\/wp\/v2\/categories?post=215490"},{"taxonomy":"post_tag","embeddable":true,"href":"https:\/\/www.europesays.com\/fi\/wp-json\/wp\/v2\/tags?post=215490"}],"curies":[{"name":"wp","href":"https:\/\/api.w.org\/{rel}","templated":true}]}}