{"id":215717,"date":"2026-04-08T08:56:10","date_gmt":"2026-04-08T08:56:10","guid":{"rendered":"https:\/\/www.europesays.com\/fi\/215717\/"},"modified":"2026-04-08T08:56:10","modified_gmt":"2026-04-08T08:56:10","slug":"britannia-esti-kanye-westin-paasyn-maahan-uutisia-lyhyesti","status":"publish","type":"post","link":"https:\/\/www.europesays.com\/fi\/215717\/","title":{"rendered":"Britannia esti Kanye Westin p\u00e4\u00e4syn maahan | Uutisia lyhyesti"},"content":{"rendered":"<p class=\"aw-1gybjub aw-1p7kakr kEtdKx cEmitX yle__article__paragraph\">Kreikka kielt\u00e4\u00e4 sosiaalisen median alle 15-vuotiailta lapsilta. Asiasta kertoo Kreikan p\u00e4\u00e4ministeri <strong class=\"aw-ak79eh KyCXm yle__article__strong\">Kyri\u00e1kos Mitsot\u00e1kis<\/strong>.<\/p>\n<p class=\"aw-1gybjub aw-1p7kakr kEtdKx cEmitX yle__article__paragraph\">Kielto astuu voimaan tammikuun 1. p\u00e4iv\u00e4n\u00e4 2027.<\/p>\n<p class=\"aw-1gybjub aw-1p7kakr kEtdKx cEmitX yle__article__paragraph\">\u2013 Olemme p\u00e4\u00e4tt\u00e4neet toteuttaa vaikean mutta v\u00e4ltt\u00e4m\u00e4tt\u00f6m\u00e4n toimenpiteen: est\u00e4\u00e4 alle 15-vuotiaiden p\u00e4\u00e4syn sosiaaliseen mediaan, p\u00e4\u00e4ministeri kertoo <a class=\"aw-iao6s4 iHOxEa yle__article__link\" href=\"https:\/\/www.tiktok.com\/@kyriakosmitsotakis_\/video\/7626290675322981654\" role=\"link\" rel=\"nofollow noopener\" target=\"_blank\">Tiktokissa julkaistulla videolla<\/a>.<\/p>\n<p class=\"aw-1gybjub aw-1p7kakr kEtdKx cEmitX yle__article__paragraph\">My\u00f6s Ranska, Slovenia, Britannia, It\u00e4valta ja Espanja ovat ilmoittaneet ty\u00f6st\u00e4v\u00e4ns\u00e4 vastaavia kieltoja sen j\u00e4lkeen, kun Australia ensimm\u00e4isen\u00e4 maana esti alle 16-vuotiaiden lasten p\u00e4\u00e4syn sosiaaliseen mediaan.<\/p>\n<p class=\"aw-1gybjub aw-1p7kakr kEtdKx cEmitX yle__article__paragraph\">L\u00e4hteet: Reuters, AFP<\/p>\n<p class=\"aw-1gybjub aw-1p7kakr kEtdKx cEmitX yle__article__paragraph\">Muokkaus 8.4. klo 11.12: Juttua p\u00e4ivitetty, kun p\u00e4\u00e4t\u00f6s asiasta vahvistui.<\/p>\n<p><script async src=\"\/\/www.tiktok.com\/embed.js\"><\/script><\/p>\n","protected":false},"excerpt":{"rendered":"Kreikka kielt\u00e4\u00e4 sosiaalisen median alle 15-vuotiailta lapsilta. Asiasta kertoo Kreikan p\u00e4\u00e4ministeri Kyri\u00e1kos Mitsot\u00e1kis. Kielto astuu voimaan tammikuun 1.&hellip;\n","protected":false},"author":2,"featured_media":152913,"comment_status":"","ping_status":"","sticky":false,"template":"","format":"standard","meta":{"footnotes":"","_share_on_mastodon":"0"},"categories":[132],"tags":[1775,137,970,33,31,30,32039,5250,108,195,47,32,109],"class_list":["post-215717","post","type-post","status-publish","format-standard","has-post-thumbnail","category-musiikki","tag-britannia","tag-entertainment","tag-festivaalit","tag-fi","tag-finland","tag-finnish","tag-heil-hitler-kappale","tag-kanye-west","tag-kulttuuri","tag-music","tag-musiikki","tag-suomi","tag-viihde"],"share_on_mastodon":{"url":"https:\/\/pubeurope.com\/@fi\/116368257169610041","error":""},"_links":{"self":[{"href":"https:\/\/www.europesays.com\/fi\/wp-json\/wp\/v2\/posts\/215717","targetHints":{"allow":["GET"]}}],"collection":[{"href":"https:\/\/www.europesays.com\/fi\/wp-json\/wp\/v2\/posts"}],"about":[{"href":"https:\/\/www.europesays.com\/fi\/wp-json\/wp\/v2\/types\/post"}],"author":[{"embeddable":true,"href":"https:\/\/www.europesays.com\/fi\/wp-json\/wp\/v2\/users\/2"}],"replies":[{"embeddable":true,"href":"https:\/\/www.europesays.com\/fi\/wp-json\/wp\/v2\/comments?post=215717"}],"version-history":[{"count":0,"href":"https:\/\/www.europesays.com\/fi\/wp-json\/wp\/v2\/posts\/215717\/revisions"}],"wp:featuredmedia":[{"embeddable":true,"href":"https:\/\/www.europesays.com\/fi\/wp-json\/wp\/v2\/media\/152913"}],"wp:attachment":[{"href":"https:\/\/www.europesays.com\/fi\/wp-json\/wp\/v2\/media?parent=215717"}],"wp:term":[{"taxonomy":"category","embeddable":true,"href":"https:\/\/www.europesays.com\/fi\/wp-json\/wp\/v2\/categories?post=215717"},{"taxonomy":"post_tag","embeddable":true,"href":"https:\/\/www.europesays.com\/fi\/wp-json\/wp\/v2\/tags?post=215717"}],"curies":[{"name":"wp","href":"https:\/\/api.w.org\/{rel}","templated":true}]}}