{"id":216026,"date":"2026-04-08T16:54:11","date_gmt":"2026-04-08T16:54:11","guid":{"rendered":"https:\/\/www.europesays.com\/fi\/216026\/"},"modified":"2026-04-08T16:54:11","modified_gmt":"2026-04-08T16:54:11","slug":"new-york-times-selvitti-miten-trump-teki-paatoksen-hyokata-iraniin-ulkomaat","status":"publish","type":"post","link":"https:\/\/www.europesays.com\/fi\/216026\/","title":{"rendered":"New York Times selvitti, miten Trump teki p\u00e4\u00e4t\u00f6ksen hy\u00f6k\u00e4t\u00e4 Iraniin | Ulkomaat"},"content":{"rendered":"<ul class=\"aw-1jjocuh iJTSwP yle__article__list yle__article__list--ul\">\n<li class=\"aw-1j7gwms gNYKfi\">New York Timesin mukaan Israelin p\u00e4\u00e4ministeri Benjamin Netanjahu vakuutti presidentti Donald Trumpin hy\u00f6kk\u00e4\u00e4m\u00e4\u00e4n Iraniin.<\/li>\n<li class=\"aw-1j7gwms gNYKfi\">Netanjahu esitteli helmikuussa suunnitelman, jonka mukaan Iranin hallinto kaatuisi helposti ja nopeasti.<\/li>\n<li class=\"aw-1j7gwms gNYKfi\">Yhdysvaltain tiedustelu piti suunnitelmaa farssimaisena. Trumpin esikunnasta vain varapresidentti J. D. Vance vastusti sotaa avoimesti.<\/li>\n<\/ul>\n<p class=\"aw-1gybjub aw-1p7kakr kEtdKx cEmitX yle__article__paragraph\">Yhdysvaltaislehti <a class=\"aw-iao6s4 iHOxEa yle__article__link\" href=\"https:\/\/www.nytimes.com\/2026\/04\/07\/us\/politics\/trump-iran-war.html\" role=\"link\" rel=\"nofollow noopener\" target=\"_blank\">The New York Times<\/a> on julkaissut uutta tietoa siit\u00e4, kuinka Yhdysvaltain presidentti <strong class=\"aw-ak79eh KyCXm yle__article__strong\">Donald Trump<\/strong> p\u00e4\u00e4tti l\u00e4hte\u00e4 sotaan Irania vastaan.<\/p>\n<p class=\"aw-1gybjub aw-1p7kakr kEtdKx cEmitX yle__article__paragraph\">Tiedot ovat per\u00e4isin lehden Valkoista taloa seuraavilta erikoistoimittajilta, jotka ty\u00f6st\u00e4v\u00e4t tietokirjaa Yhdysvaltain sodank\u00e4ynnist\u00e4 Iranissa.<\/p>\n<p>Netanjahu p\u00e4\u00e4si Valkoisen talon tilannehuoneeseen ja piti esitelm\u00e4n, joka vakuutti Trumpin<\/p>\n<p class=\"aw-1gybjub aw-1p7kakr kEtdKx cEmitX yle__article__paragraph\">Keskeisen\u00e4 toimijana sys\u00e4\u00e4m\u00e4ss\u00e4 Yhdysvaltoja sotaan Iranin kanssa oli Israel, tiedoista selvi\u00e4\u00e4.<\/p>\n<p class=\"aw-1gybjub aw-1p7kakr kEtdKx cEmitX yle__article__paragraph\">Israelin p\u00e4\u00e4ministeri <strong class=\"aw-ak79eh KyCXm yle__article__strong\">Benjamin Netanjahu<\/strong> saapui Valkoiseen taloon 11. helmikuuta. H\u00e4n p\u00e4\u00e4si sinne, miss\u00e4 ulkovaltojen johtajia harvoin is\u00e4nn\u00f6id\u00e4\u00e4n: Valkoisen talon alakerrassa sijaitsevaan tilannehuoneeseen.<\/p>\n<p class=\"aw-1gybjub aw-1p7kakr kEtdKx cEmitX yle__article__paragraph\">Netanjahu oli painostanut Trumpia hy\u00f6kk\u00e4\u00e4m\u00e4\u00e4n Iraniin kuukausien ajan.<\/p>\n<p class=\"aw-1gybjub aw-1p7kakr kEtdKx cEmitX yle__article__paragraph\">T\u00e4ll\u00e4 videolla Netanjahu kertoo haaveilleensa Iranin hallinnon kaatamisesta 40 vuoden ajan:<\/p>\n<p>Video: ILGPO, Jukka Koski \/ Yle<\/p>\n<p class=\"aw-1gybjub aw-1p7kakr kEtdKx cEmitX yle__article__paragraph\">H\u00e4n istuutui mahonkisen kokousp\u00f6yd\u00e4n p\u00e4\u00e4tyyn \u2013 paikkaan, jossa tavallisesti istuu Trump \u2013 ja piti Trumpille ja t\u00e4m\u00e4n esikunnalle tunnin mittaisen esitelm\u00e4n.<\/p>\n<p class=\"aw-1gybjub aw-1p7kakr kEtdKx cEmitX yle__article__paragraph\">Kokouksessa oli mukana et\u00e4yhteyden v\u00e4lityksell\u00e4 my\u00f6s Israelin tiedustelupalvelu Mossadin johtaja ja Israelin armeijan edustajia.<\/p>\n<p class=\"aw-1gybjub aw-1p7kakr kEtdKx cEmitX yle__article__paragraph\">Netanjahu kertoi Iranin olevan kyps\u00e4 vallanvaihdolle. H\u00e4n sanoi uskovansa, ett\u00e4 Yhdysvaltojen ja Israelin yhteisoperaatio saisi Iranin islamistisen hallinnon kaatumaan.<\/p>\n<p class=\"aw-1gybjub aw-1p7kakr kEtdKx cEmitX yle__article__paragraph\">Israelilaiset n\u00e4yttiv\u00e4t Trumpille videon mahdollisista Iranin johtajista, jos Iranin nykyhallinto saataisiin kukistettua. Yksi heist\u00e4 oli <strong class=\"aw-ak79eh KyCXm yle__article__strong\">Reza Pahlavi<\/strong>, Washingtonissa asuva Iranin viimeisen shaahin poika.<\/p>\n<p class=\"aw-1gybjub aw-1p7kakr kEtdKx cEmitX yle__article__paragraph\">Netanjahu maalasi kuvan l\u00e4hes varmasta voitosta: Iranin ballististen ohjusten ohjelma voitaisiin tuhota muutamassa viikossa. Iranin hallinto olisi niin heikko, ettei se pystyisi kirist\u00e4m\u00e4\u00e4n Hormuzinsalmea. Todenn\u00e4k\u00f6isyys siihen, ett\u00e4 Iran iskisi Yhdysvalloille t\u00e4rkeisiin kohteisiin naapurimaissa, olisi minimaalinen.<\/p>\n<p><img decoding=\"async\" alt=\"Benjamin Netanjahu ja Donald Trump k\u00e4ttelev\u00e4t Valkoisessa talossa taustallaan Yhdysvaltain lippu ja kolmas henkil\u00f6\" src=\"https:\/\/www.europesays.com\/fi\/wp-content\/uploads\/2026\/04\/39-162388869d654665e985.jpeg\" loading=\"lazy\" class=\"aw-1l9m598 hKVVvP\"\/><\/p>\n<p>Avaa kuvien katselu<\/p>\n<p>T\u00e4m\u00e4 kuva on yksi harvoista, joita Netanjahun ja Trumpin helmikuisesta tapaamisesta on julkaistu. Kuva: Avi Ohayon \/ AOP<\/p>\n<p class=\"aw-1gybjub aw-1p7kakr kEtdKx cEmitX yle__article__paragraph\">Lis\u00e4ksi Trumpille kerrottiin Israelin tiedustelutietojen ennustavan, ett\u00e4 Iranin kansa l\u00e4htisi hy\u00f6kk\u00e4yksen my\u00f6t\u00e4 j\u00e4lleen kaduille. Mossad pystyisi kiihdytt\u00e4m\u00e4\u00e4n protesteja ja kapinoita.<\/p>\n<p class=\"aw-1gybjub aw-1p7kakr kEtdKx cEmitX yle__article__paragraph\">Israelilaiset kertoivat pit\u00e4v\u00e4ns\u00e4 mahdollisena my\u00f6s sit\u00e4, ett\u00e4 Iranin kurdit aloittaisivat maahy\u00f6kk\u00e4yksen Irakista k\u00e4sin.<\/p>\n<p class=\"aw-1gybjub aw-1p7kakr kEtdKx cEmitX yle__article__paragraph\">N\u00e4m\u00e4 arviot ovat sittemmin osoittautuneet virheellisiksi.<\/p>\n<p class=\"aw-1gybjub aw-1p7kakr kEtdKx cEmitX yle__article__paragraph\">\u2013 Kuulostaa hyv\u00e4lt\u00e4, Trump vastasi Netanjahulle.<\/p>\n<p>Yhdysvaltain tiedustelup\u00e4\u00e4llikk\u00f6 Netanjahun hallinnonvaihtosuunnitelmasta: \u201dFarssimaisia\u201d<\/p>\n<p class=\"aw-1gybjub aw-1p7kakr kEtdKx cEmitX yle__article__paragraph\">Yhdysvaltain tiedusteluanalyytikoiden johtop\u00e4\u00e4t\u00f6kset Netanjahun suunnitelmasta olivat tylyj\u00e4.<\/p>\n<p class=\"aw-1gybjub aw-1p7kakr kEtdKx cEmitX yle__article__paragraph\">He pitiv\u00e4t toteuttamiskelpoisina Iranin korkeimman johtajan ajatollahin tappamista ja sit\u00e4, ett\u00e4 Iranin iskuja naapurimaihin pystytt\u00e4isiin rajoittamaan.<\/p>\n<p class=\"aw-1gybjub aw-1p7kakr kEtdKx cEmitX yle__article__paragraph\">Sen sijaan hallinnon vastaista kansannousua ja islamistisen hallinnon korvaamista uudella, maallisella johtajalla he eiv\u00e4t pit\u00e4neet realistisina.<\/p>\n<p class=\"aw-1gybjub aw-1p7kakr kEtdKx cEmitX yle__article__paragraph\">Yhdysvaltain tiedustelujohtaja <strong class=\"aw-ak79eh KyCXm yle__article__strong\">John Ratcliffe<\/strong> kuvasi Netanjahun hallinnonvaihdosskenaarioita Trumpille yhdell\u00e4 sanalla: \u201dfarssimaisia\u201d.<\/p>\n<p class=\"aw-1gybjub aw-1p7kakr kEtdKx cEmitX yle__article__paragraph\">\u2013 Toisin sanoen h\u00f6lynp\u00f6ly\u00e4, selvensi Yhdysvaltain ulkoministeri <strong class=\"aw-ak79eh KyCXm yle__article__strong\">Marco Rubio<\/strong> kokouksessa.<\/p>\n<p class=\"aw-1gybjub aw-1p7kakr kEtdKx cEmitX yle__article__paragraph\">Trumpia vaikuttivat kiinnostavan eniten ajatollahin tappaminen ja armeijan hajottaminen.<\/p>\n<p class=\"aw-1gybjub aw-1p7kakr kEtdKx cEmitX yle__article__paragraph\"><strong class=\"aw-ak79eh KyCXm yle__article__strong\">Videolla Yhdysvaltain presidentti Donald Trump kertoo Yhdysvaltojen tappaneen Iranin korkeimman johtajan sodan ensimm\u00e4isin\u00e4 p\u00e4iv\u00e4n\u00e4.<\/strong><\/p>\n<p>Video: VNRP, Jukka Koski \/ YleVarapresidentti Vance oli ainoa, joka vastusti sotaa \u00e4\u00e4neen<\/p>\n<p class=\"aw-1gybjub aw-1p7kakr kEtdKx cEmitX yle__article__paragraph\">Yhdysvaltain varapresidentti <strong class=\"aw-ak79eh KyCXm yle__article__strong\">J. D. Vance<\/strong> piti hallinnon vaihtoon t\u00e4ht\u00e4\u00e4v\u00e4\u00e4 sotaa Iranin kanssa \u201dkatastrofina\u201d, The New York Times kirjoittaa.<\/p>\n<p class=\"aw-1gybjub aw-1p7kakr kEtdKx cEmitX yle__article__paragraph\">H\u00e4n on lehden tietojen mukaan ainoa, joka vastusti sotaa avoimesti.<\/p>\n<p class=\"aw-1gybjub aw-1p7kakr kEtdKx cEmitX yle__article__paragraph\">Vance on aiemmin vastustanut n\u00e4kyv\u00e4sti Yhdysvaltojen sotia Irakissa, Afganistanissa, Libyassa ja Syyriassa. Vuonna 2023 h\u00e4n kirjoitti <a class=\"aw-iao6s4 iHOxEa yle__article__link\" href=\"https:\/\/www.wsj.com\/articles\/trumps-best-foreign-policy-not-starting-any-wars-ukraine-russia-war-rocket-nuclear-power-weapons-defense-11675186959?st=SAaZyU\" role=\"link\" rel=\"nofollow noopener\" target=\"_blank\">The Wall Street Journalissa<\/a> tukevansa Trumpia, koska \u201dtied\u00e4n, ettei h\u00e4n l\u00e4het\u00e4 amerikkalaisia \u200b\u200bholtittomasti taistelemaan ulkomaille.\u201d<\/p>\n<p class=\"aw-1gybjub aw-1p7kakr kEtdKx cEmitX yle__article__paragraph\">Nyt h\u00e4n varoitti Trumpia ja kollegoitaan, ett\u00e4 konflikti Iranissa voisi \u00e4ity\u00e4 alueelliseksi kaaokseksi ja aiheuttaa paljon uhreja.<\/p>\n<p class=\"aw-1gybjub aw-1p7kakr kEtdKx cEmitX yle__article__paragraph\">H\u00e4n my\u00f6s pelk\u00e4si, ett\u00e4 \u00e4\u00e4nest\u00e4j\u00e4t, jotka olivat tukeneet Trumpin lupausta uusien sotien v\u00e4ltt\u00e4misest\u00e4, pit\u00e4isiv\u00e4t sotaa petoksena.<\/p>\n<p class=\"aw-1gybjub aw-1p7kakr kEtdKx cEmitX yle__article__paragraph\">Iraniin hy\u00f6kk\u00e4\u00e4misest\u00e4 pidetyss\u00e4 viimeisess\u00e4 kokouksessa 26. helmikuuta h\u00e4nen kerrotaan sanoneen Trumpille n\u00e4in:<\/p>\n<p class=\"aw-1gybjub aw-1p7kakr kEtdKx cEmitX yle__article__paragraph\">\u2013 Tied\u00e4tte, ett\u00e4 mielest\u00e4ni t\u00e4m\u00e4 on huono idea, mutta jos haluatte tehd\u00e4 sen, tuen teit\u00e4.<\/p>\n<p><img decoding=\"async\" alt=\"Yhdysvaltain varapresidentti J. D. Vance kurtistaa kulmiaan ja katsoo presidentti Donald Trumpia tautsallaan kultaisia verhoja ja lippuja.\" src=\"https:\/\/www.europesays.com\/fi\/wp-content\/uploads\/2026\/04\/39-162389369d656bb94ec7.jpeg\" loading=\"lazy\" class=\"aw-1l9m598 hKVVvP\"\/><\/p>\n<p>Avaa kuvien katselu<\/p>\n<p>Varapresidentti J. D. Vance ep\u00e4ili Trumpin hy\u00f6kk\u00e4yssuunnitelmaa. Kuva maaliskuulta Valkoisesta talosta. Kuva: Aaron Schwartz \/ AOPMonia Trumpin esikunnasta sota huoletti, mutta he taipuivat Trumpin tahtoon<\/p>\n<p class=\"aw-1gybjub aw-1p7kakr kEtdKx cEmitX yle__article__paragraph\">Muiden Trumpin esikunnan j\u00e4senten n\u00e4kemykset Netanjahun sotasuunnitelmasta jakautuivat.<\/p>\n<p class=\"aw-1gybjub aw-1p7kakr kEtdKx cEmitX yle__article__paragraph\">Yhdysvaltain puolustusministeri <strong class=\"aw-ak79eh KyCXm yle__article__strong\">Pete Hegseth<\/strong> oli Trumpin esikunnasta innokkain aloittamaan sodan. The New York Timesin mukaan h\u00e4nen mielest\u00e4\u00e4n Yhdysvallat joutuisi \u201dhoitamaan iranilaiset joskus kuitenkin, joten sen voisi yht\u00e4 hyvin tehd\u00e4 nyt\u201d.<\/p>\n<p class=\"aw-1gybjub aw-1p7kakr kEtdKx cEmitX yle__article__paragraph\">Ulkoministeri Rubio olisi suosinut Iranin voimakkaan painostamisen jatkamista mutta ei yritt\u00e4nyt puhua Trumpia j\u00e4tt\u00e4ytym\u00e4\u00e4n sodasta.<\/p>\n<p class=\"aw-1gybjub aw-1p7kakr kEtdKx cEmitX yle__article__paragraph\">Valkoisen talon kansliap\u00e4\u00e4llikk\u00f6 <strong class=\"aw-ak79eh KyCXm yle__article__strong\">Susie Wiles<\/strong> oli huolissaan Yhdysvaltojen ajautumisesta L\u00e4hi-id\u00e4n konfliktiin ennen v\u00e4livaaleja mutta ei n\u00e4hnyt asiakseen jakaa huoltaan presidentin kanssa muiden edess\u00e4.<\/p>\n<p class=\"aw-1gybjub aw-1p7kakr kEtdKx cEmitX yle__article__paragraph\">Yhdysvaltain asevoimien komentaja, kenraali <strong class=\"aw-ak79eh KyCXm yle__article__strong\">Dan Caine<\/strong>, oli my\u00f6s huolissaan sodasta ja viittasi sen riskeihin, kuten aseiden ehtymiseen ja Iranin vastauksen ennustamisen vaikeuteen.<\/p>\n<p class=\"aw-1gybjub aw-1p7kakr kEtdKx cEmitX yle__article__paragraph\">H\u00e4n oli kuitenkin sanoissaan varovainen. H\u00e4nen mukaansa h\u00e4nen teht\u00e4v\u00e4ns\u00e4 ei ollut kertoa presidentille, mit\u00e4 tehd\u00e4. H\u00e4n esitteli my\u00f6s sodassa onnistumisen edellytyksi\u00e4.<\/p>\n<p class=\"aw-1gybjub aw-1p7kakr kEtdKx cEmitX yle__article__paragraph\">Trump vaikutti kuulevansa sen, mit\u00e4 halusi kuulla.<\/p>\n<p>Trump luuli Iranin kaatuvan yht\u00e4 nopeasti kuin Venezuela<\/p>\n<p class=\"aw-1gybjub aw-1p7kakr kEtdKx cEmitX yle__article__paragraph\">The New York Timesin mukaan Trumpin harkintaan Iranin sodan suhteen vaikutti Yhdysvaltojen pikaisesti toteuttama vallanvaihto Venezuelassa.<\/p>\n<p class=\"aw-1gybjub aw-1p7kakr kEtdKx cEmitX yle__article__paragraph\">Tammikuussa 2026 nopeasti toteutetussa kommando-operaatiossa Venezuelan presidentti <strong class=\"aw-ak79eh KyCXm yle__article__strong\">Nicol\u00e1s Maduro<\/strong> kiikutettiin puolisoineen helikopterilla Yhdysvaltoihin.<\/p>\n<p><img decoding=\"async\" alt=\"Vangittuja Nicolas Maduroa ja h\u00e4nen puolisoaan talutetaan.\" src=\"https:\/\/www.europesays.com\/fi\/wp-content\/uploads\/2026\/04\/39-1589045697b6f09bba42.jpeg\" loading=\"lazy\" class=\"aw-1l9m598 hKVVvP\"\/><\/p>\n<p>Avaa kuvien katselu<\/p>\n<p>Yhdysvaltain viranomaiset kuljettivat presidentti Nicol\u00e1s Maduroa ja t\u00e4m\u00e4n puolisoa Cilian Floresia vankilaan New Yorkissa 5. tammikuuta.  Kuva: Ron Sachs \/ AOP<\/p>\n<p class=\"aw-1gybjub aw-1p7kakr kEtdKx cEmitX yle__article__paragraph\">Trump ajatteli, ett\u00e4 sama k\u00e4visi Iranissa yht\u00e4 ketter\u00e4sti.<\/p>\n<p class=\"aw-1gybjub aw-1p7kakr kEtdKx cEmitX yle__article__paragraph\">Kun yhdysvaltalaiskommentaattori <strong class=\"aw-ak79eh KyCXm yle__article__strong\">Tucker Carlson<\/strong> kysyi yksityispuhelussa Trumpilta, miten t\u00e4m\u00e4 saattoi olla niin varma, ett\u00e4 kaikki menisi hyvin, Trumpin kerrotaan vastanneen: \u201dKoska se aina menee.\u201d<\/p>\n","protected":false},"excerpt":{"rendered":"New York Timesin mukaan Israelin p\u00e4\u00e4ministeri Benjamin Netanjahu vakuutti presidentti Donald Trumpin hy\u00f6kk\u00e4\u00e4m\u00e4\u00e4n Iraniin. Netanjahu esitteli helmikuussa suunnitelman,&hellip;\n","protected":false},"author":2,"featured_media":216027,"comment_status":"","ping_status":"","sticky":false,"template":"","format":"standard","meta":{"footnotes":"","_share_on_mastodon":"0"},"categories":[14],"tags":[3068,22,23,585,26,27,33,31,30,17,3648,993,24,25,28,29,15,18,21,32,19,20,56,16,59,60,61,29113],"class_list":["post-216026","post","type-post","status-publish","format-standard","has-post-thumbnail","category-ulkomaat","tag-benjamin-netanjahu","tag-breaking-news","tag-breakingnews","tag-donald-trump","tag-featured-news","tag-featurednews","tag-fi","tag-finland","tag-finnish","tag-headlines","tag-iran","tag-israel","tag-latest-news","tag-latestnews","tag-main-news","tag-mainnews","tag-news","tag-otsikot","tag-paauutiset","tag-suomi","tag-top-stories","tag-topstories","tag-ulkomaat","tag-uutiset","tag-world","tag-world-news","tag-worldnews","tag-yhdysvaltojen-ja-israelin-ilmaiskut-iraniin-2026"],"share_on_mastodon":{"url":"https:\/\/pubeurope.com\/@fi\/116370136879258593","error":""},"_links":{"self":[{"href":"https:\/\/www.europesays.com\/fi\/wp-json\/wp\/v2\/posts\/216026","targetHints":{"allow":["GET"]}}],"collection":[{"href":"https:\/\/www.europesays.com\/fi\/wp-json\/wp\/v2\/posts"}],"about":[{"href":"https:\/\/www.europesays.com\/fi\/wp-json\/wp\/v2\/types\/post"}],"author":[{"embeddable":true,"href":"https:\/\/www.europesays.com\/fi\/wp-json\/wp\/v2\/users\/2"}],"replies":[{"embeddable":true,"href":"https:\/\/www.europesays.com\/fi\/wp-json\/wp\/v2\/comments?post=216026"}],"version-history":[{"count":0,"href":"https:\/\/www.europesays.com\/fi\/wp-json\/wp\/v2\/posts\/216026\/revisions"}],"wp:featuredmedia":[{"embeddable":true,"href":"https:\/\/www.europesays.com\/fi\/wp-json\/wp\/v2\/media\/216027"}],"wp:attachment":[{"href":"https:\/\/www.europesays.com\/fi\/wp-json\/wp\/v2\/media?parent=216026"}],"wp:term":[{"taxonomy":"category","embeddable":true,"href":"https:\/\/www.europesays.com\/fi\/wp-json\/wp\/v2\/categories?post=216026"},{"taxonomy":"post_tag","embeddable":true,"href":"https:\/\/www.europesays.com\/fi\/wp-json\/wp\/v2\/tags?post=216026"}],"curies":[{"name":"wp","href":"https:\/\/api.w.org\/{rel}","templated":true}]}}