{"id":216084,"date":"2026-04-08T18:27:10","date_gmt":"2026-04-08T18:27:10","guid":{"rendered":"https:\/\/www.europesays.com\/fi\/216084\/"},"modified":"2026-04-08T18:27:10","modified_gmt":"2026-04-08T18:27:10","slug":"ramona-gronstrand-halusi-nayttaa-ihmisille-totuudenmukaista-romaniarkea-syntyi-valokuvanayttely-tyonteosta-kainuu","status":"publish","type":"post","link":"https:\/\/www.europesays.com\/fi\/216084\/","title":{"rendered":"Ramona Gr\u00f6nstrand halusi n\u00e4ytt\u00e4\u00e4 ihmisille totuuden\u00admukaista romaniarkea \u2013 syntyi valokuva\u00adn\u00e4yttely ty\u00f6nteosta | Kainuu"},"content":{"rendered":"<p class=\"aw-1gybjub aw-5vja16 kEtdKx kmuxyA yle__article__paragraph\">Romanit avasivat tavallista arkeaan valokuvaajalle. Kajaanissa esill\u00e4 olevan n\u00e4yttelyn tavoitteena on n\u00e4ytt\u00e4\u00e4 romanit yksil\u00f6in\u00e4, ei stereotypioina.<\/p>\n<p><img decoding=\"async\" alt=\"Ramona Gr\u00f6nstrand romanien kansallisp\u00e4iv\u00e4n\u00e4. \" src=\"https:\/\/www.europesays.com\/fi\/wp-content\/uploads\/2026\/04\/39-162384869d649a62ad93.jpeg\" class=\"aw-1l9m598 hKVVvP\"\/><\/p>\n<p>Avaa kuvien katselu<\/p>\n<p>Romaniasiantuntija Ramona Gr\u00f6nstrand on ollut suunnittelemassa n\u00e4yttely\u00e4 alusta asti. Kuva: Juha Kemppainen \/ Yle<\/p>\n<ul class=\"aw-1jjocuh iJTSwP yle__article__list yle__article__list--ul\">\n<li class=\"aw-1j7gwms gNYKfi\">Kajaanissa on avattu valokuvan\u00e4yttely, joka esittelee romanien tavallista arkea.<\/li>\n<li class=\"aw-1j7gwms gNYKfi\">Romaniasiantuntija Ramona Gr\u00f6nstrandin aloitteesta syntyneen n\u00e4yttelyn tavoite on murtaa stereotypioita.<\/li>\n<li class=\"aw-1j7gwms gNYKfi\">Valokuvan\u00e4yttely on osa Oulu 2026 -kulttuurip\u00e4\u00e4kaupunkivuoteen kuuluvaa monitaiteellista teosta.<\/li>\n<\/ul>\n<p class=\"aw-1gybjub aw-1p7kakr kEtdKx cEmitX yle__article__paragraph\">Kajaanissa avautui t\u00e4n\u00e4\u00e4n kansainv\u00e4lisen romanip\u00e4iv\u00e4n kunniaksi Tavallista arkea -valokuvan\u00e4yttely, joka esittelee ty\u00f6t\u00e4 tekevi\u00e4 romaneja ja heid\u00e4n arkeaan eri puolilta Suomea.<\/p>\n<p class=\"aw-1gybjub aw-1p7kakr kEtdKx cEmitX yle__article__paragraph\">Idean taustalla on kajaanilainen romaniasiantuntija <strong class=\"aw-ak79eh KyCXm yle__article__strong\">Ramona Gr\u00f6nstrand<\/strong>, joka on ty\u00f6skennellyt vuosia romanien tasa-arvon ja yhdenvertaisuuden puolesta eri rooleissa. H\u00e4n on ollut edist\u00e4m\u00e4ss\u00e4 my\u00f6s <a class=\"aw-iao6s4 iHOxEa yle__article__link\" href=\"https:\/\/yle.fi\/a\/3-8661729\" role=\"link\" rel=\"nofollow noopener\" target=\"_blank\">romanien ty\u00f6- ja koulutusmahdollisuuksia<\/a> Kainuussa.<\/p>\n<p class=\"aw-1gybjub aw-1p7kakr kEtdKx cEmitX yle__article__paragraph\">\u2013 Haluan n\u00e4ytt\u00e4\u00e4 ihmisille t\u00e4m\u00e4n p\u00e4iv\u00e4n totuudenmukaista romaniarkea. Minulla on ollut ilo ja kunnia saada olla mukana alusta asti, pohdinnoista alkaen, Gr\u00f6nstrand kertoo.<\/p>\n<p class=\"aw-1gybjub aw-1p7kakr kEtdKx cEmitX yle__article__paragraph\">Valokuvaaja <strong class=\"aw-ak79eh KyCXm yle__article__strong\">Anni Pohjaranta<\/strong> j\u00e4rkyttyi huomatessaan, ett\u00e4 vahvat stereotypiat el\u00e4v\u00e4t yh\u00e4. Siksi n\u00e4yttely tuo esiin romanit yksil\u00f6in\u00e4, ei stereotypioina.<\/p>\n<p class=\"aw-1gybjub aw-1p7kakr kEtdKx cEmitX yle__article__paragraph\">\u2013 He kokivat, ett\u00e4 kun he l\u00e4htev\u00e4t kotoaan kulttuurivaatteissa, he joutuvat muihin verrattuna tekem\u00e4\u00e4n kaksinkertaisen ty\u00f6n, jotta heit\u00e4 kohdeltaisiin luotettavina kansalaisina, Pohjaranta sanoo.<\/p>\n<p class=\"aw-1gybjub aw-1p7kakr kEtdKx cEmitX yle__article__paragraph\">Gr\u00f6nstrandilla on samankaltainen kokemus. Kajaanissa h\u00e4n on tunnettu kasvo, ja h\u00e4n kokee, ett\u00e4 h\u00e4net kohdataan Ramonana, ei romanina. Muualla asia on toisin.<\/p>\n<p class=\"aw-1gybjub aw-1p7kakr kEtdKx cEmitX yle__article__paragraph\">\u2013 Kun vaihdan paikkakuntaa ja olen vieraalla maaper\u00e4ll\u00e4, minua kohdellaan aivan eri tavalla.<\/p>\n<p class=\"aw-1gybjub aw-1p7kakr kEtdKx cEmitX yle__article__paragraph\"><strong class=\"aw-ak79eh KyCXm yle__article__strong\">Valokuvaaja Anni Pohjaranta kertoo, kuinka kuvasi kev\u00e4\u00e4ll\u00e4 2026 romaneja ty\u00f6ss\u00e4\u00e4n ymp\u00e4ri Suomea:<\/strong><\/p>\n<p>Video: Juha Kemppainen \/ Yle, Rami Moilanen \/ YleTy\u00f6 on hyvinvoinnin l\u00e4hde<\/p>\n<p class=\"aw-1gybjub aw-1p7kakr kEtdKx cEmitX yle__article__paragraph\">Kuvat n\u00e4ytt\u00e4v\u00e4t esimerkiksi bussinkuljettajan arkea, hevosmiehen arkea ja tavallista perhe-arkea. T\u00e4m\u00e4n p\u00e4iv\u00e4n romaniarki on Ramona Gr\u00f6nstrandin mukaan l\u00e4hestulkoon samanlaista kuin muidenkin arki Suomessa.<\/p>\n<p class=\"aw-1gybjub aw-1p7kakr kEtdKx cEmitX yle__article__paragraph\">Kuvattavien kasvoilla n\u00e4kyy hymy. Gr\u00f6nstrandin mukaan hyv\u00e4 olo on monen asian summa, jonka yhten\u00e4 tekij\u00e4n\u00e4 on ty\u00f6.<\/p>\n<p class=\"aw-1gybjub aw-1p7kakr kEtdKx cEmitX yle__article__paragraph\">\u2013 Meill\u00e4 on mahdollisuus saada t\u00f6it\u00e4 ja k\u00e4yd\u00e4 t\u00f6iss\u00e4, se on yksi iso hyvinvoinnin l\u00e4hde.<\/p>\n<p class=\"aw-1gybjub aw-1p7kakr kEtdKx cEmitX yle__article__paragraph\">Valokuvaaja Anni Pohjaranta oli vaikuttunut n\u00e4kem\u00e4st\u00e4\u00e4n ty\u00f6moraalista.<\/p>\n<p class=\"aw-1gybjub aw-1p7kakr kEtdKx cEmitX yle__article__paragraph\">\u2013 Sain kohdata paljon hienoja ihmisi\u00e4. Se kunnia ja intohimo, mill\u00e4 he suhtautuvat ty\u00f6h\u00f6n, on mielest\u00e4ni todella arvostettavaa, h\u00e4n sanoo.<\/p>\n<p class=\"aw-1gybjub aw-1p7kakr kEtdKx cEmitX yle__article__paragraph\">Valokuvan\u00e4yttely on osa Oulu 2026 -kulttuurip\u00e4\u00e4kaupunkivuoteen kuuluvaa monitaiteellista teosta. Kajaanin kaupunginteatterin pienell\u00e4 n\u00e4ytt\u00e4m\u00f6ll\u00e4 eli Sissilinnassa esill\u00e4 oleva n\u00e4yttely pohjustaa Romforum-teatteriesityst\u00e4, joka kertoo moninaisuuden kohtaamisesta ty\u00f6el\u00e4m\u00e4ss\u00e4.<\/p>\n","protected":false},"excerpt":{"rendered":"Romanit avasivat tavallista arkeaan valokuvaajalle. Kajaanissa esill\u00e4 olevan n\u00e4yttelyn tavoitteena on n\u00e4ytt\u00e4\u00e4 romanit yksil\u00f6in\u00e4, ei stereotypioina. Avaa kuvien&hellip;\n","protected":false},"author":2,"featured_media":216085,"comment_status":"","ping_status":"","sticky":false,"template":"","format":"standard","meta":{"footnotes":"","_share_on_mastodon":"0"},"categories":[135],"tags":[389,387,388,390,137,33,31,30,440,723,949,71,108,14060,32,394,393,391,392,869,7985,109],"class_list":["post-216084","post","type-post","status-publish","format-standard","has-post-thumbnail","category-taiteet-ja-suunnittelu","tag-arts","tag-arts-and-design","tag-artsanddesign","tag-design","tag-entertainment","tag-fi","tag-finland","tag-finnish","tag-ihmiset","tag-kainuu","tag-kajaani","tag-kotimaa","tag-kulttuuri","tag-romanit","tag-suomi","tag-suunnittelu","tag-taiteet","tag-taiteet-ja-suunnittelu","tag-taiteetsuunnittelu","tag-vahemmistot","tag-valokuvanayttelyt","tag-viihde"],"share_on_mastodon":{"url":"https:\/\/pubeurope.com\/@fi\/116370502360965192","error":""},"_links":{"self":[{"href":"https:\/\/www.europesays.com\/fi\/wp-json\/wp\/v2\/posts\/216084","targetHints":{"allow":["GET"]}}],"collection":[{"href":"https:\/\/www.europesays.com\/fi\/wp-json\/wp\/v2\/posts"}],"about":[{"href":"https:\/\/www.europesays.com\/fi\/wp-json\/wp\/v2\/types\/post"}],"author":[{"embeddable":true,"href":"https:\/\/www.europesays.com\/fi\/wp-json\/wp\/v2\/users\/2"}],"replies":[{"embeddable":true,"href":"https:\/\/www.europesays.com\/fi\/wp-json\/wp\/v2\/comments?post=216084"}],"version-history":[{"count":0,"href":"https:\/\/www.europesays.com\/fi\/wp-json\/wp\/v2\/posts\/216084\/revisions"}],"wp:featuredmedia":[{"embeddable":true,"href":"https:\/\/www.europesays.com\/fi\/wp-json\/wp\/v2\/media\/216085"}],"wp:attachment":[{"href":"https:\/\/www.europesays.com\/fi\/wp-json\/wp\/v2\/media?parent=216084"}],"wp:term":[{"taxonomy":"category","embeddable":true,"href":"https:\/\/www.europesays.com\/fi\/wp-json\/wp\/v2\/categories?post=216084"},{"taxonomy":"post_tag","embeddable":true,"href":"https:\/\/www.europesays.com\/fi\/wp-json\/wp\/v2\/tags?post=216084"}],"curies":[{"name":"wp","href":"https:\/\/api.w.org\/{rel}","templated":true}]}}