{"id":216120,"date":"2026-04-08T19:22:18","date_gmt":"2026-04-08T19:22:18","guid":{"rendered":"https:\/\/www.europesays.com\/fi\/216120\/"},"modified":"2026-04-08T19:22:18","modified_gmt":"2026-04-08T19:22:18","slug":"i-am-your-god-tekee-children-of-bodomille-ja-alexi-laiholle-kunniaa-coverin-merkeissa-esittelee-samalla-tulevaa-ep-levyaan","status":"publish","type":"post","link":"https:\/\/www.europesays.com\/fi\/216120\/","title":{"rendered":"I Am Your God tekee Children of Bodomille ja Alexi Laiholle kunniaa coverin merkeiss\u00e4 &#8211; esittelee samalla tulevaa ep-levy\u00e4\u00e4n"},"content":{"rendered":"<p>Rovaniemel\u00e4inen melodeath-yhtye <strong>I Am Your God<\/strong> julkaisee my\u00f6hemmin kuluvana vuonna viiden biisin mittaisen Foregods-ep:n, jolla b\u00e4ndi tekee kunniaa esikuvilleen ja \u00e4\u00e4rimetallin suurnimille. T\u00e4n\u00e4\u00e4n, edesmenneen <strong>Alexi Laihon<\/strong> syntym\u00e4p\u00e4iv\u00e4n kunniaksi, levylt\u00e4 on julkaistu maistiaisena I Am Your Godin versio <strong>Children of Bodomin<\/strong> Are You Dead Yet -kappaleesta.<\/p>\n<p>\u201dOlemme tavanneet heitt\u00e4\u00e4 covereita keikkasettiin luodaksemme yll\u00e4tyselementti\u00e4. Koska Bodom on koko metallimaailmassa supert\u00e4rke\u00e4 b\u00e4ndi ja Are You Dead Yet yksi heid\u00e4n ikonisimmista biiseist\u00e4\u00e4n, valitsimme sen. Hetken asiaa mietitty\u00e4mme innostuimme biisin coveroimisesta niin, ett\u00e4 halusimme vied\u00e4 homman kokonaan uudelle tasolle\u201d, yhtye pohjustaa tulevaa ep-levy\u00e4\u00e4n.<\/p>\n<p><img loading=\"lazy\" decoding=\"async\" alt=\"YouTube video\" width=\"480\" height=\"360\" data-pin-nopin=\"true\" nopin=\"nopin\" class=\"perfmatters-lazy\" src=\"https:\/\/www.europesays.com\/fi\/wp-content\/uploads\/2026\/04\/1775676131_907_hqdefault.jpg\"\/><\/p>\n<p>Lue my\u00f6s: <a href=\"https:\/\/www.inferno.fi\/uutiskirje\/\" title=\"Tilaa Infernon uutiskirje\" class=\"underline-custom !font-montserrat !font-bold !underline-offset-4 !decoration-4 !decoration-red-600 !text-md\" rel=\"nofollow noopener\" target=\"_blank\">Tilaa Infernon uutiskirje ja tied\u00e4t mist\u00e4 kahvitauolla puhutaan! Nappaa raskaan musiikin uutiset ja puheenaiheet suoraan s\u00e4hk\u00f6postiin t\u00e4st\u00e4.<\/a><\/p>\n<p>    <a class=\"block\" href=\"https:\/\/www.como.fi\/uutiset\/nina-tapio-kuuli-maanantaina-diagnoosin-joka-aiheutti-sokin-nousi-silti-lavalle-ystavansa-juhlissa\/\" target=\"_blank\" rel=\"noopener nofollow\"><br \/>\n                    <img loading=\"lazy\" decoding=\"async\" width=\"672\" height=\"479\" alt=\"Nina Tapio kuuli maanantaina diagnoosin, joka aiheutti sokin \u2013 nousi silti lavalle yst\u00e4v\u00e4ns\u00e4 juhlissa\" class=\"perfmatters-lazy\" src=\"https:\/\/www.europesays.com\/fi\/wp-content\/uploads\/2026\/04\/1775654171_683_nina-tapio-1-672x479.jpg\"\/><\/p>\n<p>                        <img loading=\"lazy\" decoding=\"async\" alt=\"Como.fi\" width=\"16\" height=\"16\" class=\"perfmatters-lazy\" src=\"https:\/\/www.europesays.com\/fi\/wp-content\/uploads\/2026\/04\/favicon-16x16.png\"\/><\/p>\n<p>    <\/a><\/p>\n<p>    <a class=\"block\" href=\"https:\/\/www.como.fi\/uutiset\/latelan-lauri-huttuselle-ikavat-uutiset-romahdus\/\" target=\"_blank\" rel=\"noopener nofollow\"><br \/>\n                    <img loading=\"lazy\" decoding=\"async\" width=\"672\" height=\"363\" alt=\"Latelan Lauri Huttuselle ik\u00e4v\u00e4t uutiset: Romahdus!\" class=\"perfmatters-lazy\" src=\"https:\/\/www.europesays.com\/fi\/wp-content\/uploads\/2026\/04\/latela_lauri_huttunen_sari_anna_leppanen_promo-672x363.jpg\"\/><\/p>\n<p>                        <img loading=\"lazy\" decoding=\"async\" alt=\"Como.fi\" width=\"16\" height=\"16\" class=\"perfmatters-lazy\" src=\"https:\/\/www.europesays.com\/fi\/wp-content\/uploads\/2026\/04\/favicon-16x16.png\"\/><\/p>\n<p>    <\/a><\/p>\n<p>    <a class=\"block\" href=\"https:\/\/www.como.fi\/uutiset\/suomalainen-superbandi-lopettaa-uransa-ensi-viikonloppuna-viimeiset-konsertit\/\" target=\"_blank\" rel=\"noopener nofollow\"><br \/>\n                    <img loading=\"lazy\" decoding=\"async\" width=\"672\" height=\"446\" alt=\"Suomalainen superb\u00e4ndi lopettaa uransa ensi viikonloppuna \u2013 viimeiset konsertit\" class=\"perfmatters-lazy\" src=\"https:\/\/www.europesays.com\/fi\/wp-content\/uploads\/2026\/04\/1775654172_844_rodeo-1-672x446.jpg\"\/><\/p>\n<p>                        <img loading=\"lazy\" decoding=\"async\" alt=\"Como.fi\" width=\"16\" height=\"16\" class=\"perfmatters-lazy\" src=\"https:\/\/www.europesays.com\/fi\/wp-content\/uploads\/2026\/04\/favicon-16x16.png\"\/><\/p>\n<p>    <\/a><\/p>\n<p>    <a class=\"block\" href=\"https:\/\/www.inferno.fi\/uutiset\/anton-kabanen-jattaa-beast-in-blackin-pohjois-amerikan-kiertueen-valiin-paatos-ei-ollut-helppo\/\" rel=\"nofollow noopener\" target=\"_blank\"><br \/>\n        <img loading=\"lazy\" height=\"448\" width=\"672\" class=\"attachment-large_post_image size-large_post_image sp-no-webp perfmatters-lazy\" alt=\"Anton Kabanen j\u00e4tt\u00e4\u00e4 Beast in Blackin Pohjois-Amerikan -kiertueen v\u00e4liin \u2013 \u201dP\u00e4\u00e4t\u00f6s ei ollut helppo\u201d\" decoding=\"async\" src=\"https:\/\/www.europesays.com\/fi\/wp-content\/uploads\/2026\/04\/beast-in-black-jaahalli-061125-jussi-niemela-8-672x448.jpg\"  data-\/><br \/>\n    <\/a><\/p>\n<p>    <a class=\"block\" href=\"https:\/\/www.inferno.fi\/uutiset\/thrash-metal-jyra-havok-saapuu-syksylla-suomeen-mukana-tulevat-blood-red-throne-xonor-ja-eradikated\/\" rel=\"nofollow noopener\" target=\"_blank\"><br \/>\n        <img loading=\"lazy\" height=\"378\" width=\"672\" class=\"attachment-large_post_image size-large_post_image sp-no-webp perfmatters-lazy\" alt=\"Thrash metal -jyr\u00e4 Havok saapuu syksyll\u00e4 Suomeen \u2013 mukana tulevat Blood Red Throne, Xonor ja Eradikated\" decoding=\"async\" src=\"https:\/\/www.europesays.com\/fi\/wp-content\/uploads\/2026\/04\/havok-logo-1200px-672x378.jpg\"  data-\/><br \/>\n    <\/a><\/p>\n<p>    <a class=\"block\" href=\"https:\/\/www.inferno.fi\/uutiset\/qwalen-muistuttaa-veri-vastaa-videolla-kenen-lippua-kannattaa-kantaa-kappaleesta-loytyy-kumarrus-mika-tenkulalle-ja-sentencedille\/\" rel=\"nofollow noopener\" target=\"_blank\"><br \/>\n        <img loading=\"lazy\" height=\"448\" width=\"672\" class=\"attachment-large_post_image size-large_post_image sp-no-webp perfmatters-lazy\" alt=\"Qw\u00e4len muistuttaa Veri vastaa -videolla, kenen lippua kannattaa kantaa \u2013 kappaleesta l\u00f6ytyy kumarrus Miika Tenkulalle ja Sentencedille\" decoding=\"async\" src=\"https:\/\/www.europesays.com\/fi\/wp-content\/uploads\/2026\/03\/qwalen-2026-2-12-672x448.jpg\"  data-\/><br \/>\n    <\/a><\/p>\n<p>    <a class=\"block\" href=\"https:\/\/www.inferno.fi\/uutiset\/evergreyn-riveissa-muutoksia-molempien-on-tullut-aika-aloittaa-uusi-luku\/\" rel=\"nofollow noopener\" target=\"_blank\"><br \/>\n        <img loading=\"lazy\" height=\"448\" width=\"672\" class=\"attachment-large_post_image size-large_post_image sp-no-webp perfmatters-lazy\" alt=\"Evergreyn riveiss\u00e4 muutoksia \u2013 \u201dMolempien on tullut aika aloittaa uusi luku\u201d\" decoding=\"async\" src=\"https:\/\/www.europesays.com\/fi\/wp-content\/uploads\/2026\/04\/4005006026-672x448.jpg\"  data-\/><br \/>\n    <\/a><\/p>\n","protected":false},"excerpt":{"rendered":"Rovaniemel\u00e4inen melodeath-yhtye I Am Your God julkaisee my\u00f6hemmin kuluvana vuonna viiden biisin mittaisen Foregods-ep:n, jolla b\u00e4ndi tekee kunniaa&hellip;\n","protected":false},"author":2,"featured_media":216121,"comment_status":"","ping_status":"","sticky":false,"template":"","format":"standard","meta":{"footnotes":"","_share_on_mastodon":"0"},"categories":[132],"tags":[806,137,3149,33,31,30,195,47,1244,32,109],"class_list":["post-216120","post","type-post","status-publish","format-standard","has-post-thumbnail","category-musiikki","tag-cover","tag-entertainment","tag-ep","tag-fi","tag-finland","tag-finnish","tag-music","tag-musiikki","tag-single","tag-suomi","tag-viihde"],"share_on_mastodon":{"url":"https:\/\/pubeurope.com\/@fi\/116370718656322766","error":""},"_links":{"self":[{"href":"https:\/\/www.europesays.com\/fi\/wp-json\/wp\/v2\/posts\/216120","targetHints":{"allow":["GET"]}}],"collection":[{"href":"https:\/\/www.europesays.com\/fi\/wp-json\/wp\/v2\/posts"}],"about":[{"href":"https:\/\/www.europesays.com\/fi\/wp-json\/wp\/v2\/types\/post"}],"author":[{"embeddable":true,"href":"https:\/\/www.europesays.com\/fi\/wp-json\/wp\/v2\/users\/2"}],"replies":[{"embeddable":true,"href":"https:\/\/www.europesays.com\/fi\/wp-json\/wp\/v2\/comments?post=216120"}],"version-history":[{"count":0,"href":"https:\/\/www.europesays.com\/fi\/wp-json\/wp\/v2\/posts\/216120\/revisions"}],"wp:featuredmedia":[{"embeddable":true,"href":"https:\/\/www.europesays.com\/fi\/wp-json\/wp\/v2\/media\/216121"}],"wp:attachment":[{"href":"https:\/\/www.europesays.com\/fi\/wp-json\/wp\/v2\/media?parent=216120"}],"wp:term":[{"taxonomy":"category","embeddable":true,"href":"https:\/\/www.europesays.com\/fi\/wp-json\/wp\/v2\/categories?post=216120"},{"taxonomy":"post_tag","embeddable":true,"href":"https:\/\/www.europesays.com\/fi\/wp-json\/wp\/v2\/tags?post=216120"}],"curies":[{"name":"wp","href":"https:\/\/api.w.org\/{rel}","templated":true}]}}