{"id":21621,"date":"2025-08-31T13:05:22","date_gmt":"2025-08-31T13:05:22","guid":{"rendered":"https:\/\/www.europesays.com\/fi\/21621\/"},"modified":"2025-08-31T13:05:22","modified_gmt":"2025-08-31T13:05:22","slug":"trillereita-fantasiaa-ja-historiallisia-romaaneja-lue-syksyiset-lukuvinkit-nivalan-kirjastosta","status":"publish","type":"post","link":"https:\/\/www.europesays.com\/fi\/21621\/","title":{"rendered":"Trillereit\u00e4, fantasiaa ja historiallisia romaaneja \u2013 Lue syksyiset lukuvinkit Nivalan kirjastosta"},"content":{"rendered":"<p>                                  Paikallisuutiset<\/p>\n<p>                <img loading=\"lazy\" decoding=\"async\" itemprop=\"contentUrl\" class=\"figure-img img-fluid\"  src=\"https:\/\/imengine.public.prod.hil.infomaker.io?uuid=a648365c-194b-55b2-a82f-7570a24b0e87&amp;function=fit&amp;type=preview&amp;source=false&amp;q=75&amp;maxsize=3562&amp;scaleup=0\" width=\"3562\" height=\"2005\"  alt=\"\"\/><\/p>\n<p>                                    Irene Nevasaari, Tuula Ojala ja P\u00e4ivi Holsti lukuvinkkauksien keskell\u00e4.<br \/>\n                                                    Kuva:<br \/>\n                    Reetta \u00c4ngeslev\u00e4<\/p>\n<p>      MAINOS &#8211; juttu jatkuu mainoksen j\u00e4lkeen<\/p>\n<p>      MAINOS &#8211; mainos p\u00e4\u00e4ttyy<\/p>\n<p class=\"ew-body\">Syksyll\u00e4 iltojen pimetess\u00e4 yh\u00e4 useampi nappaa kirjan k\u00e4teens\u00e4 tai kuunteluun. T\u00e4m\u00e4 on huomattu my\u00f6s Nivalan kirjastossa.<\/p>\n<p class=\"ew-body\">\u2013 Iltojen pimetess\u00e4 n\u00e4kee, ett\u00e4 ihmiset alkavat viett\u00e4m\u00e4\u00e4n aikaa ehk\u00e4 enemm\u00e4n sis\u00e4ll\u00e4 kuin ulkona, kertoo kirjastonhoitaja <strong id=\"strong-660c6a40f0ff1588edd2bae2002f5731\">Irene Nevasaari<\/strong>.<\/p>\n<p class=\"ew-body\">My\u00f6s koulujen alkaminen n\u00e4kyy positiivise<\/p>\n<p>  <a class=\"btn btn-secondary btn-icon-left\" href=\"#coral_thread\"><br \/>\n    <img decoding=\"async\" src=\"https:\/\/www.nivala-lehti.fi\/wp-content\/themes\/hilla-theme\/assets\/img\/icon_comments.svg\" alt=\"\"\/><br \/>\n    Kommentoi<br \/>\n  <\/a><\/p>\n<p>  <a class=\"btn btn-secondary btn-icon-left mailto_web\" href=\"mailto:toimitus@nivala-lehti.fi?subject=Ilmoita%20asiavirheest%C3%A4&amp;body=Otsikko%3A%20Trillereit%C3%A4%2C%20fantasiaa%20ja%20historiallisia%20romaaneja%20%E2%80%93%20%20Lue%20syksyiset%20lukuvinkit%20Nivalan%20kirjastosta%0AUuid%3A%201a41b049-fc51-4abe-a0c5-95b2440ec5fd%0AUrl%3A%20https%3A%2F%2Fwww.nivala-lehti.fi%2Fartikkeli%2Ftrillereita-fantasiaa-ja-historiallisia-romaaneja-lue-syksyiset-lukuvinkit-nivalan-kirjastosta\"><br \/>\n    <img decoding=\"async\" src=\"https:\/\/www.nivala-lehti.fi\/wp-content\/themes\/hilla-theme\/assets\/img\/icon_feedback.svg\" alt=\"\"\/><br \/>\n    Ilmoita asiavirheest\u00e4<br \/>\n  <\/a><\/p>\n","protected":false},"excerpt":{"rendered":"Paikallisuutiset Irene Nevasaari, Tuula Ojala ja P\u00e4ivi Holsti lukuvinkkauksien keskell\u00e4. Kuva: Reetta \u00c4ngeslev\u00e4 MAINOS &#8211; juttu jatkuu mainoksen&hellip;\n","protected":false},"author":2,"featured_media":21622,"comment_status":"","ping_status":"","sticky":false,"template":"","format":"standard","meta":{"footnotes":""},"categories":[134],"tags":[377,137,33,31,30,378,32,109],"class_list":{"0":"post-21621","1":"post","2":"type-post","3":"status-publish","4":"format-standard","5":"has-post-thumbnail","7":"category-kirjat","8":"tag-books","9":"tag-entertainment","10":"tag-fi","11":"tag-finland","12":"tag-finnish","13":"tag-kirjat","14":"tag-suomi","15":"tag-viihde"},"share_on_mastodon":{"url":"","error":""},"_links":{"self":[{"href":"https:\/\/www.europesays.com\/fi\/wp-json\/wp\/v2\/posts\/21621","targetHints":{"allow":["GET"]}}],"collection":[{"href":"https:\/\/www.europesays.com\/fi\/wp-json\/wp\/v2\/posts"}],"about":[{"href":"https:\/\/www.europesays.com\/fi\/wp-json\/wp\/v2\/types\/post"}],"author":[{"embeddable":true,"href":"https:\/\/www.europesays.com\/fi\/wp-json\/wp\/v2\/users\/2"}],"replies":[{"embeddable":true,"href":"https:\/\/www.europesays.com\/fi\/wp-json\/wp\/v2\/comments?post=21621"}],"version-history":[{"count":0,"href":"https:\/\/www.europesays.com\/fi\/wp-json\/wp\/v2\/posts\/21621\/revisions"}],"wp:featuredmedia":[{"embeddable":true,"href":"https:\/\/www.europesays.com\/fi\/wp-json\/wp\/v2\/media\/21622"}],"wp:attachment":[{"href":"https:\/\/www.europesays.com\/fi\/wp-json\/wp\/v2\/media?parent=21621"}],"wp:term":[{"taxonomy":"category","embeddable":true,"href":"https:\/\/www.europesays.com\/fi\/wp-json\/wp\/v2\/categories?post=21621"},{"taxonomy":"post_tag","embeddable":true,"href":"https:\/\/www.europesays.com\/fi\/wp-json\/wp\/v2\/tags?post=21621"}],"curies":[{"name":"wp","href":"https:\/\/api.w.org\/{rel}","templated":true}]}}