{"id":216802,"date":"2026-04-09T14:13:13","date_gmt":"2026-04-09T14:13:13","guid":{"rendered":"https:\/\/www.europesays.com\/fi\/216802\/"},"modified":"2026-04-09T14:13:13","modified_gmt":"2026-04-09T14:13:13","slug":"israel-jatkaa-ankaria-iskuja-libanoniin-punainen-risti-kertoo-maan-ajautuneen-paniikin-ja-kaaoksen-valtaan-uutisia-lyhyesti","status":"publish","type":"post","link":"https:\/\/www.europesays.com\/fi\/216802\/","title":{"rendered":"Israel jatkaa ankaria iskuja Libanoniin \u2013 Punainen risti kertoo maan ajautuneen paniikin ja kaaoksen valtaan | Uutisia lyhyesti"},"content":{"rendered":"<p class=\"aw-1gybjub aw-5vja16 kEtdKx kmuxyA yle__article__paragraph\">Tiettyjen arvoiden mukaan tuoreimmat iskut Libanoniin ovat olleet koko kuusi viikkoa jatkuneen konfliktin ankarimmat.<\/p>\n<p><img decoding=\"async\" alt=\"Israelin ilmahy\u00f6kk\u00e4yksen aiheuttamia tuhoja Beirutissa.\" src=\"https:\/\/www.europesays.com\/fi\/wp-content\/uploads\/2026\/04\/39-162450969d79a82a086f.jpeg\" class=\"aw-1l9m598 hKVVvP\"\/><\/p>\n<p>Avaa kuvien katselu<\/p>\n<p>Israel hy\u00f6kk\u00e4\u00e4 edelleen Libanoniin eritt\u00e4in rajusti. Kuvassa pommituksen tuhoja Beirutissa. Kuva: AFP<\/p>\n<p class=\"aw-1gybjub aw-1p7kakr kEtdKx cEmitX yle__article__paragraph\">Israel on torstaina jatkanut ilmaiskuja Etel\u00e4-Libanonissa. Tiettyjen arvoiden mukaan t\u00e4m\u00e4np\u00e4iv\u00e4iset iskut Libanoniin ovat olleet koko kuusi viikkoa jatkuneen konfliktin ankarimmat, uutistoimisto Reuters kertoo.<\/p>\n<p class=\"aw-1gybjub aw-1p7kakr kEtdKx cEmitX yle__article__paragraph\">Israelin eilisiss\u00e4 iskuissa on <a class=\"aw-iao6s4 iHOxEa yle__article__link\" href=\"https:\/\/x.com\/ICRC\/status\/2041966879716122894\/photo\/1\" role=\"link\" rel=\"nofollow\">todettu kuolleen<\/a> yli 200 ihmist\u00e4. Lis\u00e4ksi yli tuhannen kerrotaan haavoittuneen.<\/p>\n<p class=\"aw-1gybjub aw-1p7kakr kEtdKx cEmitX yle__article__paragraph\">Punaisen Ristin kansainv\u00e4linen komitea (ICRC) on julkaissut tiedotteen Libanonin kaoottisesta tilanteesta.<\/p>\n<p class=\"aw-1gybjub aw-1p7kakr kEtdKx cEmitX yle__article__paragraph\">\u2013 Ihmiset pid\u00e4ttiv\u00e4t Libanonissa hengityst\u00e4\u00e4n tulitauon puolesta. Tappavien iskujen aalto on kuitenkin ajanut koko maan paniikin ja kaaoksen valtaan, ICRC:n Libanonin haaran <strong class=\"aw-ak79eh KyCXm yle__article__strong\">Agn\u00e8s Dhur<\/strong> sanoo.<\/p>\n<p class=\"aw-1gybjub aw-1p7kakr kEtdKx cEmitX yle__article__paragraph\">Israelin p\u00e4\u00e4ministeri <strong class=\"aw-ak79eh KyCXm yle__article__strong\">Benjamin Netanjahu<\/strong> sanoi aiemmin torstaina, ett\u00e4 Israel aikoo jatkaa iskujaan \u00e4\u00e4rij\u00e4rjest\u00f6 Hizbollahia vastaan kaikkialla, miss\u00e4 se on tarpeen.<\/p>\n<p class=\"aw-1gybjub aw-1p7kakr kEtdKx cEmitX yle__article__paragraph\">Sek\u00e4 Yhdysvaltain ett\u00e4 Israelin johto on todennut, ettei Libanon ollut sovitun tulitauon piiriss\u00e4.<\/p>\n<p class=\"aw-1gybjub aw-1p7kakr kEtdKx cEmitX yle__article__paragraph\">Iranin presidentti <strong class=\"aw-ak79eh KyCXm yle__article__strong\">Masud Peze\u0161kian<\/strong> syytt\u00e4\u00e4 Israelia tulitaukosopimuksen rikkomisesta. H\u00e4nen mukaansa neuvottelut rauhasta ovat merkityksett\u00f6mi\u00e4, mik\u00e4li iskut Libanoniin jatkuvat.<\/p>\n<p class=\"aw-1gybjub aw-1p7kakr kEtdKx cEmitX yle__article__paragraph\">Peze\u0161kianin mukaan Iran ei aio hyl\u00e4t\u00e4 Libanonin kansaa.<\/p>\n","protected":false},"excerpt":{"rendered":"Tiettyjen arvoiden mukaan tuoreimmat iskut Libanoniin ovat olleet koko kuusi viikkoa jatkuneen konfliktin ankarimmat. Avaa kuvien katselu Israel&hellip;\n","protected":false},"author":2,"featured_media":216803,"comment_status":"","ping_status":"","sticky":false,"template":"","format":"standard","meta":{"footnotes":"","_share_on_mastodon":"0"},"categories":[14],"tags":[3068,22,23,26,27,33,31,30,17,3574,3648,993,4258,992,24,25,3572,28,29,15,18,21,32165,32,19,20,56,16,59,60,61],"class_list":["post-216802","post","type-post","status-publish","format-standard","has-post-thumbnail","category-ulkomaat","tag-benjamin-netanjahu","tag-breaking-news","tag-breakingnews","tag-featured-news","tag-featurednews","tag-fi","tag-finland","tag-finnish","tag-headlines","tag-hizbollah","tag-iran","tag-israel","tag-konfliktit","tag-lahi-ita","tag-latest-news","tag-latestnews","tag-libanon","tag-main-news","tag-mainnews","tag-news","tag-otsikot","tag-paauutiset","tag-punaisen-ristin-kansainvalinen-komitea-icrc","tag-suomi","tag-top-stories","tag-topstories","tag-ulkomaat","tag-uutiset","tag-world","tag-world-news","tag-worldnews"],"share_on_mastodon":{"url":"","error":"Validation failed: Text character limit of 500 exceeded"},"_links":{"self":[{"href":"https:\/\/www.europesays.com\/fi\/wp-json\/wp\/v2\/posts\/216802","targetHints":{"allow":["GET"]}}],"collection":[{"href":"https:\/\/www.europesays.com\/fi\/wp-json\/wp\/v2\/posts"}],"about":[{"href":"https:\/\/www.europesays.com\/fi\/wp-json\/wp\/v2\/types\/post"}],"author":[{"embeddable":true,"href":"https:\/\/www.europesays.com\/fi\/wp-json\/wp\/v2\/users\/2"}],"replies":[{"embeddable":true,"href":"https:\/\/www.europesays.com\/fi\/wp-json\/wp\/v2\/comments?post=216802"}],"version-history":[{"count":0,"href":"https:\/\/www.europesays.com\/fi\/wp-json\/wp\/v2\/posts\/216802\/revisions"}],"wp:featuredmedia":[{"embeddable":true,"href":"https:\/\/www.europesays.com\/fi\/wp-json\/wp\/v2\/media\/216803"}],"wp:attachment":[{"href":"https:\/\/www.europesays.com\/fi\/wp-json\/wp\/v2\/media?parent=216802"}],"wp:term":[{"taxonomy":"category","embeddable":true,"href":"https:\/\/www.europesays.com\/fi\/wp-json\/wp\/v2\/categories?post=216802"},{"taxonomy":"post_tag","embeddable":true,"href":"https:\/\/www.europesays.com\/fi\/wp-json\/wp\/v2\/tags?post=216802"}],"curies":[{"name":"wp","href":"https:\/\/api.w.org\/{rel}","templated":true}]}}