{"id":217253,"date":"2026-04-10T03:32:10","date_gmt":"2026-04-10T03:32:10","guid":{"rendered":"https:\/\/www.europesays.com\/fi\/217253\/"},"modified":"2026-04-10T03:32:10","modified_gmt":"2026-04-10T03:32:10","slug":"pyhimys-yllatti-iisalmen-yossa-paikallisen-naisen-kuva","status":"publish","type":"post","link":"https:\/\/www.europesays.com\/fi\/217253\/","title":{"rendered":"Pyhimys yll\u00e4tti Iisalmen y\u00f6ss\u00e4 paikallisen naisen &#8211; kuva"},"content":{"rendered":"<p>\n            20210909, Helsinki. Vain el\u00e4m\u00e4\u00e4 2021 pressitilaisuus Kalastajantorpalla. Kuvassa Mikko Kuoppala alias Pyhimys.<br \/>\n            Timo Korhonen\n        <\/p>\n<p class=\"subtitle \">Stadilainen Pyhimys on viihtynyt viime aikoina my\u00f6s Pohjois-Savossa.<\/p>\n<p class=\"article-content article-content-width !bg-background\">Iisalmi.<\/p>\n<p class=\"font-weight-bold m-font-weight-bold article-content article-content-width !bg-background\">Video: Pyhimys viihtyi kaunottaren seurassa Savon y\u00f6ss\u00e4<\/p>\n<p class=\"article-content article-content-width !bg-background\">Pohjois-Savon maakunnan kaupungeista ehk\u00e4 merkitt\u00e4vin heti Kuopion ja Kiuruveden j\u00e4lkeen.<\/p>\n<p class=\"article-content article-content-width !bg-background\">Pitk\u00e4n\u00e4perjantaina Iisalmen y\u00f6ss\u00e4 n\u00e4htiin koko Suomen mittakaavassa tutut kasvot.<\/p>\n<p>        <a itemprop=\"url\" href=\"https:\/\/www.seiska.fi\/vain-seiskassa\/pyhimys-akaili-huoltoasemalla-katso-video\/2109644\" rel=\"nofollow noopener\" target=\"_blank\"><\/p>\n<p>\nPyhimys \u00e4k\u00e4ili huoltoasemalla\n<\/p>\n<p class=\"section-date\">\n        <strong class=\"article-section\" data-section=\"vain seiskassa\"><br \/>\n            vain seiskassa<br \/>\n        <\/strong><br \/>\n        27.3. 06:00\n    <\/p>\n<p>Pyhimys \u00e4k\u00e4ili huoltoasemalla \u2013 katso video\n    <\/p>\n<p itemprop=\"description\" class=\"subtitle \">\n    Artisti ei ollut parhaimmalla tuulella, sanoo Seiskan lukija.\n<\/p>\n<p>        <\/a><\/p>\n<p class=\"article-content article-content-width !bg-background\"> eli r\u00e4pp\u00e4ri  oli my\u00f6h\u00e4\u00e4n illalla paikallisessa Irkku-baarissa \u2013 viralliselta nimelt\u00e4\u00e4n O&#8217;Nelly&#8217;s Irish Bar.<\/p>\n<p class=\"article-content article-content-width !bg-background\">\u2013 Mutta Irkuksi sit\u00e4 t\u00e4\u00e4ll\u00e4 kututtaan, kertoo Seiskan paikallinen lukija.<\/p>\n<p>                <img decoding=\"async\" src=\"https:\/\/www.europesays.com\/fi\/wp-content\/uploads\/2026\/04\/2121375.webp.jpeg\" width=\"576\" height=\"274\" alt=\"Pyhimys on my\u00f6s osa Teflon Brothers -trioa yhdess\u00e4 Heikki Kuulan (kesk) sek\u00e4 Jani Tuohimaan eli Bolin kanssa.\" loading=\"lazy\" \/>            <\/p>\n<p>\n            Pyhimys on my\u00f6s osa Teflon Brothers -trioa yhdess\u00e4 Heikki Kuulan (kesk) sek\u00e4 Jani Tuohimaan eli Bolin kanssa.<br \/>\n            Pasi Murto\n        <\/p>\n<p>Hyv\u00e4 kattaus<\/p>\n<p class=\"article-content article-content-width !bg-background\">Pyhimys viihtyi lukijan mukaan jo jonkin aikaa h\u00e4nen kanssaan yhdess\u00e4 n\u00e4hdyn vaaleahiuksisen kaunottaren seurassa.<\/p>\n<p class=\"article-content article-content-width !bg-background\">Pyhimys ja h\u00e4nen pitk\u00e4aikainen vaimonsa tuomittiin Helsingin k\u00e4r\u00e4j\u00e4oikeudessa lopulliseen avioeroon viime marraskuussa.<\/p>\n<p class=\"article-content article-content-width !bg-background\">Lis\u00e4ksi porukkaan kuului pari muutakin.<\/p>\n<p>        <a itemprop=\"url\" href=\"https:\/\/www.seiska.fi\/vain-seiskassa\/blondi-kainalossa-pyhimys-heratti-huomiota-iisalmen-aamuyossa-salakuvat\/1923338\" rel=\"nofollow noopener\" target=\"_blank\"><\/p>\n<p>\nPyhimys ja mysteeriblondi\n<\/p>\n<p class=\"section-date\">\n        <strong class=\"article-section\" data-section=\"vain seiskassa\"><br \/>\n            vain seiskassa<br \/>\n        <\/strong><br \/>\n        12.9.2025 05:00\n    <\/p>\n<p>Blondi kainalossa! Pyhimys her\u00e4tti huomiota Iisalmen aamuy\u00f6ss\u00e4 \u2013 salakuvat\n    <\/p>\n<p itemprop=\"description\" class=\"subtitle \">\n    Tunnettuja Iisalmessa asuneita merkkihenkil\u00f6it\u00e4 ovat muun muassa Keke Rosberg, Miina \u00c4kkijyrkk\u00e4, Edvin Laine sek\u00e4 Jaakko Teppo.\n<\/p>\n<p>        <\/a><\/p>\n<p class=\"article-content article-content-width !bg-background\">\u2013 Naisia taisi olla hekin.<\/p>\n<p class=\"article-content article-content-width !bg-background\">P\u00f6yt\u00e4 oli siis varsin hyvin katettu.<\/p>\n<p class=\"article-content article-content-width !bg-background\">\u2013 My\u00f6hemmin y\u00f6n aikana he siirtyiv\u00e4t viel\u00e4 Bar Caveen.<\/p>\n<p>                <img decoding=\"async\" src=\"https:\/\/www.europesays.com\/fi\/wp-content\/uploads\/2026\/04\/1946582.webp.jpeg\" width=\"576\" height=\"687\" title=\"Kyseinen nainen lienee sama, jonka kanssa toinen Seiskan lukija todisti Pyhimyksen viett\u00e4v\u00e4n herkk\u00e4\u00e4 hetke\u00e4 Iisalmen torilla viime syksyn\u00e4.\" alt=\"Artisti Pyhimys eli Mikko Kuoppala her\u00e4tti huomiota Iisalmen torin bussipys\u00e4kill\u00e4. H\u00e4nen seurassaan n\u00e4htiin nuori nainen.\" loading=\"lazy\" \/>            <\/p>\n<p>\n            Kyseinen nainen lienee sama, jonka kanssa toinen Seiskan lukija todisti Pyhimyksen viett\u00e4v\u00e4n herkk\u00e4\u00e4 hetke\u00e4 Iisalmen torilla viime syksyn\u00e4.<br \/>\n            Lukijan kuva\n        <\/p>\n<p>&#8221;Olivat kuin kotonaan&#8221;<\/p>\n<p class=\"article-content article-content-width !bg-background\">Pienell\u00e4 paikkakunnalla on julkinen salaisuus, ett\u00e4 Pyhimys ja h\u00e4nt\u00e4 huomattavasti nuorempi blondi viihtyv\u00e4t yhdess\u00e4.<\/p>\n<p class=\"article-content article-content-width !bg-background\">\u2013 Jep, kyseess\u00e4 on Iisalmesta kotoisin oleva nainen, joka tosin asuu nyky\u00e4\u00e4n muualla, mutta k\u00e4y t\u00e4\u00e4ll\u00e4 s\u00e4\u00e4nn\u00f6llisesti.<\/p>\n<p>        <a itemprop=\"url\" href=\"https:\/\/www.seiska.fi\/vain-seiskassa\/eroava-pyhimys-ja-blondi-intiimeissa-tunnelmissa-salakuvat\/1966841\" rel=\"nofollow noopener\" target=\"_blank\"><\/p>\n<p>\nSalakuvat!\n<\/p>\n<p class=\"section-date\">\n        <strong class=\"article-section\" data-section=\"vain seiskassa\"><br \/>\n            vain seiskassa<br \/>\n        <\/strong><br \/>\n        21.10.2025 05:00\n    <\/p>\n<p>Eroava Pyhimys ja blondi intiimeiss\u00e4 tunnelmissa \u2013 salakuvat\n    <\/p>\n<p itemprop=\"description\" class=\"subtitle \">\n    Pyhimys k\u00e4y l\u00e4pi t\u00e4ll\u00e4 hetkell\u00e4 avioeroa, jonka toinen vaihe k\u00e4ynnistyi syyskuussa.\n<\/p>\n<p>        <\/a><\/p>\n<p class=\"article-content article-content-width !bg-background\">Mit\u00e4\u00e4n peittely\u00e4, piilottelua tai diivailua ei useamman Emma-palkinnon voittaneelta 44-vuotiaalta n\u00e4hty.<\/p>\n<p class=\"article-content article-content-width !bg-background\">\u2013 P\u00e4invastoin, he istuivat hyvinkin rauhaksiin ja avoimesti.<\/p>\n<p class=\"article-content article-content-width !bg-background\">\u2013 Olivat kuin kotonaan.<\/p>\n<p>                <img decoding=\"async\" src=\"https:\/\/www.europesays.com\/fi\/wp-content\/uploads\/2026\/04\/2121499.webp.jpeg\" width=\"576\" height=\"509\" alt=\"Pyhimyksen on tiedetty jo pidemm\u00e4n aikaa viett\u00e4neen aikaan Iisalmesta kotoisin olevan naisen kanssa.\" loading=\"lazy\" \/>            <\/p>\n<p>\n            Pyhimyksen on tiedetty jo pidemm\u00e4n aikaa viett\u00e4neen aikaan Iisalmesta kotoisin olevan naisen kanssa.<br \/>\n            Lukijan kuva\n        <\/p>\n<p>&#8221;Jos ei tiet\u00e4isi&#8230;&#8221;<\/p>\n<p class=\"article-content article-content-width !bg-background\">Muutama fani k\u00e4vi illan aikana ottamassa kuvia, mutta se ei r\u00e4pp\u00e4ri\u00e4 haitannut.<\/p>\n<p class=\"article-content article-content-width !bg-background\">\u2013 Minunkin kaverini k\u00e4vi ottamassa yhteiskuvan \u2013 tai siis sen otti juuri t\u00e4m\u00e4 Pyhimyksen seuralainen.<\/p>\n<p class=\"article-content article-content-width !bg-background\">\u2013 Pyhimys oli todella syd\u00e4mellinen ja kohtasi t\u00e4m\u00e4n yst\u00e4v\u00e4ni jotenkin hyvin kauniisti.<\/p>\n<p>        <a itemprop=\"url\" href=\"https:\/\/www.seiska.fi\/vain-seiskassa\/pyhimys-ja-kaunis-blondi-laheisissa-tunnelmissa-baarissa-salakuvat\/1922945\" rel=\"nofollow noopener\" target=\"_blank\"><\/p>\n<p>\nSalakuvat!\n<\/p>\n<p class=\"section-date\">\n        <strong class=\"article-section\" data-section=\"vain seiskassa\"><br \/>\n            vain seiskassa<br \/>\n        <\/strong><br \/>\n        9.9.2025 05:00\n    <\/p>\n<p>Pyhimys ja kaunis blondi l\u00e4heisiss\u00e4 tunnelmissa baarissa \u2013 salakuvat!\n    <\/p>\n<p itemprop=\"description\" class=\"subtitle \">\n    Seiska kertoi maaliskuussa Pyhimyksen vaimon hakeneen avioeroa 15 avioliittovuoden j\u00e4lkeen.\n<\/p>\n<p>        <\/a><\/p>\n<p class=\"article-content article-content-width !bg-background\">Naispuolinen lukija kertoo, ettei itse ole juuri Pyhimyksen tuotantoon tutustunut, mutta tiet\u00e4\u00e4 t\u00e4m\u00e4n kavereiden kautta.<\/p>\n<p class=\"article-content article-content-width !bg-background\">\u2013 Jos ei tiet\u00e4isi h\u00e4nen olevan tunnettu henkil\u00f6, ei kiinnitt\u00e4isi kyll\u00e4 huomiota, lukija p\u00e4\u00e4tt\u00e4\u00e4 raporttinsa Iisalmen y\u00f6st\u00e4.<\/p>\n<p>                <img decoding=\"async\" src=\"https:\/\/www.europesays.com\/fi\/wp-content\/uploads\/2026\/04\/2121501.webp.jpeg\" width=\"576\" height=\"509\" alt=\"Pyhimys vaikutti lukijan mukaan rauhalliselta ja hyv\u00e4ntuuliselta.\" loading=\"lazy\" \/>            <\/p>\n<p>\n            Pyhimys vaikutti lukijan mukaan rauhalliselta ja hyv\u00e4ntuuliselta.<br \/>\n            Lukijan kuva\n        <\/p>\n","protected":false},"excerpt":{"rendered":"20210909, Helsinki. Vain el\u00e4m\u00e4\u00e4 2021 pressitilaisuus Kalastajantorpalla. Kuvassa Mikko Kuoppala alias Pyhimys. Timo Korhonen Stadilainen Pyhimys on viihtynyt&hellip;\n","protected":false},"author":2,"featured_media":217254,"comment_status":"","ping_status":"","sticky":false,"template":"","format":"standard","meta":{"footnotes":"","_share_on_mastodon":"0"},"categories":[136],"tags":[407,137,33,31,30,4892,408,4478,212,8926,8927,6249,32,109],"class_list":["post-217253","post","type-post","status-publish","format-standard","has-post-thumbnail","category-julkkikset","tag-celebrities","tag-entertainment","tag-fi","tag-finland","tag-finnish","tag-iisalmi","tag-julkkikset","tag-kaak","tag-lifestyle","tag-mikko-kuoppala","tag-pyhimys","tag-salakuva","tag-suomi","tag-viihde"],"share_on_mastodon":{"url":"https:\/\/pubeurope.com\/@fi\/116378307829527514","error":""},"_links":{"self":[{"href":"https:\/\/www.europesays.com\/fi\/wp-json\/wp\/v2\/posts\/217253","targetHints":{"allow":["GET"]}}],"collection":[{"href":"https:\/\/www.europesays.com\/fi\/wp-json\/wp\/v2\/posts"}],"about":[{"href":"https:\/\/www.europesays.com\/fi\/wp-json\/wp\/v2\/types\/post"}],"author":[{"embeddable":true,"href":"https:\/\/www.europesays.com\/fi\/wp-json\/wp\/v2\/users\/2"}],"replies":[{"embeddable":true,"href":"https:\/\/www.europesays.com\/fi\/wp-json\/wp\/v2\/comments?post=217253"}],"version-history":[{"count":0,"href":"https:\/\/www.europesays.com\/fi\/wp-json\/wp\/v2\/posts\/217253\/revisions"}],"wp:featuredmedia":[{"embeddable":true,"href":"https:\/\/www.europesays.com\/fi\/wp-json\/wp\/v2\/media\/217254"}],"wp:attachment":[{"href":"https:\/\/www.europesays.com\/fi\/wp-json\/wp\/v2\/media?parent=217253"}],"wp:term":[{"taxonomy":"category","embeddable":true,"href":"https:\/\/www.europesays.com\/fi\/wp-json\/wp\/v2\/categories?post=217253"},{"taxonomy":"post_tag","embeddable":true,"href":"https:\/\/www.europesays.com\/fi\/wp-json\/wp\/v2\/tags?post=217253"}],"curies":[{"name":"wp","href":"https:\/\/api.w.org\/{rel}","templated":true}]}}