{"id":217291,"date":"2026-04-10T04:32:08","date_gmt":"2026-04-10T04:32:08","guid":{"rendered":"https:\/\/www.europesays.com\/fi\/217291\/"},"modified":"2026-04-10T04:32:08","modified_gmt":"2026-04-10T04:32:08","slug":"nayttelija-michael-j-fox-kertoi-milta-tuntui-kuulla-olevansa-olevansa-kuollut","status":"publish","type":"post","link":"https:\/\/www.europesays.com\/fi\/217291\/","title":{"rendered":"N\u00e4yttelij\u00e4 Michael J. Fox kertoi, milt\u00e4 tuntui kuulla olevansa olevansa kuollut"},"content":{"rendered":"<p>CNN julkaisi vahingossa Michael J. Foxin nekrologin.<\/p>\n<p>Michael J. Fox kertoo somessa olevansa kunnossa. CNN julkaisi vahingossa n\u00e4yttelij\u00e4n muistokirjoituksen, joka poistettiin liki saman tien.<\/p>\n<p>\u201dNekrologi julkaistiin vahingossa, ja olemme poistaneet sen sivuiltamme, sek\u00e4 pahoitelleet erehdyst\u00e4 Michael J. Foxilta ja h\u00e4nen perheelt\u00e4\u00e4n\u201d, CNN kirjoittaa tiedotteessaan. <\/p>\n<p>Parkinsonin tautia sairastava Fox n\u00e4htiin viimeksi julkisuudessa alkuviikosta, jolloin h\u00e4n osallistui Los Angelesin PaleyFestin Shrinking-sarjan keskustelutilaisuuteen.<\/p>\n<p>Isoilla mediataloilla on tunnetusti kirjoitettuna valmiiksi julkisuudenhenkil\u00f6jen nekrologit, jotta ne voidaan julkaista heti kuoleman j\u00e4lkeen. Muistokirjoituksia on aiemminkin lipsahtanut julki ennen aikojaan.<\/p>\n<p>Fox itse julkaisi Threads-alustalla p\u00e4ivityksen, jossa h\u00e4n tarjoaa humoristisia vaihtoehtoja siihen kuinka reagoida uutiseen omasta kuolemastaan. <\/p>\n<blockquote class=\"text-post-media\" data-text-post-permalink=\"https:\/\/www.threads.com\/@realmikejfox\/post\/DW5DN-jiYwP\" data-text-post-version=\"0\" id=\"ig-tp-DW5DN-jiYwP\" style=\" background:#FFF; border-width: 1px; border-style: solid; border-color: #00000026; border-radius: 16px; max-width:650px; margin: 1px; min-width:270px; padding:0; width:99.375%; width:-webkit-calc(100% - 2px); width:calc(100% - 2px);\"><p> <a href=\"https:\/\/www.threads.com\/@realmikejfox\/post\/DW5DN-jiYwP\" style=\" background:#FFFFFF; line-height:0; padding:0 0; text-align:center; text-decoration:none; width:100%; font-family: -apple-system, BlinkMacSystemFont, sans-serif;\" target=\"_blank\" rel=\"nofollow noopener\"> <\/a><\/p><\/blockquote>\n","protected":false},"excerpt":{"rendered":"CNN julkaisi vahingossa Michael J. Foxin nekrologin. Michael J. Fox kertoo somessa olevansa kunnossa. CNN julkaisi vahingossa n\u00e4yttelij\u00e4n&hellip;\n","protected":false},"author":2,"featured_media":217292,"comment_status":"","ping_status":"","sticky":false,"template":"","format":"standard","meta":{"footnotes":"","_share_on_mastodon":"0"},"categories":[130],"tags":[137,33,31,30,10377,15334,32,109],"class_list":["post-217291","post","type-post","status-publish","format-standard","has-post-thumbnail","category-viihde","tag-entertainment","tag-fi","tag-finland","tag-finnish","tag-michael-j-fox","tag-shrinking","tag-suomi","tag-viihde"],"share_on_mastodon":{"url":"https:\/\/pubeurope.com\/@fi\/116378543413451296","error":""},"_links":{"self":[{"href":"https:\/\/www.europesays.com\/fi\/wp-json\/wp\/v2\/posts\/217291","targetHints":{"allow":["GET"]}}],"collection":[{"href":"https:\/\/www.europesays.com\/fi\/wp-json\/wp\/v2\/posts"}],"about":[{"href":"https:\/\/www.europesays.com\/fi\/wp-json\/wp\/v2\/types\/post"}],"author":[{"embeddable":true,"href":"https:\/\/www.europesays.com\/fi\/wp-json\/wp\/v2\/users\/2"}],"replies":[{"embeddable":true,"href":"https:\/\/www.europesays.com\/fi\/wp-json\/wp\/v2\/comments?post=217291"}],"version-history":[{"count":0,"href":"https:\/\/www.europesays.com\/fi\/wp-json\/wp\/v2\/posts\/217291\/revisions"}],"wp:featuredmedia":[{"embeddable":true,"href":"https:\/\/www.europesays.com\/fi\/wp-json\/wp\/v2\/media\/217292"}],"wp:attachment":[{"href":"https:\/\/www.europesays.com\/fi\/wp-json\/wp\/v2\/media?parent=217291"}],"wp:term":[{"taxonomy":"category","embeddable":true,"href":"https:\/\/www.europesays.com\/fi\/wp-json\/wp\/v2\/categories?post=217291"},{"taxonomy":"post_tag","embeddable":true,"href":"https:\/\/www.europesays.com\/fi\/wp-json\/wp\/v2\/tags?post=217291"}],"curies":[{"name":"wp","href":"https:\/\/api.w.org\/{rel}","templated":true}]}}