{"id":217482,"date":"2026-04-10T09:23:08","date_gmt":"2026-04-10T09:23:08","guid":{"rendered":"https:\/\/www.europesays.com\/fi\/217482\/"},"modified":"2026-04-10T09:23:08","modified_gmt":"2026-04-10T09:23:08","slug":"lufthansan-lennoilla-myohastymisia-matkustamohenkilokunnan-lakon-vuoksi-uutisia-lyhyesti","status":"publish","type":"post","link":"https:\/\/www.europesays.com\/fi\/217482\/","title":{"rendered":"Lufthansan lennoilla my\u00f6h\u00e4stymisi\u00e4 matkustamohenkil\u00f6kunnan lakon vuoksi | Uutisia lyhyesti"},"content":{"rendered":"<p class=\"aw-1gybjub aw-1p7kakr kEtdKx cEmitX yle__article__paragraph\">Saksalaisen Lufthansa-yhti\u00f6n lennoissa on laajoja h\u00e4iri\u00f6it\u00e4 matkustamohenkil\u00f6kunnan lakon vuoksi. Lakko kest\u00e4\u00e4 Suomen aikaa iltakymmeneen.<\/p>\n<p class=\"aw-1gybjub aw-1p7kakr kEtdKx cEmitX yle__article__paragraph\">Kyseess\u00e4 on kolmas vuorokauden pistelakko kahdessa kuukaudessa.<\/p>\n<p class=\"aw-1gybjub aw-1p7kakr kEtdKx cEmitX yle__article__paragraph\">Lakko vaikuttaa erityisesti vilkkaiden lentoliikenteen solmukohtien, Frankfurtin ja M\u00fcnchenin lentoihin.<\/p>\n<p class=\"aw-1gybjub aw-1p7kakr kEtdKx cEmitX yle__article__paragraph\">Lakko vaikuttaa kymmenien tuhansien matkustajien lentoihin.<\/p>\n<p class=\"aw-1gybjub aw-1p7kakr kEtdKx cEmitX yle__article__paragraph\">UFO-ammattij\u00e4rjest\u00f6 on vaatinut parannuksia matkustamohenkikl\u00f6kunnan ty\u00f6oloihin.<\/p>\n<p class=\"aw-1gybjub aw-1p7kakr kEtdKx cEmitX yle__article__paragraph\">Reuters<\/p>\n","protected":false},"excerpt":{"rendered":"Saksalaisen Lufthansa-yhti\u00f6n lennoissa on laajoja h\u00e4iri\u00f6it\u00e4 matkustamohenkil\u00f6kunnan lakon vuoksi. Lakko kest\u00e4\u00e4 Suomen aikaa iltakymmeneen. Kyseess\u00e4 on kolmas vuorokauden&hellip;\n","protected":false},"author":2,"featured_media":217483,"comment_status":"","ping_status":"","sticky":false,"template":"","format":"standard","meta":{"footnotes":"","_share_on_mastodon":"0"},"categories":[76],"tags":[79,77,33,31,30,4706,3846,1224,14674,12498,32,78,56],"class_list":["post-217482","post","type-post","status-publish","format-standard","has-post-thumbnail","category-talous","tag-business","tag-economy","tag-fi","tag-finland","tag-finnish","tag-ilmailu","tag-lakot","tag-lentoliikenne","tag-lentoliikennehairiot","tag-munchen","tag-suomi","tag-talous","tag-ulkomaat"],"share_on_mastodon":{"url":"https:\/\/pubeurope.com\/@fi\/116379687746251465","error":""},"_links":{"self":[{"href":"https:\/\/www.europesays.com\/fi\/wp-json\/wp\/v2\/posts\/217482","targetHints":{"allow":["GET"]}}],"collection":[{"href":"https:\/\/www.europesays.com\/fi\/wp-json\/wp\/v2\/posts"}],"about":[{"href":"https:\/\/www.europesays.com\/fi\/wp-json\/wp\/v2\/types\/post"}],"author":[{"embeddable":true,"href":"https:\/\/www.europesays.com\/fi\/wp-json\/wp\/v2\/users\/2"}],"replies":[{"embeddable":true,"href":"https:\/\/www.europesays.com\/fi\/wp-json\/wp\/v2\/comments?post=217482"}],"version-history":[{"count":0,"href":"https:\/\/www.europesays.com\/fi\/wp-json\/wp\/v2\/posts\/217482\/revisions"}],"wp:featuredmedia":[{"embeddable":true,"href":"https:\/\/www.europesays.com\/fi\/wp-json\/wp\/v2\/media\/217483"}],"wp:attachment":[{"href":"https:\/\/www.europesays.com\/fi\/wp-json\/wp\/v2\/media?parent=217482"}],"wp:term":[{"taxonomy":"category","embeddable":true,"href":"https:\/\/www.europesays.com\/fi\/wp-json\/wp\/v2\/categories?post=217482"},{"taxonomy":"post_tag","embeddable":true,"href":"https:\/\/www.europesays.com\/fi\/wp-json\/wp\/v2\/tags?post=217482"}],"curies":[{"name":"wp","href":"https:\/\/api.w.org\/{rel}","templated":true}]}}