{"id":217599,"date":"2026-04-10T12:26:10","date_gmt":"2026-04-10T12:26:10","guid":{"rendered":"https:\/\/www.europesays.com\/fi\/217599\/"},"modified":"2026-04-10T12:26:10","modified_gmt":"2026-04-10T12:26:10","slug":"jengien-raaka-vakivalta-kiihtyy-luoteis-nigeriassa-yli-sata-ihmista-kuollut-vajaassa-viikossa-uutisia-lyhyesti","status":"publish","type":"post","link":"https:\/\/www.europesays.com\/fi\/217599\/","title":{"rendered":"Jengien raaka v\u00e4kivalta kiihtyy Luoteis-Nigeriassa \u2013 yli sata ihmist\u00e4 kuollut vajaassa viikossa | Uutisia lyhyesti"},"content":{"rendered":"<p class=\"aw-1gybjub aw-1p7kakr kEtdKx cEmitX yle__article__paragraph\">Toistasataa ihmist\u00e4 on paikallisten l\u00e4hteiden mukaan on kuollut jengien hy\u00f6kk\u00e4yksiss\u00e4 viikon aikana.<\/p>\n<p class=\"aw-1gybjub aw-1p7kakr kEtdKx cEmitX yle__article__paragraph\">Aseistetut joukkiot hy\u00f6kk\u00e4ilev\u00e4t asukkaiden kimppuun Sokokossa, p\u00e4\u00e4osin muslimien asuttamalla alueella.<\/p>\n<p class=\"aw-1gybjub aw-1p7kakr kEtdKx cEmitX yle__article__paragraph\">Jengit ja islamistiset \u00e4\u00e4riryhm\u00e4t ovat my\u00f6s siepanneet kylist\u00e4 useita ihmisi\u00e4. Hy\u00f6kk\u00e4yksi\u00e4 tehd\u00e4\u00e4n my\u00f6s armeijan tukikohtia vastaan.<\/p>\n<p class=\"aw-1gybjub aw-1p7kakr kEtdKx cEmitX yle__article__paragraph\">Paikallinen ry\u00f6v\u00e4rijoukon johtaja <strong class=\"aw-ak79eh KyCXm yle__article__strong\">Bello Turji<\/strong> on tiett\u00e4v\u00e4sti asettanut veron paikallisille. Aseistetut jengin j\u00e4senet k\u00e4yv\u00e4t perim\u00e4ss\u00e4 suojelurahoja. Maksusta kielt\u00e4ytyminen johtaa v\u00e4kivaltaan.<\/p>\n<p class=\"aw-1gybjub aw-1p7kakr kEtdKx cEmitX yle__article__paragraph\">V\u00e4likohtauksista on raportoitu erityisesti Kebbin ja Nigerin maakunnissa.<\/p>\n<p class=\"aw-1gybjub aw-1p7kakr kEtdKx cEmitX yle__article__paragraph\">AFPa<\/p>\n","protected":false},"excerpt":{"rendered":"Toistasataa ihmist\u00e4 on paikallisten l\u00e4hteiden mukaan on kuollut jengien hy\u00f6kk\u00e4yksiss\u00e4 viikon aikana. Aseistetut joukkiot hy\u00f6kk\u00e4ilev\u00e4t asukkaiden kimppuun Sokokossa,&hellip;\n","protected":false},"author":2,"featured_media":217600,"comment_status":"","ping_status":"","sticky":false,"template":"","format":"standard","meta":{"footnotes":"","_share_on_mastodon":"0"},"categories":[14],"tags":[22,23,26,27,33,31,30,17,24,25,28,29,15,8578,18,21,32,19,20,56,16,40,59,60,61],"class_list":["post-217599","post","type-post","status-publish","format-standard","has-post-thumbnail","category-ulkomaat","tag-breaking-news","tag-breakingnews","tag-featured-news","tag-featurednews","tag-fi","tag-finland","tag-finnish","tag-headlines","tag-latest-news","tag-latestnews","tag-main-news","tag-mainnews","tag-news","tag-nigeria","tag-otsikot","tag-paauutiset","tag-suomi","tag-top-stories","tag-topstories","tag-ulkomaat","tag-uutiset","tag-vakivalta","tag-world","tag-world-news","tag-worldnews"],"share_on_mastodon":{"url":"","error":""},"_links":{"self":[{"href":"https:\/\/www.europesays.com\/fi\/wp-json\/wp\/v2\/posts\/217599","targetHints":{"allow":["GET"]}}],"collection":[{"href":"https:\/\/www.europesays.com\/fi\/wp-json\/wp\/v2\/posts"}],"about":[{"href":"https:\/\/www.europesays.com\/fi\/wp-json\/wp\/v2\/types\/post"}],"author":[{"embeddable":true,"href":"https:\/\/www.europesays.com\/fi\/wp-json\/wp\/v2\/users\/2"}],"replies":[{"embeddable":true,"href":"https:\/\/www.europesays.com\/fi\/wp-json\/wp\/v2\/comments?post=217599"}],"version-history":[{"count":0,"href":"https:\/\/www.europesays.com\/fi\/wp-json\/wp\/v2\/posts\/217599\/revisions"}],"wp:featuredmedia":[{"embeddable":true,"href":"https:\/\/www.europesays.com\/fi\/wp-json\/wp\/v2\/media\/217600"}],"wp:attachment":[{"href":"https:\/\/www.europesays.com\/fi\/wp-json\/wp\/v2\/media?parent=217599"}],"wp:term":[{"taxonomy":"category","embeddable":true,"href":"https:\/\/www.europesays.com\/fi\/wp-json\/wp\/v2\/categories?post=217599"},{"taxonomy":"post_tag","embeddable":true,"href":"https:\/\/www.europesays.com\/fi\/wp-json\/wp\/v2\/tags?post=217599"}],"curies":[{"name":"wp","href":"https:\/\/api.w.org\/{rel}","templated":true}]}}