{"id":217868,"date":"2026-04-10T19:35:10","date_gmt":"2026-04-10T19:35:10","guid":{"rendered":"https:\/\/www.europesays.com\/fi\/217868\/"},"modified":"2026-04-10T19:35:10","modified_gmt":"2026-04-10T19:35:10","slug":"suomi-sokeerasi-euroopan-mestaria-joka-holmoili-punaisen-kortin-kateen-jaivat-hukattu-mahdollisuus-ja-karvas-tasapeli-urheilua-lyhyesti","status":"publish","type":"post","link":"https:\/\/www.europesays.com\/fi\/217868\/","title":{"rendered":"Suomi \u0161okeerasi Euroopan mestaria, joka h\u00f6lm\u00f6ili punaisen kortin \u2013 k\u00e4teen j\u00e4iv\u00e4t hukattu mahdollisuus ja karvas tasapeli | Urheilua lyhyesti"},"content":{"rendered":"<p class=\"aw-1gybjub aw-1p7kakr kEtdKx cEmitX yle__article__paragraph\">Suomen miesten futsalmaajoukkue kohtaa Espanjan maaottelussa Nokialla my\u00f6s lauantaina 11.4. <a class=\"aw-iao6s4 iHOxEa yle__article__link\" href=\"https:\/\/areena.yle.fi\/1-77683179\" role=\"link\" rel=\"nofollow noopener\" target=\"_blank\">L\u00e4hetys Yle Areenassa kello 18.15<\/a>.<\/p>\n<p class=\"aw-1gybjub aw-1p7kakr kEtdKx cEmitX yle__article__paragraph\">Nokian uudehkossa palloiluareenassa on perjantaina ja lauantaina tarjolla harvinaista maailmanluokan taituruutta.<\/p>\n<p class=\"aw-1gybjub aw-1p7kakr kEtdKx cEmitX yle__article__paragraph\">Melkoista murrosvaihetta el\u00e4v\u00e4 Suomen futsalmaajoukkue is\u00e4nn\u00f6i Espanjaa harjoitusotteluissa.<\/p>\n<p class=\"aw-1gybjub aw-1p7kakr kEtdKx cEmitX yle__article__paragraph\">Monipuolisen juonikkaasta hy\u00f6kk\u00e4yspelist\u00e4\u00e4n tunnettu Espanja on kaksinkertainen maailmanmestari ja kahdeksankertainen Euroopan mestari. Viimeisin EM-kulta tuli alkuvuodesta 2026.<\/p>\n<p class=\"aw-1gybjub aw-1p7kakr kEtdKx cEmitX yle__article__paragraph\">Espanjalle Suomen-vierailu on uuden karsintaprosessin alku. Suomalaisille ottelut tarjoavat rajun tasonmittarin ja n\u00e4yt\u00f6npaikan. MM-karsinnat alkavat ensi syksyn\u00e4.<\/p>\n<p><img decoding=\"async\" alt=\"Espanjan futsalt\u00e4hti Cecilio Morales Barbado juhlii Euroopan mestaruutta.\" src=\"https:\/\/www.europesays.com\/fi\/wp-content\/uploads\/2026\/04\/39-162537069d8f6289abc4.jpeg\" loading=\"lazy\" class=\"aw-1l9m598 hKVVvP\"\/><\/p>\n<p>Avaa kuvien katselu<\/p>\n<p>Euroopan mestareista 33-vuotias Cecilio Morales Barbado on Espanjan kapteeni Nokialla. H\u00e4n on tuttu Suomen Jani Korpelalle Espanjan huippuseurasta Inter Movistarista. Korpela pelaa nykyisin Puolassa. Kuva: Uefa \/ Getty Images<\/p>\n<p class=\"aw-1gybjub aw-1p7kakr kEtdKx cEmitX yle__article__paragraph\">Espanjan p\u00e4\u00e4valmentaja <strong class=\"aw-ak79eh KyCXm yle__article__strong\">Jes\u00fas Velasco<\/strong> pohti Espanjan liiton <a class=\"aw-iao6s4 iHOxEa yle__article__link\" href=\"https:\/\/rfef.es\/es\/noticias\/jesus-velasco-hay-que-demostrar-que-somos-campeones-de-europa\" role=\"link\" rel=\"nofollow noopener\" target=\"_blank\">ennakossa<\/a>, ett\u00e4 Suomi on sitke\u00e4 kotijoukkue, muttei laadultaan korkeimmalla tasolla.<\/p>\n<p class=\"aw-1gybjub aw-1p7kakr kEtdKx cEmitX yle__article__paragraph\">\u2013 Olemme Euroopan mestareita, mik\u00e4 on hienoa, mutta meid\u00e4n on todistettava se. Muuten se on arvotonta, Velasco lataili.<\/p>\n<p class=\"aw-1gybjub aw-1p7kakr kEtdKx cEmitX yle__article__paragraph\">Espanja saapui Pirkanmaalle ryhm\u00e4ll\u00e4, jossa oli muutama tuore EM-voittaja, kolme debytanttia ja useita pelaajia, joiden edellisest\u00e4 maajoukkuekomennuksesta on vuosia.<\/p>\n<p><img decoding=\"async\" alt=\"Espanja juhlii futsalin EM-kultaa. Vasemmalla p\u00e4\u00e4valmentaja Jes\u00fas Velasco.\" src=\"https:\/\/www.europesays.com\/fi\/wp-content\/uploads\/2026\/04\/39-162537569d8f79c3892a.jpeg\" loading=\"lazy\" class=\"aw-1l9m598 hKVVvP\"\/><\/p>\n<p>Avaa kuvien katselu<\/p>\n<p>Espanjan p\u00e4\u00e4valmentaja Jes\u00fas Velasco valitsi Suomeen kovin eri ryhm\u00e4n kuin EM-kisoissa n\u00e4htiin. H\u00e4n oli esimerkiksi p\u00e4\u00e4tt\u00e4nyt antaa lepomahdollisuuden monille Mestarien liigassa viel\u00e4 urakoiville. Kuva: Uefa \/ Getty ImagesSuomi t\u00e4r\u00e4ytti yll\u00e4tysjohtoon upeilla erikoistilanteilla<\/p>\n<p class=\"aw-1gybjub aw-1p7kakr kEtdKx cEmitX yle__article__paragraph\">Espanjalla ei toki t\u00e4ss\u00e4 lajissa t\u00e4htikaarti lopu EM-joukkueen miehist\u00f6\u00f6n, ja perjantai-illan ottelu alkoi odotetusti.<\/p>\n<p class=\"aw-1gybjub aw-1p7kakr kEtdKx cEmitX yle__article__paragraph\">Espanja myllytti, Suomi yritti kest\u00e4\u00e4 kyydiss\u00e4 tiiviill\u00e4 puolustamisella ja jokaista kolmea kent\u00e4llist\u00e4\u00e4n peluuttamalla.<\/p>\n<p class=\"aw-1gybjub aw-1p7kakr kEtdKx cEmitX yle__article__paragraph\">Lopulta Espanja sai rangaistuspotkun Suomen huonon pelinavauksen ja <strong class=\"aw-ak79eh KyCXm yle__article__strong\">Tuomas Pulkkisen<\/strong> k\u00e4sivirheen seurauksena, kun kuusi minuuttia oli pelattu. <strong class=\"aw-ak79eh KyCXm yle__article__strong\">Antti Koivum\u00e4ki<\/strong> torjui <strong class=\"aw-ak79eh KyCXm yle__article__strong\">Eric Martelin<\/strong> rankkarin, mutta Martel onnistui kakkospallosta.<\/p>\n<p>Espanja sai rangaistuspotkun Suomen ep\u00e4onnistuneen pelinavauksen seurauksena. Rankkarin j\u00e4lkitilanteesta Espanja 1\u20130-johtoon.<\/p>\n<p class=\"aw-1gybjub aw-1p7kakr kEtdKx cEmitX yle__article__paragraph\">Ennen avausjakson puoliv\u00e4li\u00e4 Suomi iski yll\u00e4tt\u00e4en tasoitusmaalin ja jakson puoliv\u00e4lin j\u00e4lkeen per\u00e4ti 2\u20131-johtomaalin.<\/p>\n<p class=\"aw-1gybjub aw-1p7kakr kEtdKx cEmitX yle__article__paragraph\">Ne olivat hyvin \u201dSuomen n\u00e4k\u00f6isi\u00e4\u201d maaleja. Suoraviivaisia erikoistilanteita, joilla Suomi ennenkin on vahvempiaan j\u00e4rkytt\u00e4nyt.<\/p>\n<p class=\"aw-1gybjub aw-1p7kakr kEtdKx cEmitX yle__article__paragraph\">Tasoitusmaalin v\u00e4rkk\u00e4si Suomen kokeneemmista pelaajista koottu ykk\u00f6svitja. <strong class=\"aw-ak79eh KyCXm yle__article__strong\">Iiro Vanha<\/strong> antoi omasta p\u00e4\u00e4dyst\u00e4 sivurajan, isokokoinen k\u00e4rkipelaaja eli pivot <strong class=\"aw-ak79eh KyCXm yle__article__strong\">Aleksi Pirttijoki<\/strong> voitti p\u00e4\u00e4pallon ja <strong class=\"aw-ak79eh KyCXm yle__article__strong\">Vesa Lilja<\/strong> laukoi voimalla verkkoon. Heid\u00e4n lis\u00e4kseen Suomen ykk\u00f6sketjussa pelasi <strong class=\"aw-ak79eh KyCXm yle__article__strong\">Jani Korpela<\/strong>.<\/p>\n<p>Vesa Lilja t\u00e4r\u00e4ytt\u00e4\u00e4 Suomen tasoihin ajassa 8.15.<\/p>\n<p class=\"aw-1gybjub aw-1p7kakr kEtdKx cEmitX yle__article__paragraph\">Suomen 2\u20131-maali oli kolmoskent\u00e4n k\u00e4sialaa.<\/p>\n<p class=\"aw-1gybjub aw-1p7kakr kEtdKx cEmitX yle__article__paragraph\">Konkari <strong class=\"aw-ak79eh KyCXm yle__article__strong\">Sergei Korsunov<\/strong> vapautti l\u00e4hes identtisest\u00e4 sivurajapaikasta tuoreemman maajoukkuemiehen Pulkkisen, joka hassutti Espanjan 36-vuotiasta <strong class=\"aw-ak79eh KyCXm yle__article__strong\">Antonio Manuel S\u00e1nchezia<\/strong> ja viimeisteli.<\/p>\n<p>Suomi rokottaa uudestaan sivurajakuviolla. 2\u20131-yll\u00e4tysjohto, kun 11.31  pelattu.<\/p>\n<p class=\"aw-1gybjub aw-1p7kakr kEtdKx cEmitX yle__article__paragraph\">Jouduttuaan yll\u00e4tt\u00e4en tappiolle Espanja sai ottelun hallinnan takaisin ja samalla nousi selv\u00e4sti tunnetilakin, mutta Suomi kesti johdossa tauolle.<\/p>\n<p>Hukattu mahdollisuus ulosajon j\u00e4lkeen<\/p>\n<p class=\"aw-1gybjub aw-1p7kakr kEtdKx cEmitX yle__article__paragraph\">Espanja v\u00e4rkk\u00e4si 2\u20132-tasoituksen v\u00e4litt\u00f6m\u00e4sti toisen jakson alkuun.<\/p>\n<p>Pablo Garcia eli Pachu ohittaa hienosti Aleksi Pirttijoen ja laukoo pallon maaliin Antti Koivum\u00e4en jalkojen v\u00e4list\u00e4.<\/p>\n<p class=\"aw-1gybjub aw-1p7kakr kEtdKx cEmitX yle__article__paragraph\">Espanjan tasoitusmaalin j\u00e4lkeen toisesta jaksosta tuli pallollisesti avausjaksoa tasaisempi.<\/p>\n<p class=\"aw-1gybjub aw-1p7kakr kEtdKx cEmitX yle__article__paragraph\">Suomikin sai luotua tilanteita hitaammilla pelinavauksilla, joskin toisen jakson huipputontit olivat molemmilla v\u00e4hiss\u00e4.<\/p>\n<p class=\"aw-1gybjub aw-1p7kakr kEtdKx cEmitX yle__article__paragraph\">Kun ottelua oli j\u00e4ljell\u00e4 kolme minuuttia, n\u00e4htiin draamaa. Espanjan <strong class=\"aw-ak79eh KyCXm yle__article__strong\">Fabio Alvira P\u00e9rez<\/strong>, 35, tuli jostain kumman syyst\u00e4 selke\u00e4sti alueeltaan ulos nyrkkeilem\u00e4\u00e4n virkaveljens\u00e4 Koivum\u00e4en pitk\u00e4\u00e4 avausta.<\/p>\n<p class=\"aw-1gybjub aw-1p7kakr kEtdKx cEmitX yle__article__paragraph\">Espanjan veskari punaisella kortilla ulos ja Suomelle kahden minuutin ylivoima.<\/p>\n<p>Espanjan maalivahti h\u00f6lm\u00f6ilee itsens\u00e4 punaisella kortilla pihalle.<\/p>\n<p class=\"aw-1gybjub aw-1p7kakr kEtdKx cEmitX yle__article__paragraph\">Suomen ylivoimanelikko Vanha, Korpela, <strong class=\"aw-ak79eh KyCXm yle__article__strong\">Henri Alamikkotervo<\/strong> ja <strong class=\"aw-ak79eh KyCXm yle__article__strong\">Justus Kunnas<\/strong> ei kuitenkaan saanut palloa verkkoon, eik\u00e4 edes kovin selkeit\u00e4 maalintekopaikkoja aikaan, joten ottelu p\u00e4\u00e4ttyi lukemiin 2\u20132.<\/p>\n<p class=\"aw-1gybjub aw-1p7kakr kEtdKx cEmitX yle__article__paragraph\">Akaa Futsalia kotimaassa edustava Tuomas Pulkkinen oli ottelun j\u00e4lkeen ymm\u00e4rrett\u00e4v\u00e4sti hymy huulillaan \u2013 uran ensimm\u00e4inen maajoukkuemaali maailmanluokan vastustajan verkkoon.<\/p>\n<p class=\"aw-1gybjub aw-1p7kakr kEtdKx cEmitX yle__article__paragraph\">\u2013 Tulihan se hyv\u00e4\u00e4n paikkaan. \u201dSege\u201d pisti hyv\u00e4n pallon. Satuin saamaan haltuun. Meni vetokin viel\u00e4 maaliin, h\u00e4n kertasi vaatimattomana.<\/p>\n<p class=\"aw-1gybjub aw-1p7kakr kEtdKx cEmitX yle__article__paragraph\">Pulkkinenkin korosti, ett\u00e4 erikoistilanteita on harjoiteltu todella paljon.<\/p>\n<p class=\"aw-1gybjub aw-1p7kakr kEtdKx cEmitX yle__article__paragraph\">\u2013 Ne ovat t\u00e4rkeit\u00e4 nimenomaan ennakolta pallollisesti vahvempia vastaan. T\u00e4n\u00e4\u00e4n oli muutama hyv\u00e4, mutta viel\u00e4 on parantamisen varaakin.<\/p>\n<p class=\"aw-1gybjub aw-1p7kakr kEtdKx cEmitX yle__article__paragraph\">Vaikeita vuosia el\u00e4neelle maajoukkueelle Espanja-tasuri antaa uskoa. Silti edellinen voitto on yh\u00e4 vuoden takaa. Jos EM-karsinnan kahta Malta-voittoa ei lasketa, edellinen voitto on vuoden 2024 alusta.<\/p>\n<p class=\"aw-1gybjub aw-1p7kakr kEtdKx cEmitX yle__article__paragraph\">\u2013 Joku voisi sanoa, ett\u00e4 oltiin ainakin hetkitt\u00e4in jopa parempia peliss\u00e4. Tulosurheilussa pit\u00e4isi vaan saada kaivettua voittoja. Kyll\u00e4h\u00e4n siin\u00e4 olivat avaimet k\u00e4siss\u00e4, Pulkkinen harmitteli hukattua ylivoimaa.<\/p>\n<p><img decoding=\"async\" alt=\"Suomen p\u00e4\u00e4valmentaja Kerkko Huhtanen U19-maajoukkueen EM-kisoissa 2023.\" src=\"https:\/\/www.europesays.com\/fi\/wp-content\/uploads\/2026\/04\/39-162409369d6bb990fe90.jpeg\" loading=\"lazy\" class=\"aw-1l9m598 hKVVvP\"\/><\/p>\n<p>Avaa kuvien katselu<\/p>\n<p>Kerkko Huhtanen oli eritt\u00e4in tyytyv\u00e4inen, miten Suomi puolusti Espanjan tyypillisi\u00e4 hy\u00f6kk\u00e4ysviritelmi\u00e4.  Kuva: Sportsfile \/ Uefa \/ Getty Images<\/p>\n<p class=\"aw-1gybjub aw-1p7kakr kEtdKx cEmitX yle__article__paragraph\">Suomen v\u00e4liaikainen p\u00e4\u00e4valmentaja <strong class=\"aw-ak79eh KyCXm yle__article__strong\">Kerkko Huhtanen<\/strong> arvuutteli ennen ottelua, miten Suomen ennakkoanalyysit osuvat, kun Espanja on muuttunut paljon EM-kisoista.<\/p>\n<p class=\"aw-1gybjub aw-1p7kakr kEtdKx cEmitX yle__article__paragraph\">Lopulta Espanja pelasi juuri, kuten Suomi oli odottanut.<\/p>\n<p class=\"aw-1gybjub aw-1p7kakr kEtdKx cEmitX yle__article__paragraph\">Espanja pyrkii esimerkiksi erist\u00e4m\u00e4\u00e4n kent\u00e4lle 1vs1-tilanteita. V\u00e4lill\u00e4 se pelaa hitaasti ja houkuttelee vastustajaansa pr\u00e4ss\u00e4\u00e4m\u00e4\u00e4n ylemp\u00e4\u00e4, jotta selustaan avautuisi tilaa.<\/p>\n<p class=\"aw-1gybjub aw-1p7kakr kEtdKx cEmitX yle__article__paragraph\">\u2013 Tunnistimme n\u00e4m\u00e4 jutut ja puolustimme p\u00e4\u00e4s\u00e4\u00e4nt\u00f6isesti suunnitelman mukaisesti, Huhtanen kehui.<\/p>\n<p class=\"aw-1gybjub aw-1p7kakr kEtdKx cEmitX yle__article__paragraph\">Hampaankoloon j\u00e4i silti valmentajallekin. H\u00e4n pohti, ett\u00e4 p\u00e4\u00e4llimm\u00e4isen\u00e4 tunteena on jopa pettymys. Lopun ylivoimamahdollisuus tuli puskista, Huhtanen my\u00f6nsi.<\/p>\n<p class=\"aw-1gybjub aw-1p7kakr kEtdKx cEmitX yle__article__paragraph\">\u2013 Meill\u00e4 oli mahdollisuus ottaa ihan mukava p\u00e4\u00e4nahka. N\u00e4ill\u00e4 aikaresursseilla leirill\u00e4 ei kauheasti ylivoimaa ehditty harjoitella.<\/p>\n<p class=\"aw-1gybjub aw-1p7kakr kEtdKx cEmitX yle__article__paragraph\">\u2013 T\u00e4h\u00e4n on nyt tyytyminen. On positiivista, kun joukkueessa on henki, ett\u00e4 t\u00e4st\u00e4 olisi ollut tarjolla enemm\u00e4n. T\u00e4t\u00e4 henke\u00e4 koetetaan vaalia nyt.<\/p>\n","protected":false},"excerpt":{"rendered":"Suomen miesten futsalmaajoukkue kohtaa Espanjan maaottelussa Nokialla my\u00f6s lauantaina 11.4. L\u00e4hetys Yle Areenassa kello 18.15. Nokian uudehkossa palloiluareenassa&hellip;\n","protected":false},"author":2,"featured_media":217869,"comment_status":"","ping_status":"","sticky":false,"template":"","format":"standard","meta":{"footnotes":"","_share_on_mastodon":"0"},"categories":[5],"tags":[22,23,26,27,33,31,30,19697,17,1904,24,25,32263,28,29,15,18,21,32262,32,19,20,160,161,16],"class_list":["post-217868","post","type-post","status-publish","format-standard","has-post-thumbnail","category-otsikot","tag-breaking-news","tag-breakingnews","tag-featured-news","tag-featurednews","tag-fi","tag-finland","tag-finnish","tag-futsal","tag-headlines","tag-joukkueurheilu","tag-latest-news","tag-latestnews","tag-maaottelut","tag-main-news","tag-mainnews","tag-news","tag-otsikot","tag-paauutiset","tag-suomen-futsalmaajoukkue","tag-suomi","tag-top-stories","tag-topstories","tag-urheilu","tag-urheilutapahtumat","tag-uutiset"],"share_on_mastodon":{"url":"https:\/\/pubeurope.com\/@fi\/116382094221928094","error":""},"_links":{"self":[{"href":"https:\/\/www.europesays.com\/fi\/wp-json\/wp\/v2\/posts\/217868","targetHints":{"allow":["GET"]}}],"collection":[{"href":"https:\/\/www.europesays.com\/fi\/wp-json\/wp\/v2\/posts"}],"about":[{"href":"https:\/\/www.europesays.com\/fi\/wp-json\/wp\/v2\/types\/post"}],"author":[{"embeddable":true,"href":"https:\/\/www.europesays.com\/fi\/wp-json\/wp\/v2\/users\/2"}],"replies":[{"embeddable":true,"href":"https:\/\/www.europesays.com\/fi\/wp-json\/wp\/v2\/comments?post=217868"}],"version-history":[{"count":0,"href":"https:\/\/www.europesays.com\/fi\/wp-json\/wp\/v2\/posts\/217868\/revisions"}],"wp:featuredmedia":[{"embeddable":true,"href":"https:\/\/www.europesays.com\/fi\/wp-json\/wp\/v2\/media\/217869"}],"wp:attachment":[{"href":"https:\/\/www.europesays.com\/fi\/wp-json\/wp\/v2\/media?parent=217868"}],"wp:term":[{"taxonomy":"category","embeddable":true,"href":"https:\/\/www.europesays.com\/fi\/wp-json\/wp\/v2\/categories?post=217868"},{"taxonomy":"post_tag","embeddable":true,"href":"https:\/\/www.europesays.com\/fi\/wp-json\/wp\/v2\/tags?post=217868"}],"curies":[{"name":"wp","href":"https:\/\/api.w.org\/{rel}","templated":true}]}}