{"id":218677,"date":"2026-04-11T22:28:23","date_gmt":"2026-04-11T22:28:23","guid":{"rendered":"https:\/\/www.europesays.com\/fi\/218677\/"},"modified":"2026-04-11T22:28:23","modified_gmt":"2026-04-11T22:28:23","slug":"korsnasin-merituulivoimapuisto-toisi-selvityksen-mukaan-kymmenia-tuhansia-tyopaikkoja-ja-miljardien-verotulot-pohjanmaa","status":"publish","type":"post","link":"https:\/\/www.europesays.com\/fi\/218677\/","title":{"rendered":"Korsn\u00e4sin merituulivoimapuisto toisi selvityksen mukaan kymmeni\u00e4 tuhansia ty\u00f6paikkoja ja miljardien verotulot | Pohjanmaa"},"content":{"rendered":"<p class=\"aw-1gybjub aw-5vja16 kEtdKx kmuxyA yle__article__paragraph\">Tutkimuksen mukaan merituulivoimapuiston positiiviset vaikutukset perustuvat sen pitk\u00e4\u00e4n, jopa 40-vuotiseen elinkaareen.<\/p>\n<p><img decoding=\"async\" alt=\"Havainnekuva Korsn\u00e4siin suunnitellusta merituulivoimapuistosta.\" src=\"https:\/\/www.europesays.com\/fi\/wp-content\/uploads\/2026\/04\/39-162439469d781be034e8.jpeg\" class=\"aw-1l9m598 hKVVvP\"\/><\/p>\n<p>Avaa kuvien katselu<\/p>\n<p>Korsn\u00e4sin merituulivoimahanke olisi Vattenfallin mukaan merkitt\u00e4v\u00e4 avaus Suomen ilmastotavoitteissa ja se vahvistaisi my\u00f6s Suomen energiaomavaraisuutta ensi vuosikymmenell\u00e4. Kuva: Vattenfall<\/p>\n<ul class=\"aw-1jjocuh iJTSwP yle__article__list yle__article__list--ul\">\n<li class=\"aw-1j7gwms gNYKfi\">Korsn\u00e4siin suunniteltu merituulipuisto voisi tuoda 40 000 henkil\u00f6ty\u00f6vuotta ja miljardien verotulot.<\/li>\n<li class=\"aw-1j7gwms gNYKfi\">Vattenfallin teett\u00e4m\u00e4n selvityksen mukaan hanke tuottaisi my\u00f6s Korsn\u00e4sin kunnalle yli 300 miljoonan euron verotulot.<\/li>\n<li class=\"aw-1j7gwms gNYKfi\">Suomessa on t\u00e4ll\u00e4 hetkell\u00e4 vain yksi merituulipuisto. Se sijaitsee Porissa.<\/li>\n<\/ul>\n<p class=\"aw-1gybjub aw-1p7kakr kEtdKx cEmitX yle__article__paragraph\">Mets\u00e4hallitus ja Vattenfall allekirjoittivat joulukuussa 2022 sopimuksen Suomen ensimm\u00e4isen avomerialueen tuulivoimahankkeen kehitt\u00e4misest\u00e4 ja rakentamisesta Korsn\u00e4siin.<\/p>\n<p class=\"aw-1gybjub aw-1p7kakr kEtdKx cEmitX yle__article__paragraph\">Nyt Vattenfall sek\u00e4 suunnittelu- ja konsulttilalan yritys Ramboll ovat kartoittaneet Korsn\u00e4sin merituulivoimapuiston mahdollsia ty\u00f6llisyys- ja talousvaikutuksia. Selvitykse mukaan merituulivoimapuisto voisi tuoda elinkaarensa aikana Suomeen jopa 40 000 henkil\u00f6ty\u00f6vuotta. Lis\u00e4ksi valtiolle voisi kerty\u00e4 3-4 miljardin euron verotulot.<\/p>\n<p class=\"aw-1gybjub aw-1p7kakr kEtdKx cEmitX yle__article__paragraph\">Selvityksess\u00e4 tuulivoimapuiston elinkaari kattaisi 40 vuotta suunnittelusta rakentamiseen, k\u00e4ytt\u00f6\u00f6n ja purkuun.<\/p>\n<p class=\"aw-1gybjub aw-1p7kakr kEtdKx cEmitX yle__article__paragraph\">\u2013 Aika suurista asioista on kyse, jos puhutaan koko elinkaaren aikana 40 000 henkil\u00f6ty\u00f6vuoden panoksesta, Vattenfallin toimitusjohtaja <strong class=\"aw-ak79eh KyCXm yle__article__strong\">Iiro Rinta-Jouppi<\/strong> sanoo.<\/p>\n<p class=\"aw-1gybjub aw-1p7kakr kEtdKx cEmitX yle__article__paragraph\">Merituulivoimapuiston kokonaistaloudelliset vaikutukset arvioidaan selvityksess\u00e4 jopa 20 miljardin euron arvoisiksi.<\/p>\n<p class=\"aw-1gybjub aw-1p7kakr kEtdKx cEmitX yle__article__paragraph\">Laskelmat perustuvat 1,3 GW suunniteltuun minimitehoon. Korsn\u00e4sin hankkeen suunniteltu teho on 1,3-2,5 GW. Vuosituotanto vastaa yli kahden miljoonan kerrostaloasunnon tai yli 350 000 s\u00e4hk\u00f6l\u00e4mmitteisen omakotitalon vuosittaista s\u00e4hk\u00f6nkulutusta.<\/p>\n<p class=\"aw-1gybjub aw-1p7kakr kEtdKx cEmitX yle__article__paragraph\">Vattenfallin tiedotteen mukaan Korsn\u00e4sin merituulivoimapuisto mahdollistaisi s\u00e4hk\u00f6ntuotannon lis\u00e4ksi kansainv\u00e4liset teollisuusinvestoinnit.<\/p>\n<p class=\"aw-1gybjub aw-1p7kakr kEtdKx cEmitX yle__article__paragraph\">Iiro Rinta-Joupin mukaan selvitys ei paljasta viel\u00e4 sit\u00e4, mink\u00e4laisia vaikutuksia Suomelle olisi sill\u00e4, ett\u00e4 maassa olisi jatkossa tarjolla enemm\u00e4n edullista s\u00e4hk\u00f6\u00e4.<\/p>\n<p class=\"aw-1gybjub aw-1p7kakr kEtdKx cEmitX yle__article__paragraph\">My\u00f6s pienelle Korsn\u00e4sin kunnalle merituulipuiston olisi laskettu tuovan elinkaarensa aikana mittavat kiinteist\u00e4verotulot. Rinta-Jouppi tosin muistuttaa, ett\u00e4 edess\u00e4 voi olla lakimuutoksia, jotka vaikuttaisivat tuloihin.<\/p>\n<p class=\"aw-1gybjub aw-1p7kakr kEtdKx cEmitX yle__article__paragraph\">\u2013 T\u00e4ll\u00e4 hetkell\u00e4 voimassa olevien lakien mukaan Korsn\u00e4sin kunnalle olisi tulossa t\u00e4ll\u00e4 elinkaarella verotuloja 312 miljoonaa euroa.<\/p>\n<p><img decoding=\"async\" alt=\"Siniharmaaseen pikkutakkiin ja kauluspaitaan pukeutunut silm\u00e4lasip\u00e4inen mies.\" src=\"https:\/\/www.europesays.com\/fi\/wp-content\/uploads\/2026\/04\/39-162439569d782a54ac76.jpeg\" loading=\"lazy\" class=\"aw-1l9m598 hKVVvP\"\/><\/p>\n<p>Avaa kuvien katselu<\/p>\n<p>\u201cNyt pallo on valtiolla: Halutaanko Suomeen merituulivoimaa vai ei? Aikaa on k\u00e4yt\u00e4nn\u00f6ss\u00e4 en\u00e4\u00e4 seuraava hallituskausi tai Suomi h\u00e4vi\u00e4\u00e4 kisan\u201d, Vattenfallin toimitusjohtaja Iiro Rinta-Jouppi patistelee. Kuva: VattenfallJ\u00e4\u00e4k\u00f6 Suomi kilpailijamaiden jalkoihin?<\/p>\n<p class=\"aw-1gybjub aw-1p7kakr kEtdKx cEmitX yle__article__paragraph\">Suomessa on vasta yksi tuulivoimapuisto, jonka perustukset ovat meren pohjassa. Porin Tahkoluodossa sijaitsevan puiston lis\u00e4ksi uusia hankkeita on kuitenkin suunnitteilla.<\/p>\n<p class=\"aw-1gybjub aw-1p7kakr kEtdKx cEmitX yle__article__paragraph\">Iiro Rinta-Jouppi vauhdittaisi Suomen luvitus- ja viranomaisketjua. Nykyisin hankekehitt\u00e4j\u00e4t joutuvat asioimaan kymmenien viranomaisen kanssa. Verkkoliittym\u00e4n kustannukset ja riskit j\u00e4\u00e4v\u00e4t Vattenfallin mukaan kehitt\u00e4jille.<\/p>\n<p class=\"aw-1gybjub aw-1p7kakr kEtdKx cEmitX yle__article__paragraph\">\u2013 Voisi olla j\u00e4rkev\u00e4mp\u00e4\u00e4, ett\u00e4 kaikkiin n\u00e4ihin tuulivoimapuistoihin avomerelle Fingrid toisi suoraan verkkoliitynn\u00e4n sen sijaan, ett\u00e4 jokainen yhti\u00f6 erikseen miettii sit\u00e4, mill\u00e4 tavalla se rakennetaan, Iiro Rinta-Jouppi sanoo.<\/p>\n<p class=\"aw-1gybjub aw-1p7kakr kEtdKx cEmitX yle__article__paragraph\">H\u00e4nen mukaansa ilmassa on viel\u00e4 paljon rakenteellisia kysymyksi\u00e4. Muun muassa merelle mahdollisesti nousevien tuuliturbiinien m\u00e4\u00e4r\u00e4\u00e4 ei viel\u00e4 tiedet\u00e4. Maksimissaan niit\u00e4 tulisi jopa 150. Kaupallisessa toiminnassa kaiken pit\u00e4isi olla 2030-luvulla, mutta tarkka ajankohta on silti viel\u00e4 auki.<\/p>\n<p class=\"aw-1gybjub aw-1p7kakr kEtdKx cEmitX yle__article__paragraph\">\u2013 N\u00e4m\u00e4 tutkimukset l\u00e4htev\u00e4t siit\u00e4, ett\u00e4 t\u00e4m\u00e4 pystyt\u00e4\u00e4n tekem\u00e4\u00e4n ja millaiset vaikutukset olisivat. Mutta pystyt\u00e4\u00e4nk\u00f6 me tekem\u00e4\u00e4n ne investoinnit, on sitten toinen juttu, Iiro Rinta-Jouppi p\u00e4\u00e4tt\u00e4\u00e4.<\/p>\n","protected":false},"excerpt":{"rendered":"Tutkimuksen mukaan merituulivoimapuiston positiiviset vaikutukset perustuvat sen pitk\u00e4\u00e4n, jopa 40-vuotiseen elinkaareen. Avaa kuvien katselu Korsn\u00e4sin merituulivoimahanke olisi Vattenfallin&hellip;\n","protected":false},"author":2,"featured_media":218678,"comment_status":"","ping_status":"","sticky":false,"template":"","format":"standard","meta":{"footnotes":"","_share_on_mastodon":"0"},"categories":[76],"tags":[79,77,2038,33,31,30,32348,449,32,78,2025,2024,8229,5271],"class_list":["post-218677","post","type-post","status-publish","format-standard","has-post-thumbnail","category-talous","tag-business","tag-economy","tag-energia","tag-fi","tag-finland","tag-finnish","tag-korsnas","tag-pohjanmaa","tag-suomi","tag-talous","tag-tuulienergia","tag-tuulipuistot","tag-uusiutuvat-energialahteet","tag-vattenfall"],"share_on_mastodon":{"url":"https:\/\/pubeurope.com\/@fi\/116388436820604599","error":""},"_links":{"self":[{"href":"https:\/\/www.europesays.com\/fi\/wp-json\/wp\/v2\/posts\/218677","targetHints":{"allow":["GET"]}}],"collection":[{"href":"https:\/\/www.europesays.com\/fi\/wp-json\/wp\/v2\/posts"}],"about":[{"href":"https:\/\/www.europesays.com\/fi\/wp-json\/wp\/v2\/types\/post"}],"author":[{"embeddable":true,"href":"https:\/\/www.europesays.com\/fi\/wp-json\/wp\/v2\/users\/2"}],"replies":[{"embeddable":true,"href":"https:\/\/www.europesays.com\/fi\/wp-json\/wp\/v2\/comments?post=218677"}],"version-history":[{"count":0,"href":"https:\/\/www.europesays.com\/fi\/wp-json\/wp\/v2\/posts\/218677\/revisions"}],"wp:featuredmedia":[{"embeddable":true,"href":"https:\/\/www.europesays.com\/fi\/wp-json\/wp\/v2\/media\/218678"}],"wp:attachment":[{"href":"https:\/\/www.europesays.com\/fi\/wp-json\/wp\/v2\/media?parent=218677"}],"wp:term":[{"taxonomy":"category","embeddable":true,"href":"https:\/\/www.europesays.com\/fi\/wp-json\/wp\/v2\/categories?post=218677"},{"taxonomy":"post_tag","embeddable":true,"href":"https:\/\/www.europesays.com\/fi\/wp-json\/wp\/v2\/tags?post=218677"}],"curies":[{"name":"wp","href":"https:\/\/api.w.org\/{rel}","templated":true}]}}