{"id":219250,"date":"2026-04-12T17:58:26","date_gmt":"2026-04-12T17:58:26","guid":{"rendered":"https:\/\/www.europesays.com\/fi\/219250\/"},"modified":"2026-04-12T17:58:26","modified_gmt":"2026-04-12T17:58:26","slug":"pyry-soiri-hempea-paivitys-vauva-arjesta","status":"publish","type":"post","link":"https:\/\/www.europesays.com\/fi\/219250\/","title":{"rendered":"Pyry Soiri: Hempe\u00e4 p\u00e4ivitys vauva-arjesta!"},"content":{"rendered":"<p>\n            20230203, Helsinki. Emma Gaala 2023. Pyry Soiri ja Sara Sieppi.<br \/>\n            TIMO KORHONEN\n        <\/p>\n<p class=\"subtitle \">Tuore is\u00e4 julkaisi kuulumisiaan viime viikoilta.<\/p>\n<p class=\"article-content article-content-width !bg-background\">Jalkapalloilija , 31, sai hetki sitten esikoisensa puolisonsa , 34, kanssa. Se tarkoittaa sit\u00e4, ett\u00e4 Pyry ja Sara ovat ottaneet ensiaskeleensa vanhempina.<\/p>\n<p class=\"article-content article-content-width !bg-background\">Nyt tuore is\u00e4 on jakanut <a href=\"https:\/\/www.instagram.com\/hidipo\/\" aria-label=\"Pyry Soirin Instagram\" target=\"_blank\" rel=\"nofollow noopener\">Instagram-tilill\u00e4\u00e4n<\/a> kuvakollaasin pienokaisen ensimm\u00e4isilt\u00e4 viikoilta. Julkaisun kansikuvassa n\u00e4hd\u00e4\u00e4n is\u00e4n ja pojan yhteinen hetki, jossa Pyry pitelee pienokaista syliss\u00e4\u00e4n.<\/p>\n<p>        <a itemprop=\"url\" href=\"https:\/\/www.seiska.fi\/kotimaa\/sara-sieppi-ja-pyry-rakas-vauva-syntyi\/2039163\" rel=\"nofollow noopener\" target=\"_blank\"><\/p>\n<p>\nSara Sieppi ja Pyry-rakas\n<\/p>\n<p class=\"section-date\">\n        <strong class=\"article-section\" data-section=\"kotimaa\"><br \/>\n            kotimaa<br \/>\n        <\/strong><br \/>\n        30.3. 12:22\n    <\/p>\n<p>Sara Sieppi ja Pyry-rakas: Vauva syntyi!\n    <\/p>\n<p itemprop=\"description\" class=\"subtitle \">\n    Saran ja jalkapalloilijarakkaan odotettu pienokainen on syntynyt etuajassa.\n<\/p>\n<p>        <\/a><\/p>\n<p class=\"article-content article-content-width !bg-background\"> \u2013 Melkoiset viime viikot, Pyry kirjoittaa julkaisun englanninkielisess\u00e4 kuvatekstiss\u00e4 vapaasti suomennettuna.<\/p>\n<p>                <img decoding=\"async\" src=\"https:\/\/www.europesays.com\/fi\/wp-content\/uploads\/2026\/04\/1776016706_753_2125686.webp.jpeg\" width=\"576\" height=\"720\" alt=\"T\u00e4lt\u00e4 \u00e4skett\u00e4in perheenlis\u00e4yst\u00e4 saanut pari n\u00e4ytti Emma-gaalassa 2023.\" loading=\"lazy\" \/>            <\/p>\n<p>\n            T\u00e4lt\u00e4 \u00e4skett\u00e4in perheenlis\u00e4yst\u00e4 saanut pari n\u00e4ytti Emma-gaalassa 2023.<br \/>\n            TIMO KORHONEN\n        <\/p>\n<p class=\"article-content article-content-width !bg-background\">Julkaisun muissa otoksissa n\u00e4hd\u00e4\u00e4n muun muassa kuva vaunulenkilt\u00e4 sek\u00e4 tavallista arkea, johon kuuluu esimerkiksi kuntosalitreeni\u00e4.Lis\u00e4ksi kuvasta selvi\u00e4\u00e4, ett\u00e4 lapselle on jo hankittu oma peliasu, jota koristaa Valioliigajoukkue Chelsea FC:n logo.<\/p>\n<p>Kommenteissa onnitellaan<\/p>\n<p class=\"article-content article-content-width !bg-background\">Julkaisun kommenttikentt\u00e4 on t\u00e4yttynyt nopeasti onnitteluista.\u00a0<\/p>\n<p class=\"article-content article-content-width !bg-background\"> \u2013\u00a0Onnea! Hyv\u00e4t y\u00f6unet on sitten jonkin aikaa harvassa, yksi Pyryn seuraajista kommentoi. <\/p>\n<p class=\"article-content article-content-width !bg-background\"> \u2013 Onnea koko perheelle! toinen onnittelee.<\/p>\n<p>        <a itemprop=\"url\" href=\"https:\/\/www.seiska.fi\/terveys\/vastasynnyttanyt-sara-sieppi-avoimena-palautumisestaan\/2125652\" rel=\"nofollow noopener\" target=\"_blank\"><\/p>\n<p>\nVasta synnytt\u00e4nyt Sara Sieppi:\n<\/p>\n<p class=\"section-date\">\n        <strong class=\"article-section\" data-section=\"terveys\"><br \/>\n            terveys<br \/>\n        <\/strong><br \/>\n        11.4. 17:34\n    <\/p>\n<p>Vastasynnytt\u00e4nyt Sara Sieppi: Avoimena palautumisestaan!\n    <\/p>\n<p itemprop=\"description\" class=\"subtitle \">\n    Sara avasi sanaisen arkkunsa synnytyskokemuksestaan.\n<\/p>\n<p>        <\/a><\/p>\n<p class=\"article-content article-content-width !bg-background\">Laulaja  on k\u00e4ynyt j\u00e4tt\u00e4m\u00e4ss\u00e4 terveisens\u00e4 kolmen punaisen syd\u00e4n-emojin muodossa.<\/p>\n<p>Asumiskuviot uusiksi<\/p>\n<p class=\"article-content article-content-width !bg-background\">Pyry paljasti huhtikuun alussa <a href=\"https:\/\/www.is.fi\/jalkapallo\/art-2000011922399.html\" aria-label=\"IS:n juttu Pyry Soirista\" target=\"_blank\" rel=\"nofollow noopener\">Ilta-Sanomille <\/a>laittaneensa asumiskuvionsa uuteen uskoon.\u00a0<\/p>\n<p>        <a itemprop=\"url\" href=\"https:\/\/www.seiska.fi\/kotimaa\/is-pyry-soirin-asumiskuviot-taas-uusiksi-harvinainen-tilanne\/2120264\" rel=\"nofollow noopener\" target=\"_blank\"><\/p>\n<p>\nIS:\n<\/p>\n<p class=\"section-date\">\n        <strong class=\"article-section\" data-section=\"kotimaa\"><br \/>\n            kotimaa<br \/>\n        <\/strong><br \/>\n        4.4. 10:26\n    <\/p>\n<p>IS: Pyry Soirin asumiskuviot taas uusiksi \u2013 harvinainen tilanne\n    <\/p>\n<p itemprop=\"description\" class=\"subtitle \">\n    Ratkaisu vaikuttaa merkitt\u00e4v\u00e4ll\u00e4 tavalla Pyryn ja Sara Siepin perhe-el\u00e4m\u00e4\u00e4n.\n<\/p>\n<p>        <\/a><\/p>\n<p class=\"article-content article-content-width !bg-background\">Kauden aikainen p\u00e4\u00e4ttyminen ja Pyryn sopimustilanne mahdollistavat nimitt\u00e4in sen, ett\u00e4 h\u00e4n p\u00e4\u00e4si muuttamaan kotimaan kamaralle viett\u00e4m\u00e4\u00e4n aikaa perheens\u00e4 kanssa.<\/p>\n<p class=\"article-content article-content-width !bg-background\"> \u2013\u00a0Muutan nyt takaisin Suomeen. Mihin tie seuraavaksi viekin, se on varmasti paras mahdollinen ratkaisu ja siihen sitten sopeudutaan,\u00a0Pyry sanoi IS:lle.<\/p>\n<p><script async src=\"\/\/www.instagram.com\/embed.js\"><\/script><\/p>\n","protected":false},"excerpt":{"rendered":"20230203, Helsinki. Emma Gaala 2023. Pyry Soiri ja Sara Sieppi. TIMO KORHONEN Tuore is\u00e4 julkaisi kuulumisiaan viime viikoilta.&hellip;\n","protected":false},"author":2,"featured_media":219251,"comment_status":"","ping_status":"","sticky":false,"template":"","format":"standard","meta":{"footnotes":"","_share_on_mastodon":"0"},"categories":[130],"tags":[14823,137,33,31,30,98,3424,3423,32,1461,109],"class_list":["post-219250","post","type-post","status-publish","format-standard","has-post-thumbnail","category-viihde","tag-chelsea-fc","tag-entertainment","tag-fi","tag-finland","tag-finnish","tag-perhe","tag-pyry-soiri","tag-sara-sieppi","tag-suomi","tag-vauva","tag-viihde"],"share_on_mastodon":{"url":"https:\/\/pubeurope.com\/@fi\/116393037592174498","error":""},"_links":{"self":[{"href":"https:\/\/www.europesays.com\/fi\/wp-json\/wp\/v2\/posts\/219250","targetHints":{"allow":["GET"]}}],"collection":[{"href":"https:\/\/www.europesays.com\/fi\/wp-json\/wp\/v2\/posts"}],"about":[{"href":"https:\/\/www.europesays.com\/fi\/wp-json\/wp\/v2\/types\/post"}],"author":[{"embeddable":true,"href":"https:\/\/www.europesays.com\/fi\/wp-json\/wp\/v2\/users\/2"}],"replies":[{"embeddable":true,"href":"https:\/\/www.europesays.com\/fi\/wp-json\/wp\/v2\/comments?post=219250"}],"version-history":[{"count":0,"href":"https:\/\/www.europesays.com\/fi\/wp-json\/wp\/v2\/posts\/219250\/revisions"}],"wp:featuredmedia":[{"embeddable":true,"href":"https:\/\/www.europesays.com\/fi\/wp-json\/wp\/v2\/media\/219251"}],"wp:attachment":[{"href":"https:\/\/www.europesays.com\/fi\/wp-json\/wp\/v2\/media?parent=219250"}],"wp:term":[{"taxonomy":"category","embeddable":true,"href":"https:\/\/www.europesays.com\/fi\/wp-json\/wp\/v2\/categories?post=219250"},{"taxonomy":"post_tag","embeddable":true,"href":"https:\/\/www.europesays.com\/fi\/wp-json\/wp\/v2\/tags?post=219250"}],"curies":[{"name":"wp","href":"https:\/\/api.w.org\/{rel}","templated":true}]}}