{"id":219287,"date":"2026-04-12T19:11:20","date_gmt":"2026-04-12T19:11:20","guid":{"rendered":"https:\/\/www.europesays.com\/fi\/219287\/"},"modified":"2026-04-12T19:11:20","modified_gmt":"2026-04-12T19:11:20","slug":"the-summit-suomi-yksi-jatettiin-pois-ratkaisevalta-helikopterimatkalta","status":"publish","type":"post","link":"https:\/\/www.europesays.com\/fi\/219287\/","title":{"rendered":"The Summit Suomi: Yksi j\u00e4tettiin pois ratkaisevalta helikopterimatkalta"},"content":{"rendered":"<p>\n            The Summit Suomi, 2. kausi, 2026.<br \/>\n            MTV\n        <\/p>\n<p class=\"subtitle \">Nelj\u00e4 kisaajaa p\u00e4\u00e4tti, kuka joutui j\u00e4tt\u00e4m\u00e4\u00e4n kesken The Summit Suomen.<\/p>\n<p class=\"article-content article-content-width !bg-background\">The Summit Suomen sunnuntaina 12. huhtikuuta MTV3:lla n\u00e4hdyss\u00e4 jaksossa yhden kilpailijan matka p\u00e4\u00e4ttyi tylysti.<\/p>\n<p class=\"font-weight-bold m-font-weight-bold article-content article-content-width !bg-background\">Videolla Susanna Laine kertoo, olisiko h\u00e4nest\u00e4 seuraavaksi Tanssii t\u00e4htien kanssa -juontajaksi.\u00a0<\/p>\n<p class=\"article-content article-content-width !bg-background\">P\u00e4iv\u00e4n yll\u00e4tyksen\u00e4 oli kopterikyyti 32 kilometrin p\u00e4\u00e4h\u00e4n vuoristoj\u00e4rvialueelle.\u00a0<\/p>\n<p>        <a itemprop=\"url\" href=\"https:\/\/www.seiska.fi\/katso\/the-summit-suomen-elina-avautuu-persoonallisuushairiostaan\/2119792\" rel=\"nofollow noopener\" target=\"_blank\"><\/p>\n<p>\nThe Summit Suomi\n<\/p>\n<p class=\"section-date\">\n        <strong class=\"article-section\" data-section=\"katso\"><br \/>\n            katso<br \/>\n        <\/strong><br \/>\n        5.4. 09:15\n    <\/p>\n<p>The Summit Suomen Elina avautuu persoonallisuush\u00e4iri\u00f6st\u00e4\u00e4n\n    <\/p>\n<p itemprop=\"description\" class=\"subtitle \">\n    Elina kokee ulkopuolisuuden tunnetta The Summit Suomi -sarjassa.\n<\/p>\n<p>        <\/a><\/p>\n<p class=\"article-content article-content-width !bg-background\"> sai teht\u00e4v\u00e4kseen jakaa retkikunnan nelj\u00e4n hengen ryhmiin ja p\u00e4\u00e4tt\u00e4\u00e4, kumpi n\u00e4ist\u00e4 nousisi ensimm\u00e4iselle lennolle.<\/p>\n<p class=\"article-content article-content-width !bg-background\">Helikopterin kyytiin p\u00e4\u00e4siv\u00e4t ensin , ,  sek\u00e4 .<\/p>\n<p>Huojentava p\u00e4\u00e4t\u00f6s<\/p>\n<p class=\"article-content article-content-width !bg-background\">Pulmana oli, ett\u00e4 kopterin kyytiin mahtui kerrallaan vain nelj\u00e4 matkustajaa ja kyytej\u00e4 oli tarjolla kaksi. Retkikunnassa oli edelleen yhdeks\u00e4n kilpailijaa, joista yksi siis j\u00e4isi pois kyydist\u00e4 ja putoaisi pelist\u00e4.<\/p>\n<p class=\"article-content article-content-width !bg-background\">Ensimm\u00e4ist\u00e4 matkustajaryhm\u00e4\u00e4 oli m\u00e4\u00e4r\u00e4np\u00e4\u00e4ss\u00e4 vastassa , joka kertoi huonot uutisensa.<\/p>\n<p class=\"article-content article-content-width !bg-background\">\u2013\tTeid\u00e4n nelj\u00e4n tulee p\u00e4\u00e4tt\u00e4\u00e4, kuka ei tule seuraavalla kyydill\u00e4, juontaja ilmoitti.<\/p>\n<p>                <img decoding=\"async\" src=\"https:\/\/www.europesays.com\/fi\/wp-content\/uploads\/2026\/04\/2125304.webp.jpeg\" width=\"576\" height=\"322\" alt=\"\u2013&#9;Tuntui silt\u00e4, kuin olisi iso kivi vier\u00e4ht\u00e4nyt syd\u00e4melt\u00e4, Joonas kuvasi tunteitaan Royn pudotuksen j\u00e4lkeen.\" loading=\"lazy\" \/>            <\/p>\n<p>\n            \u2013\tTuntui silt\u00e4, kuin olisi iso kivi vier\u00e4ht\u00e4nyt syd\u00e4melt\u00e4, Joonas kuvasi tunteitaan Royn pudotuksen j\u00e4lkeen.<br \/>\n            MTV\n        <\/p>\n<p class=\"article-content article-content-width !bg-background\">Teht\u00e4v\u00e4 osoittautui helpoksi, ja nopeasti Pietari Tiina, Jacky ja Joonas tekiv\u00e4t yksimielisen p\u00e4\u00e4t\u00f6ksen putoajasta.<\/p>\n<p class=\"article-content article-content-width !bg-background\">\u2013\tOlin tosi huojentunut, koska me neljist\u00e4\u00e4n ihan katsomalla toisiamme silmiin tiedettiin, mik\u00e4 p\u00e4\u00e4t\u00f6s tulee olemaan, Joonas totesi.<\/p>\n<p class=\"article-content article-content-width !bg-background\">Ryhm\u00e4 halusi keskeytt\u00e4\u00e4  kilpailun.<\/p>\n<p>Puhdistusreissu p\u00e4\u00e4ttyi<\/p>\n<p class=\"article-content article-content-width !bg-background\">Toiselle lennolle nousivat Wilma, , ja .<\/p>\n<p>        <a itemprop=\"url\" href=\"https:\/\/www.seiska.fi\/katso\/the-summit-suomen-kilpailijat-napit-vastakkain-mika-kusipaa\/2114686\" rel=\"nofollow noopener\" target=\"_blank\"><\/p>\n<p>\nThe Summit Suomi\n<\/p>\n<p class=\"section-date\">\n        <strong class=\"article-section\" data-section=\"katso\"><br \/>\n            katso<br \/>\n        <\/strong><br \/>\n        28.3. 13:15\n    <\/p>\n<p>The Summit Suomen kilpailijat napit vastakkain: &#8221;Mik\u00e4 kusip\u00e4\u00e4!&#8221;\n    <\/p>\n<p itemprop=\"description\" class=\"subtitle \">\n    Sel\u00e4n takana haukkuminen ja halveksunta muita kohtaan lis\u00e4\u00e4ntyy.\n<\/p>\n<p>        <\/a><\/p>\n<p class=\"article-content article-content-width !bg-background\">Roy, jolla oli jo edellisest\u00e4 p\u00e4iv\u00e4st\u00e4 l\u00e4htien ollut riitaa muiden leiril\u00e4isten kanssa, osasi odottaa pudotustaan.<\/p>\n<p class=\"article-content article-content-width !bg-background\">\u2013\tTietysti olen pettynyt, mutta ei sille voi mit\u00e4\u00e4n. T\u00e4m\u00e4 kuuluu peliin ja l\u00e4hdin t\u00e4nne pelaamaan. Paremmin t\u00e4m\u00e4 meni kuin viime kerralla.<\/p>\n<p class=\"article-content article-content-width !bg-background\">\u2013\tOn pit\u00e4nyt olla koko ajan hereill\u00e4, skarppina. En ole er\u00e4ilij\u00e4, en ole tottunut m\u00e4rk\u00e4\u00e4n. Olen tottunut pizzaan, poltan askin p\u00e4iv\u00e4ss\u00e4 tupakkaa. T\u00e4m\u00e4 on ollut puhdistusreissu, Roy summasi leirikokemuksensa.<\/p>\n<p class=\"article-content article-content-width !bg-background\">Ennen kotiinpaluuta h\u00e4n halusi lausua viimeiset sanat ryhm\u00e4l\u00e4isilleen.<\/p>\n<p class=\"article-content article-content-width !bg-background\">\u2013\tMulla on ollut kova paikka. Joka p\u00e4iv\u00e4 on ollut, ett\u00e4 jos nyt et tee t\u00e4ysill\u00e4, niin s\u00e4 l\u00e4hdet. Toivon, ett\u00e4 teist\u00e4 jokainen p\u00e4\u00e4see mahdollisimman pitk\u00e4lle.<\/p>\n<p class=\"italic m-italic article-content article-content-width !bg-background\">The Summit Suomi n\u00e4hd\u00e4\u00e4n sunnuntaisin klo 19.30 MTV3:lla sek\u00e4 MTV Katsomossa. Seuraava jakso on katsottavissa ennakkoon MTV Katsomo+:lla.\u00a0<\/p>\n<p>        <a itemprop=\"url\" href=\"https:\/\/www.seiska.fi\/katso\/the-summit-suomessa-yllattava-kaksoisputoaminen\/2106992\" rel=\"nofollow noopener\" target=\"_blank\"><\/p>\n<p>\nThe Summit Suomi\n<\/p>\n<p class=\"section-date\">\n        <strong class=\"article-section\" data-section=\"katso\"><br \/>\n            katso<br \/>\n        <\/strong><br \/>\n        22.3. 21:00\n    <\/p>\n<p>The Summit Suomessa yll\u00e4tt\u00e4v\u00e4 kaksoisputoaminen\n    <\/p>\n<p itemprop=\"description\" class=\"subtitle \">\n    Eripura ryhm\u00e4n sis\u00e4ll\u00e4 kasvaa ja kotiin l\u00e4hti per\u00e4ti kaksi kilpailijaa.\n<\/p>\n<p>        <\/a><\/p>\n","protected":false},"excerpt":{"rendered":"The Summit Suomi, 2. kausi, 2026. MTV Nelj\u00e4 kisaajaa p\u00e4\u00e4tti, kuka joutui j\u00e4tt\u00e4m\u00e4\u00e4n kesken The Summit Suomen. The&hellip;\n","protected":false},"author":2,"featured_media":219288,"comment_status":"","ping_status":"","sticky":false,"template":"","format":"standard","meta":{"footnotes":"","_share_on_mastodon":"0"},"categories":[133],"tags":[137,33,31,30,19125,30257,27711,5345,18116,2376,11589,905,385,14549,12433,2385,29209,32,206,29137,32359,156,109,21035],"class_list":["post-219287","post","type-post","status-publish","format-standard","has-post-thumbnail","category-televisiot","tag-entertainment","tag-fi","tag-finland","tag-finnish","tag-helikopteri","tag-jacky","tag-joonas","tag-kilpailijat","tag-kilpailureality","tag-mtv","tag-mtv-katsomo","tag-mtv3","tag-norja","tag-pietari","tag-pudotus","tag-reality","tag-roy","tag-suomi","tag-televisiot","tag-the-summit-suomi","tag-tiina","tag-tv","tag-viihde","tag-wilma"],"share_on_mastodon":{"url":"https:\/\/pubeurope.com\/@fi\/116393324543909161","error":""},"_links":{"self":[{"href":"https:\/\/www.europesays.com\/fi\/wp-json\/wp\/v2\/posts\/219287","targetHints":{"allow":["GET"]}}],"collection":[{"href":"https:\/\/www.europesays.com\/fi\/wp-json\/wp\/v2\/posts"}],"about":[{"href":"https:\/\/www.europesays.com\/fi\/wp-json\/wp\/v2\/types\/post"}],"author":[{"embeddable":true,"href":"https:\/\/www.europesays.com\/fi\/wp-json\/wp\/v2\/users\/2"}],"replies":[{"embeddable":true,"href":"https:\/\/www.europesays.com\/fi\/wp-json\/wp\/v2\/comments?post=219287"}],"version-history":[{"count":0,"href":"https:\/\/www.europesays.com\/fi\/wp-json\/wp\/v2\/posts\/219287\/revisions"}],"wp:featuredmedia":[{"embeddable":true,"href":"https:\/\/www.europesays.com\/fi\/wp-json\/wp\/v2\/media\/219288"}],"wp:attachment":[{"href":"https:\/\/www.europesays.com\/fi\/wp-json\/wp\/v2\/media?parent=219287"}],"wp:term":[{"taxonomy":"category","embeddable":true,"href":"https:\/\/www.europesays.com\/fi\/wp-json\/wp\/v2\/categories?post=219287"},{"taxonomy":"post_tag","embeddable":true,"href":"https:\/\/www.europesays.com\/fi\/wp-json\/wp\/v2\/tags?post=219287"}],"curies":[{"name":"wp","href":"https:\/\/api.w.org\/{rel}","templated":true}]}}