{"id":219597,"date":"2026-04-13T06:59:12","date_gmt":"2026-04-13T06:59:12","guid":{"rendered":"https:\/\/www.europesays.com\/fi\/219597\/"},"modified":"2026-04-13T06:59:12","modified_gmt":"2026-04-13T06:59:12","slug":"musiikillinen-monitaituri-poppy-vakuutti-kulttuuritalolla","status":"publish","type":"post","link":"https:\/\/www.europesays.com\/fi\/219597\/","title":{"rendered":"Musiikillinen monitaituri Poppy vakuutti Kulttuuritalolla"},"content":{"rendered":"<p>Kirjoittanut <strong>Tom Frankton<\/strong> &#8211; 13.4.2026<\/p>\n<p>Yhdysvaltalainen genrekameleontti <strong>Poppy<\/strong> saapui p\u00e4\u00e4si\u00e4isen j\u00e4lkeisen\u00e4 perjantaina ensimm\u00e4iselle Suomen-keikalleen Helsinkiin. Euroopan-kiertueen p\u00e4\u00e4t\u00f6setappina toimineen Kulttuuritalon lavalla n\u00e4htiin my\u00f6s australialainen <strong>Ocean Grove<\/strong> ja yhdysvaltalainen <strong>Fox Lake<\/strong>. Kukin lavalla n\u00e4hdyist\u00e4 b\u00e4ndeist\u00e4 tarjoili modernin raskaan musiikin kattauksen loppuunmyydylle salille.<\/p>\n<p>Fox Lake<\/p>\n<p>K\u00e4pp\u00e4ilin Kulttuuritalolle hieman ennen illan avanneen nu metal- ja hardcore-vaikutteisen metalcore-b\u00e4ndi <strong>Fox Laken<\/strong> setti\u00e4. B\u00e4ndi sattui tulemaan viime viikolla vastaan oivan <a href=\"https:\/\/www.youtube.com\/watch?v=epCAgCBFjQ8\" rel=\"nofollow noopener\" target=\"_blank\">Audiotree-studiosessarin<\/a> muodossa, mutta muuten se oli minulle ennakkoon tuntematon. B\u00e4ndi on ilmeisesti ainakin viime vuonna trendannut TikTokin puolella \u201dFreestyle\u201d-kappaleellaan ja saanut sen kautta my\u00f6s reippaasti lis\u00e4\u00e4 suosiota.<\/p>\n<p>Paikalla oli jo mukavasti porukkaa, tosin hieman hajanaisesti Kultsan permannolle levitt\u00e4ytyneen\u00e4. Eip\u00e4 mennyt kuitenkaan kauan, kun vokalisti Nathan Johnson kehotti permannon sivuilla norkoilevaa yleis\u00f6\u00e4 liikkumaan keskemm\u00e4lle paremman meiningin valossa. Se n\u00e4ytti her\u00e4tt\u00e4v\u00e4n mukavasti my\u00f6s yleis\u00f6\u00e4, sill\u00e4 sen j\u00e4lkeen permanto tuntui olevan t\u00e4ysill\u00e4 mukana loppuun asti. Viimeist\u00e4 kappaletta sis\u00e4\u00e4n spiikatessaan Johnson lupasi lahjoittaa rumpupellin ensimm\u00e4iselle crowdsurffaajalle, mink\u00e4 joku yleis\u00f6st\u00e4 kerkesi lunastamaan jo ennen kappaleen varsinaista alkamista. Shout out tuolle tyypille, lis\u00e4\u00e4 t\u00e4llaista.<\/p>\n<p>Artikkeli jatkuu mainoksen j\u00e4lkeen<br \/>\nMainos p\u00e4\u00e4ttyy<\/p>\n<p>Ocean Grove<\/p>\n<p>Australialainen <strong>Ocean Grove<\/strong> jatkoi <strong>Fox Laken<\/strong> j\u00e4lkeen my\u00f6s nu metal -henkisell\u00e4 veivauksella, tosin hitusen edelt\u00e4v\u00e4\u00e4 aktia kepe\u00e4mm\u00e4ll\u00e4 otteella. B\u00e4ndi on ollut v\u00e4hint\u00e4\u00e4n nimelt\u00e4\u00e4n tuttu jo jonkin aikaa, ja algoritmit puskivat minulle aktiivisesti b\u00e4ndin parin vuoden takaista \u201dODDWORLD\u201d-levy\u00e4. B\u00e4ndi ei ole kuitenkaan viel\u00e4 toistaiseksi onnistunut viem\u00e4\u00e4n minua mukanaan, eik\u00e4 oikeastaan nytk\u00e4\u00e4n. Johtuneekohan <strong>Fox Laken<\/strong> vahvasta startista illalle sek\u00e4 odottelevasta tunnelmasta <strong>Poppyn<\/strong> setti\u00e4 kohtaan, mutta <strong>Ocean Grove<\/strong> j\u00e4i t\u00e4ll\u00e4 kertaa muiden jalkoihin.<\/p>\n<p><strong>Ocean Grove<\/strong> ei ollut suinkaan huono esiintyj\u00e4, ja juuri sen musiikki valikoitui taustamusiikiksi t\u00e4m\u00e4n tekstin kirjoittamiselle. Sen setist\u00e4 tuntui kuitenkin puuttuvan jotain, ja se j\u00e4i hieman tasapaksuksi. Yleis\u00f6n puolella tunnelma oli kuitenkin korkealla, eli joihinkin aussib\u00e4ndin puoli tuntia ja risat kest\u00e4nyt setti iski hyvin.<\/p>\n<p>Poppy<\/p>\n<p><strong>Poppyn<\/strong> ensivisiitti\u00e4 Suomeen on odotettu hartaasti, eik\u00e4 keikan myyminen loppuun tullut lopulta yll\u00e4tyksen\u00e4. Ensin tunnelmaltaan v\u00e4hint\u00e4\u00e4nkin omalaatuisista YouTube-videoistaan tunnetuksi tullut artisti hypp\u00e4si pian my\u00f6s omalaatuisen popmusiikin pariin siirtyen siit\u00e4 v\u00e4hitellen raskaampaan suuntaan. Viimeiset pari levy\u00e4 (vuoden 2024 \u201dNegative Spaces\u201d, ja tammikuussa julkaistu \u201dEmpty Hands\u201d) lokeroituvatkin vahvasti metalcoren ja nu metalin maastoihin toki artistille edelleen ominaisella tyylill\u00e4. Laulaja on ehtinyt oman suosionsa v\u00e4liss\u00e4 vierailla my\u00f6s suurmenestyst\u00e4 nauttivien <strong>Bad Omensin<\/strong> ja <strong>Knocked Loosen<\/strong> levyill\u00e4, eli kiirett\u00e4 on pit\u00e4nyt.<\/p>\n<p>Artikkeli jatkuu mainoksen j\u00e4lkeenMainos p\u00e4\u00e4ttyy<\/p>\n<p><img fetchpriority=\"high\" decoding=\"async\" width=\"1300\" height=\"867\" src=\"https:\/\/www.europesays.com\/fi\/wp-content\/uploads\/2026\/04\/poppy-1300x867.png\" alt=\"\" class=\"wp-image-657607\"  \/><\/p>\n<p>Aina, kun Euroopan kiertuesuunnittelun umpikujana tunnettuun Suomeen saadaan ulkomaisia esiintyji\u00e4 ensivisiiteilleen, ei voi olla j\u00e4nnitt\u00e4m\u00e4tt\u00e4 lopputulosta. Parhaassa tapauksessa keikka myy hyvin, markkinaraolle on n\u00e4kyv\u00e4\u00e4 todistetta, ja agentuurit uskaltavat ottaa tulevaisuudessakin riskej\u00e4 Suomen kanssa. Vaihtoehtoisesti homma menee v\u00e4hemm\u00e4n hyv\u00e4\u00e4n malliin, ja vastaavat suunnitelmat pistet\u00e4\u00e4n j\u00e4ihin ajalle, kun t\u00e4nne tuleminen ja v\u00e4lip\u00e4ivien ottaminen aikatauluun matkustamista varten todetaan kokonaisuudessan viel\u00e4 kannattavaksi. Etenkin, kun nykyp\u00e4iv\u00e4n\u00e4 keikkalippujen ostop\u00e4\u00e4t\u00f6s tehd\u00e4\u00e4n usein vasta juuri ennen keikkaa, jolloin kiertueiden suunnittelun riskialttius korostuu roimasti.<\/p>\n<p>Vaikka mainittu j\u00e4nnitt\u00e4\u00e4 aina, tuntui <strong>Poppyn<\/strong> keikan myyminen loppuun luonnolliselta. Onhan artistin suosio kokenut kuitenkin niin vahvan nousun viimeisen muutaman vuoden aikana. P\u00e4\u00e4paino setin aikana olikin juuri viimeisen parin levyn materiaalilla, jonka ohessa kuultiin muutama kappale muualta tuotannosta. Omanlaisena breikkauksena toimineelta \u201dI Disagree\u201d -levylt\u00e4 kuultiin muutama kappale, \u201dChoke\u201d-EP:n \u201dScary Mask\u201d -revittely ja <strong>Bad Omens<\/strong> -fiittibiisi \u201dV.A.N.\u201d. Jengi oli mukana l\u00e4pi keikan niin innokkasti, ett\u00e4 huvitti muistella niit\u00e4 n\u00e4pp\u00e4imist\u00f6sankareita, jotka jaksoivat aikoinaan kutsua <strong>Poppya<\/strong> ep\u00e4aidoksi ja h\u00e4nen siirtymist\u00e4\u00e4n raskaamman musiikin pariin puhtaaksi markkinointikikkailuksi.<\/p>\n<p><img loading=\"lazy\" decoding=\"async\" width=\"1200\" height=\"688\" src=\"https:\/\/www.europesays.com\/fi\/wp-content\/uploads\/2025\/12\/poppy-2025.jpg\" alt=\"Poppy 2025\" class=\"wp-image-723137\"  \/>Kuva: Sam Cannon<\/p>\n<p>Omalta osaltani odotin innolla, mink\u00e4lainen tuotanto lavalla n\u00e4ht\u00e4isiin, koska <strong>Poppy<\/strong> nojaa tuotannossaan raskaammillaankin niin vahvasti pop-musiikkiin. Hienohan se oli valokalustoineen, LED-screeneineen ja parimetrisine rumpurisereineen. Se vaikutti tosin olevan oikeasti mitoitettu Kultsaa isommille lavoille. Valitettavasti illan aikana kuvaaminen ei ollut artistiorganisaation ulkopuolella sallittua, eli meid\u00e4n puolesta keikalta ei l\u00f6ydy todisteita. Istuvan yleis\u00f6n puolella teki alkuun \u201dhieman\u201d kipe\u00e4\u00e4 tuijotella kasvoja p\u00e4in loistaneita stroboja, mutta siihenkin tottui pikkuhiljaa. \u201dKiitos, Suomi\u201d -lausahduksia suurempia lavaspiikkej\u00e4 ei juurikaan kuultu. Niiden paikkaa piti muutaman biisin v\u00e4lein kuultu robottimainen kertoja\u00e4\u00e4ni. <strong>Poppyn<\/strong> anonyymi taustab\u00e4ndi hoiti tonttiaan mallikkaasti j\u00e4tt\u00e4en lavan etuosan ajoittain t\u00e4ysin keulakuvansa leikkitilaksi.<\/p>\n<p>Kaiken kaikkiaan ilta oli oikein onnistunut. En haluaisi uskoa, ett\u00e4 artistin seuraavaa Suomeen saapumista t\u00e4ytyisi odotella liian kauaa. Core-musiikin yst\u00e4vi\u00e4 on kuitenkin hemmoteltu viime vuosina reippaasti niin klubi- kuin festarikeikoilla, joten kotimaisen yleis\u00f6n kiinnostus on selv\u00e4sti noteerattu jollain tasolla, ja riskej\u00e4 uskalletaan ottaa jonkin verran. Kenties <strong>Poppykin <\/strong>n\u00e4hd\u00e4\u00e4n t\u00e4\u00e4ll\u00e4 viel\u00e4 Kultsaa isommalla lavalla, sill\u00e4 h\u00e4n on musiikillaan sen tason kameleontti, ett\u00e4 h\u00e4n sopisi vaikka mink\u00e4laiseen iltaohjelmaan mukaan.<\/p>\n<p>Artikkeli jatkuu mainoksen j\u00e4lkeen<br \/>\nMainos p\u00e4\u00e4ttyy<\/p>\n<p><strong>Settilista:<\/strong><br \/>1. Bruised Sky<br \/>2. BLOODMONEY<br \/>3. Scary Mask<br \/>4. the cost of giving up<br \/>5. Public Domain<br \/>6. Concrete<br \/>7. the center\u2019s falling out<br \/>8. Anything Like Me<br \/>9. have you had enough?<br \/>10. crystallized<br \/>11. Time Will Tell<br \/>12. V.A.N.<br \/>13. If We\u2019re Following the Light<br \/>14. they\u2019re all around us<\/p>\n<p>Encore:<br \/>15. new way out<\/p>\n","protected":false},"excerpt":{"rendered":"Kirjoittanut Tom Frankton &#8211; 13.4.2026 Yhdysvaltalainen genrekameleontti Poppy saapui p\u00e4\u00e4si\u00e4isen j\u00e4lkeisen\u00e4 perjantaina ensimm\u00e4iselle Suomen-keikalleen Helsinkiin. Euroopan-kiertueen p\u00e4\u00e4t\u00f6setappina toimineen&hellip;\n","protected":false},"author":2,"featured_media":219598,"comment_status":"","ping_status":"","sticky":false,"template":"","format":"standard","meta":{"footnotes":"","_share_on_mastodon":"0"},"categories":[130],"tags":[137,33,31,30,32410,29287,32411,22692,32,109],"class_list":["post-219597","post","type-post","status-publish","format-standard","has-post-thumbnail","category-viihde","tag-entertainment","tag-fi","tag-finland","tag-finnish","tag-fox-lake","tag-kulttuuritalo","tag-ocean-grove","tag-poppy","tag-suomi","tag-viihde"],"share_on_mastodon":{"url":"https:\/\/pubeurope.com\/@fi\/116396108408830067","error":""},"_links":{"self":[{"href":"https:\/\/www.europesays.com\/fi\/wp-json\/wp\/v2\/posts\/219597","targetHints":{"allow":["GET"]}}],"collection":[{"href":"https:\/\/www.europesays.com\/fi\/wp-json\/wp\/v2\/posts"}],"about":[{"href":"https:\/\/www.europesays.com\/fi\/wp-json\/wp\/v2\/types\/post"}],"author":[{"embeddable":true,"href":"https:\/\/www.europesays.com\/fi\/wp-json\/wp\/v2\/users\/2"}],"replies":[{"embeddable":true,"href":"https:\/\/www.europesays.com\/fi\/wp-json\/wp\/v2\/comments?post=219597"}],"version-history":[{"count":0,"href":"https:\/\/www.europesays.com\/fi\/wp-json\/wp\/v2\/posts\/219597\/revisions"}],"wp:featuredmedia":[{"embeddable":true,"href":"https:\/\/www.europesays.com\/fi\/wp-json\/wp\/v2\/media\/219598"}],"wp:attachment":[{"href":"https:\/\/www.europesays.com\/fi\/wp-json\/wp\/v2\/media?parent=219597"}],"wp:term":[{"taxonomy":"category","embeddable":true,"href":"https:\/\/www.europesays.com\/fi\/wp-json\/wp\/v2\/categories?post=219597"},{"taxonomy":"post_tag","embeddable":true,"href":"https:\/\/www.europesays.com\/fi\/wp-json\/wp\/v2\/tags?post=219597"}],"curies":[{"name":"wp","href":"https:\/\/api.w.org\/{rel}","templated":true}]}}