{"id":219695,"date":"2026-04-13T09:38:10","date_gmt":"2026-04-13T09:38:10","guid":{"rendered":"https:\/\/www.europesays.com\/fi\/219695\/"},"modified":"2026-04-13T09:38:10","modified_gmt":"2026-04-13T09:38:10","slug":"100-ruudutonta-paivaa-seuraa-puhelinriippuvaista-erikia","status":"publish","type":"post","link":"https:\/\/www.europesays.com\/fi\/219695\/","title":{"rendered":"100 ruudutonta p\u00e4iv\u00e4\u00e4 seuraa puhelinriippuvaista Eriki\u00e4"},"content":{"rendered":"<p>\n  Vakavasti puhelinriippuvainen Erik Galli yritt\u00e4\u00e4 luopua \u00e4lylaitteista sata p\u00e4iv\u00e4\u00e4 kest\u00e4v\u00e4ss\u00e4 kokeessaan. 100 ruudutonta p\u00e4iv\u00e4\u00e4 kuvaa aikamme maailmaa, miss\u00e4 puhelimesta ei malteta p\u00e4\u00e4st\u00e4\u00e4 irti.<\/p>\n<p>\n            Teksti:          <\/p>\n<p>\n            Jussi Karjalainen          <\/p>\n<p>Ruotsin tv:n toimittajan <strong>Erik Gallin<\/strong> k\u00e4nnyk\u00e4ll\u00e4 kuluttama ruutuaika oli 13 tuntia p\u00e4iv\u00e4ss\u00e4. Samanlaisia tuntim\u00e4\u00e4ri\u00e4 luettelevat muutkin Gallin kolmeosaisessa dokkarissa (2025), jonka juoni on hankkia helpotusta riippuvuuteen.<\/p>\n<p>Jos on el\u00e4nyt aikaa ennen k\u00e4nnyk\u00f6iden dominanssia, Gallin sadan p\u00e4iv\u00e4n ruuduton kuuri tuntuu monissakin k\u00e4\u00e4nteiss\u00e4 huvittavalta. Oikealla asialla toimittaja tottakai on, koska n\u00e4yt\u00f6n skrollaamisen koukuttavuus on monien ongelma. Gallin tapauksessa ruuduttomuus tarkoittaa muun muassa sit\u00e4, ett\u00e4 h\u00e4n s\u00e4\u00e4t\u00e4\u00e4 kiritt\u00e4j\u00e4ns\u00e4, psykiatri <strong>Anders Hansenin<\/strong>, ohjeesta \u00e4lypuhelimensa mustavalkoiseksi, jottei se olisi houkutteleva.<\/p>\n<p>Seuraavaksi ohjelmantekij\u00e4 hankkii \u201d\u00e4lytt\u00f6m\u00e4n\u201d puhelimen. Kakkosjaksossa er\u00e4s luontoihminen pist\u00e4\u00e4 34-vuotiaan Gallin kokeilemaan, malttaako h\u00e4n istua varttitunnin mets\u00e4n reunassa. Galli vierailee tapaamassa Yhdysvalloissa esimerkiksi merkitt\u00e4v\u00e4\u00e4 dopamiinitutkijaa, mutta j\u00e4\u00e4p\u00e4 haastattelu pintatasolle! Onko sekin puhelinten vaikutusta?<\/p>\n<p>100 ruudutonta p\u00e4iv\u00e4\u00e4, maanantai 13.4. klo 19.52, <a href=\"https:\/\/areena.yle.fi\/1-77352904\" target=\"_blank\" rel=\"noreferrer noopener nofollow\">Teema &amp; Fem<\/a><\/p>\n<p><a href=\"https:\/\/seura.fi\/terveys\/hyvinvointi\/puoliso-on-kannykkariippuvainen\/\" rel=\"nofollow noopener\" target=\"_blank\">Lue my\u00f6s: \u201dMinne katosi l\u00e4heisyys, seksi ja hauskanpito?\u201d Tiina, 35, huolestui \u2013 Mit\u00e4 tehd\u00e4, kun oma puoliso on k\u00e4nnykk\u00e4riippuvainen?<\/a><\/p>\n","protected":false},"excerpt":{"rendered":"Vakavasti puhelinriippuvainen Erik Galli yritt\u00e4\u00e4 luopua \u00e4lylaitteista sata p\u00e4iv\u00e4\u00e4 kest\u00e4v\u00e4ss\u00e4 kokeessaan. 100 ruudutonta p\u00e4iv\u00e4\u00e4 kuvaa aikamme maailmaa, miss\u00e4&hellip;\n","protected":false},"author":2,"featured_media":219696,"comment_status":"","ping_status":"","sticky":false,"template":"","format":"standard","meta":{"footnotes":"","_share_on_mastodon":"0"},"categories":[84],"tags":[11441,33,31,30,32427,632,697,32,91,92,2203],"class_list":["post-219695","post","type-post","status-publish","format-standard","has-post-thumbnail","category-teknologia","tag-alylaitteet","tag-fi","tag-finland","tag-finnish","tag-kannykkariippuvuus","tag-puhelin","tag-riippuvuus","tag-suomi","tag-technology","tag-teknologia","tag-tv-maailma"],"share_on_mastodon":{"url":"https:\/\/pubeurope.com\/@fi\/116396733508597240","error":""},"_links":{"self":[{"href":"https:\/\/www.europesays.com\/fi\/wp-json\/wp\/v2\/posts\/219695","targetHints":{"allow":["GET"]}}],"collection":[{"href":"https:\/\/www.europesays.com\/fi\/wp-json\/wp\/v2\/posts"}],"about":[{"href":"https:\/\/www.europesays.com\/fi\/wp-json\/wp\/v2\/types\/post"}],"author":[{"embeddable":true,"href":"https:\/\/www.europesays.com\/fi\/wp-json\/wp\/v2\/users\/2"}],"replies":[{"embeddable":true,"href":"https:\/\/www.europesays.com\/fi\/wp-json\/wp\/v2\/comments?post=219695"}],"version-history":[{"count":0,"href":"https:\/\/www.europesays.com\/fi\/wp-json\/wp\/v2\/posts\/219695\/revisions"}],"wp:featuredmedia":[{"embeddable":true,"href":"https:\/\/www.europesays.com\/fi\/wp-json\/wp\/v2\/media\/219696"}],"wp:attachment":[{"href":"https:\/\/www.europesays.com\/fi\/wp-json\/wp\/v2\/media?parent=219695"}],"wp:term":[{"taxonomy":"category","embeddable":true,"href":"https:\/\/www.europesays.com\/fi\/wp-json\/wp\/v2\/categories?post=219695"},{"taxonomy":"post_tag","embeddable":true,"href":"https:\/\/www.europesays.com\/fi\/wp-json\/wp\/v2\/tags?post=219695"}],"curies":[{"name":"wp","href":"https:\/\/api.w.org\/{rel}","templated":true}]}}