{"id":21990,"date":"2025-08-31T23:59:07","date_gmt":"2025-08-31T23:59:07","guid":{"rendered":"https:\/\/www.europesays.com\/fi\/21990\/"},"modified":"2025-08-31T23:59:07","modified_gmt":"2025-08-31T23:59:07","slug":"chicagon-pormestari-paikallinen-poliisi-ei-auta-kansalliskaartin-joukkoja-uutisia-lyhyesti","status":"publish","type":"post","link":"https:\/\/www.europesays.com\/fi\/21990\/","title":{"rendered":"Chicagon pormestari: Paikallinen poliisi ei auta kansalliskaartin joukkoja | Uutisia lyhyesti"},"content":{"rendered":"<p class=\"sc-jYczwO sc-dNFkOE bUKqJd eiHPxO yle__article__paragraph\">Trump on uhannut l\u00e4hett\u00e4\u00e4 kansalliskaartin sotilaita Chicagoon. Aiemmin h\u00e4n on l\u00e4hett\u00e4nyt niit\u00e4 demokraattien johtamiin Los Angelesiin ja Washingtoniin. <\/p>\n<p class=\"sc-jYczwO sc-ciCoXh bUKqJd cIOueB yle__article__paragraph\">Chicagon poliisi ei tee yhteisty\u00f6t\u00e4 kansalliskaartin joukkojen tai liittovaltion agenttien kanssa, mik\u00e4li Yhdysvaltain presidentti <strong class=\"sc-eEHciv gtNhAX yle__article__strong\">Donald Trump<\/strong> toteuttaa <a class=\"sc-jDJeIs gotUgl yle__article__link\" href=\"https:\/\/yle.fi\/a\/74-20179331\" role=\"link\" rel=\"nofollow noopener\" target=\"_blank\">uhkauksensa<\/a> l\u00e4hett\u00e4\u00e4 joukkoja kaupunkiin l\u00e4hip\u00e4ivin\u00e4.<\/p>\n<p class=\"sc-jYczwO sc-ciCoXh bUKqJd cIOueB yle__article__paragraph\">Asiasta ilmoitti Chicagon demokraattipormestari <strong class=\"sc-eEHciv gtNhAX yle__article__strong\">Brandon Johnson<\/strong>. H\u00e4n allekirjoitti m\u00e4\u00e4r\u00e4yksen, jonka tarkoituksena on valmistaa Chicago liittovaltion mahdolliseen operaatioon.<\/p>\n<p class=\"sc-jYczwO sc-ciCoXh bUKqJd cIOueB yle__article__paragraph\">\u2013 Kyse on siit\u00e4, ett\u00e4 olemme valmistautuneita, Johnson kertoi toimittajille allekirjoittaessaan m\u00e4\u00e4r\u00e4yksen.<\/p>\n<p class=\"sc-jYczwO sc-ciCoXh bUKqJd cIOueB yle__article__paragraph\">H\u00e4n lis\u00e4si, ett\u00e4 m\u00e4\u00e4r\u00e4yksen tarkoituksena on antaa selke\u00e4\u00e4 ohjeistusta kaupungin ty\u00f6ntekij\u00f6ille ja kaikille chicagolaisille siit\u00e4, miten vastustaa Trumpin \u201dtyranniaa\u201d.<\/p>\n<p class=\"sc-jYczwO sc-ciCoXh bUKqJd cIOueB yle__article__paragraph\">M\u00e4\u00e4r\u00e4yksen mukaan Chicagon poliisit jatkavat osavaltion ja paikallisten lakien valvontaa, mutta eiv\u00e4t avusta liittovaltion viranomaisia partioinnissa, pid\u00e4tyksiss\u00e4 tai muissa lainvalvontatoimissa.<\/p>\n<p class=\"sc-jYczwO sc-ciCoXh bUKqJd cIOueB yle__article__paragraph\">\u2013 Liittovaltion sotilasjoukkojen l\u00e4hett\u00e4minen Chicagoon ilman paikallisviranomaisten suostumusta heikent\u00e4\u00e4 demokraattisia normeja, loukkaa kaupungin itsem\u00e4\u00e4r\u00e4\u00e4misoikeutta, uhkaa kansalaisvapauksia ja uhkaa lis\u00e4t\u00e4 v\u00e4kivaltaa rauhan turvaamisen sijaan, m\u00e4\u00e4r\u00e4yksess\u00e4 todetaan.<\/p>\n<p class=\"sc-jYczwO sc-ciCoXh bUKqJd cIOueB yle__article__paragraph\">Trump l\u00e4hetti aiemmin kansalliskaartin joukkoja demokraattien johtamiin Los Angelesiin ja Washingtoniin.<\/p>\n<p class=\"sc-jYczwO sc-ciCoXh bUKqJd cIOueB yle__article__paragraph\">H\u00e4n perusteli sotilaiden l\u00e4hett\u00e4mist\u00e4 Los Angelesiin liittovaltion kiinteist\u00f6jen ja henkil\u00f6st\u00f6n suojelulla sek\u00e4 Washingtoniin pyrkimyksell\u00e4 puuttua rikollisuuteen. Kaupungeissa perusteluja on ep\u00e4ilty, ja ne on kiistetty.<\/p>\n<p class=\"sc-jYczwO sc-ciCoXh bUKqJd cIOueB yle__article__paragraph\">L\u00e4hde: Reuters<\/p>\n","protected":false},"excerpt":{"rendered":"Trump on uhannut l\u00e4hett\u00e4\u00e4 kansalliskaartin sotilaita Chicagoon. Aiemmin h\u00e4n on l\u00e4hett\u00e4nyt niit\u00e4 demokraattien johtamiin Los Angelesiin ja Washingtoniin.&hellip;\n","protected":false},"author":2,"featured_media":74,"comment_status":"","ping_status":"","sticky":false,"template":"","format":"standard","meta":{"footnotes":"","_share_on_mastodon":"0"},"categories":[14],"tags":[22,23,5860,585,26,27,33,31,30,17,635,24,25,28,29,15,18,21,32,19,20,56,16,59,60,61,619,146],"class_list":["post-21990","post","type-post","status-publish","format-standard","has-post-thumbnail","category-ulkomaat","tag-breaking-news","tag-breakingnews","tag-chicago","tag-donald-trump","tag-featured-news","tag-featurednews","tag-fi","tag-finland","tag-finnish","tag-headlines","tag-kansalliskaarti","tag-latest-news","tag-latestnews","tag-main-news","tag-mainnews","tag-news","tag-otsikot","tag-paauutiset","tag-suomi","tag-top-stories","tag-topstories","tag-ulkomaat","tag-uutiset","tag-world","tag-world-news","tag-worldnews","tag-yhdysvallat","tag-yhdysvaltain-presidentti"],"share_on_mastodon":{"url":"","error":""},"_links":{"self":[{"href":"https:\/\/www.europesays.com\/fi\/wp-json\/wp\/v2\/posts\/21990","targetHints":{"allow":["GET"]}}],"collection":[{"href":"https:\/\/www.europesays.com\/fi\/wp-json\/wp\/v2\/posts"}],"about":[{"href":"https:\/\/www.europesays.com\/fi\/wp-json\/wp\/v2\/types\/post"}],"author":[{"embeddable":true,"href":"https:\/\/www.europesays.com\/fi\/wp-json\/wp\/v2\/users\/2"}],"replies":[{"embeddable":true,"href":"https:\/\/www.europesays.com\/fi\/wp-json\/wp\/v2\/comments?post=21990"}],"version-history":[{"count":0,"href":"https:\/\/www.europesays.com\/fi\/wp-json\/wp\/v2\/posts\/21990\/revisions"}],"wp:featuredmedia":[{"embeddable":true,"href":"https:\/\/www.europesays.com\/fi\/wp-json\/wp\/v2\/media\/74"}],"wp:attachment":[{"href":"https:\/\/www.europesays.com\/fi\/wp-json\/wp\/v2\/media?parent=21990"}],"wp:term":[{"taxonomy":"category","embeddable":true,"href":"https:\/\/www.europesays.com\/fi\/wp-json\/wp\/v2\/categories?post=21990"},{"taxonomy":"post_tag","embeddable":true,"href":"https:\/\/www.europesays.com\/fi\/wp-json\/wp\/v2\/tags?post=21990"}],"curies":[{"name":"wp","href":"https:\/\/api.w.org\/{rel}","templated":true}]}}