{"id":22054,"date":"2025-09-01T01:43:08","date_gmt":"2025-09-01T01:43:08","guid":{"rendered":"https:\/\/www.europesays.com\/fi\/22054\/"},"modified":"2025-09-01T01:43:08","modified_gmt":"2025-09-01T01:43:08","slug":"tallainen-on-trumpin-suunnitelma-lahi-idan-rivierasta","status":"publish","type":"post","link":"https:\/\/www.europesays.com\/fi\/22054\/","title":{"rendered":"T\u00e4llainen on Trumpin suunnitelma &#8221;L\u00e4hi-id\u00e4n Rivierasta&#8221;"},"content":{"rendered":"<p>The Washington Postin mukaan Trumpin suunnitelmat Gazan muuttamisesta \u201dL\u00e4hi-id\u00e4n Rivieraksi\u201d ovat edenneet. Suunnitelman mukaan Yhdysvallat hallitsisivat aluetta kymmenen vuoden ajan.<\/p>\n<p><img decoding=\"async\" class=\"image image-show image-preview\" src=\"https:\/\/www.europesays.com\/fi\/wp-content\/uploads\/2025\/09\/1215e6ec5c8ad741086ae58ddba872f94cdff7da63d651fef7b96e62b842451e.jpg\" alt=\"\"\/><img decoding=\"async\" class=\"image image-show\" src=\"https:\/\/www.europesays.com\/fi\/wp-content\/uploads\/2025\/09\/1756690988_15_1215e6ec5c8ad741086ae58ddba872f94cdff7da63d651fef7b96e62b842451e.jpg\" alt=\"\"\/><\/p>\n<p>Yhdysvaltain presidentti Donald Trump on edist\u00e4nyt suunnitelmaa, jonka mukaan Yhdysvallat muuttaisi Gazan kaistan turistikohteeksi. Aaron Schwartz &#8211; Pool via CNP, ZumaWire \/ MVPHOTOS<\/p>\n<p class=\"paragraph\">Yhdysvaltain presidentin <strong>Donald Trumpin<\/strong> hallinnossa valmistellaan suunnitelmaa, jonka mukaan Yhdysvallat ottaisi Gazan kaistan hallintaansa ja muuttaisi sen \u201dL\u00e4hi-id\u00e4n Rivieraksi\u201d, uutisoi <a href=\"https:\/\/www.washingtonpost.com\/national-security\/2025\/08\/31\/trump-gaza-plan-riviera-relocation\/\" target=\"_blank\" rel=\"noopener nofollow\">The Washington Post<\/a> sunnuntaina.<\/p>\n<p class=\"paragraph\">Suunnitelmaan sis\u00e4ltyisi palestiinalaisten siirt\u00e4minen toisaalle ja sodan runteleman alueen rakentaminen turistikohteeksi. Sen mukaan Yhdysvallat hallinnoisi aluetta kymmenen vuoden ajan.<\/p>\n<p class=\"paragraph\">Washington Postin l\u00e4hteen\u00e4 on 38-sivuinen suunnitelma, joka on kiert\u00e4nyt Trumpin hallinnossa. Suunnitelmassa Gazan kahden miljoonan asukkaan siirt\u00e4mist\u00e4 kutsutaan \u201dvapaaehtoiseksi\u201d l\u00e4htemiseksi toiseen maahan tai rajatuille alueille Gazan sis\u00e4ll\u00e4 j\u00e4lleenrakennuksen ajaksi.<\/p>\n<p class=\"paragraph\">WP:n mukaan Gazan palestiinalaisille annettaisiin 5\u00a0000 dollaria k\u00e4teist\u00e4, ruokaa vuoden ajaksi ja tukia vuokran maksamiselle nelj\u00e4n vuoden ajaksi.<\/p>\n<p class=\"paragraph\">Jokaiselle maata omistavalle annettaisiin \u201ddigitaalinen poletti\u201d vastineeksi oikeudesta kehitt\u00e4\u00e4 heid\u00e4n omaisuuttaan Gazassa. Polettia voisi k\u00e4ytt\u00e4\u00e4 joko el\u00e4m\u00e4n rahoittamiseen muualla tai sill\u00e4 voisi vaihtoehtoisesti lunastaa asunnon joistakin uusista \u201dteko\u00e4lypohjaisista \u00e4lykaupungeista\u201d, joita Gazaan rakennettaisiin.<\/p>\n<p>Kotinsa j\u00e4tt\u00e4neet palestiinalaiset ovat l\u00e4hteneet Gazan kaupungista, kun Israel jatkaa operaatiotaan kaupungin ymp\u00e4rist\u00f6ss\u00e4. ZumaWire \/ MVPHOTOS<\/p>\n<p class=\"paragraph\">Valkoinen talo tai Yhdysvaltain ulkoministeri\u00f6 eiv\u00e4t vastanneet v\u00e4litt\u00f6m\u00e4sti lehden kommenttipyynt\u00f6\u00f6n, mutta suunnitelma on linjassa Trumpin aiempien lausuntojen kanssa Gazan j\u00e4lleenrakennuksesta. Trump ilmoitti jo helmikuussa, ett\u00e4 Yhdysvallat aikoo ottaa Gazan kaistan haltuunsa.<\/p>\n<p class=\"paragraph\">WP:n mukaan suunnitelman taustalla on kiistanalainen Yhdysvaltain ja Israelin tukema Gaza Humanitarian Foundation -avustusj\u00e4rjest\u00f6 (GHF). GHF koordinoi toimintaansa Israelin asevoimien kanssa ja k\u00e4ytt\u00e4\u00e4 yksityisi\u00e4 yhdysvaltalaisia yrityksi\u00e4 ruoka-avun toimittamiseksi Gazaan.<\/p>\n<p class=\"paragraph\">Trump piti keskiviikkona kokouksen Gazan tilanteesta Valkoisessa talossa. Kokouksesta ei julkaistu mink\u00e4\u00e4nlaisia p\u00e4\u00e4t\u00f6ksi\u00e4 tai p\u00f6yt\u00e4kirjoja, mutta kokoukseen osallistuneen Trumpin erityisl\u00e4hettil\u00e4\u00e4n <strong>Steve Witkoffin<\/strong> mukaan hallinnolla on \u201dhyvin kattava suunnitelma\u201d konfliktin ratkaisemiseksi.<\/p>\n","protected":false},"excerpt":{"rendered":"The Washington Postin mukaan Trumpin suunnitelmat Gazan muuttamisesta \u201dL\u00e4hi-id\u00e4n Rivieraksi\u201d ovat edenneet. Suunnitelman mukaan Yhdysvallat hallitsisivat aluetta kymmenen&hellip;\n","protected":false},"author":2,"featured_media":22055,"comment_status":"","ping_status":"","sticky":false,"template":"","format":"standard","meta":{"footnotes":""},"categories":[14],"tags":[35,22,23,26,27,33,31,30,17,24,25,28,29,15,18,21,142,637,144,3164,32,19,20,56,16,59,60,61,143],"class_list":{"0":"post-22054","1":"post","2":"type-post","3":"status-publish","4":"format-standard","5":"has-post-thumbnail","7":"category-ulkomaat","8":"tag-24h","9":"tag-breaking-news","10":"tag-breakingnews","11":"tag-featured-news","12":"tag-featurednews","13":"tag-fi","14":"tag-finland","15":"tag-finnish","16":"tag-headlines","17":"tag-latest-news","18":"tag-latestnews","19":"tag-main-news","20":"tag-mainnews","21":"tag-news","22":"tag-otsikot","23":"tag-paauutiset","24":"tag-poliitikot","25":"tag-politiikka","26":"tag-presidentti","27":"tag-republikaanit-usa","28":"tag-suomi","29":"tag-top-stories","30":"tag-topstories","31":"tag-ulkomaat","32":"tag-uutiset","33":"tag-world","34":"tag-world-news","35":"tag-worldnews","36":"tag-yhdysvaltain-politiikka"},"share_on_mastodon":{"url":"","error":""},"_links":{"self":[{"href":"https:\/\/www.europesays.com\/fi\/wp-json\/wp\/v2\/posts\/22054","targetHints":{"allow":["GET"]}}],"collection":[{"href":"https:\/\/www.europesays.com\/fi\/wp-json\/wp\/v2\/posts"}],"about":[{"href":"https:\/\/www.europesays.com\/fi\/wp-json\/wp\/v2\/types\/post"}],"author":[{"embeddable":true,"href":"https:\/\/www.europesays.com\/fi\/wp-json\/wp\/v2\/users\/2"}],"replies":[{"embeddable":true,"href":"https:\/\/www.europesays.com\/fi\/wp-json\/wp\/v2\/comments?post=22054"}],"version-history":[{"count":0,"href":"https:\/\/www.europesays.com\/fi\/wp-json\/wp\/v2\/posts\/22054\/revisions"}],"wp:featuredmedia":[{"embeddable":true,"href":"https:\/\/www.europesays.com\/fi\/wp-json\/wp\/v2\/media\/22055"}],"wp:attachment":[{"href":"https:\/\/www.europesays.com\/fi\/wp-json\/wp\/v2\/media?parent=22054"}],"wp:term":[{"taxonomy":"category","embeddable":true,"href":"https:\/\/www.europesays.com\/fi\/wp-json\/wp\/v2\/categories?post=22054"},{"taxonomy":"post_tag","embeddable":true,"href":"https:\/\/www.europesays.com\/fi\/wp-json\/wp\/v2\/tags?post=22054"}],"curies":[{"name":"wp","href":"https:\/\/api.w.org\/{rel}","templated":true}]}}