{"id":22062,"date":"2025-09-01T02:02:10","date_gmt":"2025-09-01T02:02:10","guid":{"rendered":"https:\/\/www.europesays.com\/fi\/22062\/"},"modified":"2025-09-01T02:02:10","modified_gmt":"2025-09-01T02:02:10","slug":"johan-nyt-on-markkinat-jennifer-lawrence-35-saa-elamantyopalkinnon","status":"publish","type":"post","link":"https:\/\/www.europesays.com\/fi\/22062\/","title":{"rendered":"Johan nyt on markkinat! Jennifer Lawrence, 35, saa el\u00e4m\u00e4nty\u00f6palkinnon"},"content":{"rendered":"<p><a href=\"https:\/\/variety.com\/2025\/film\/global\/jennifer-lawrence-san-sebastian-donostia-award-1236498546\/?fbclid=IwZXh0bgNhZW0CMTAAYnJpZBEwb0ZzV1JkU2JXVklmRGNRagEem31Ctkim9FExKMH8pwhhBDSG_WxTzZp7XaoXwDcNlXk_4XJZE1ltdaJYaUo_aem_eVLxoTky5-g3O6FOCP0k6w\" rel=\"nofollow noopener\" target=\"_blank\">Variety<\/a> uutisoi, ett\u00e4 n\u00e4yttelij\u00e4 <strong>Jennifer Lawrence<\/strong>, 35, palkitaan San Sebastianin elokuvajuhlilla Donostia-palkinnolla, joka on festivaalin suurin kunnianosoitus.<\/p>\n<p>Vuonna 1986 perustetun palkinnon ovat saaneet vuosien saatossa muun muassa <strong>Gregory Peck, Bette Davis, Al Pacino, Anthony Hopkins, Michael Caine, Julie Andrews, Robert De Niro, Francis Ford Coppola, Woody Allen <\/strong>ja<strong> Meryl Streep<\/strong>.<\/p>\n<p>Viime vuosina palkinnon saivat <strong>Hayao Miyazaki, Pedro Almodovar <\/strong>ja<strong> Cate Blanchett<\/strong>.<\/p>\n<p>Lawrence vaikuttaa yll\u00e4tt\u00e4v\u00e4lt\u00e4 valinnalta. N\u00e4yttelij\u00e4 on toki Oscar-voittaja, mutta melko nuori. Uralle ei my\u00f6sk\u00e4\u00e4n mahdu kovin montaa klassikoksi muodostunutta elokuvaa. Ehk\u00e4 vaakakupissa painoi se, ett\u00e4 n\u00e4yttelij\u00e4 on paikalla vastaanottamassa palkinnon.<\/p>\n<p><a href=\"https:\/\/www.episodi.fi\/uutiset\/jennifer-lawrence-puhui-cannesissa-aitiydesta-suosittelen-vahvasti-nayttelijoille-lasten-tekemista\/\" rel=\"nofollow noopener\" target=\"_blank\">Lue my\u00f6s: Jennifer Lawrence puhui Cannesissa \u00e4itiydest\u00e4: \u201dSuosittelen vahvasti n\u00e4yttelij\u00f6ille lasten tekemist\u00e4\u201d<\/a><\/p>\n<p>Lue my\u00f6s: <a href=\"https:\/\/www.episodi.fi\/uutiskirje\/?uutiskirjemainos=tekstilinkkimainos\" title=\"Tilaa Episodin uutiskirje ja voit voittaa leffalippuja! Nappaa tv-vinkit suoraan s\u00e4hk\u00f6postiin t\u00e4st\u00e4.\" class=\"underline-custom !font-montserrat !font-bold !underline-offset-4 !decoration-4 !decoration-episodi-blue !text-md\" rel=\"nofollow noopener\" target=\"_blank\">Tilaa Episodin uutiskirje ja voit voittaa leffalippuja! Nappaa katseluvinkit suoraan s\u00e4hk\u00f6postiin t\u00e4st\u00e4.<\/a><\/p>\n","protected":false},"excerpt":{"rendered":"Variety uutisoi, ett\u00e4 n\u00e4yttelij\u00e4 Jennifer Lawrence, 35, palkitaan San Sebastianin elokuvajuhlilla Donostia-palkinnolla, joka on festivaalin suurin kunnianosoitus. Vuonna&hellip;\n","protected":false},"author":2,"featured_media":22063,"comment_status":"","ping_status":"","sticky":false,"template":"","format":"standard","meta":{"footnotes":""},"categories":[131],"tags":[7444,155,137,33,173,31,30,6302,2123,172,32,109],"class_list":{"0":"post-22062","1":"post","2":"type-post","3":"status-publish","4":"format-standard","5":"has-post-thumbnail","7":"category-elokuvat","8":"tag-elamantyopalkinto","9":"tag-elokuvat","10":"tag-entertainment","11":"tag-fi","12":"tag-film","13":"tag-finland","14":"tag-finnish","15":"tag-ignostot","16":"tag-jennifer-lawrence","17":"tag-movies","18":"tag-suomi","19":"tag-viihde"},"share_on_mastodon":{"url":"","error":""},"_links":{"self":[{"href":"https:\/\/www.europesays.com\/fi\/wp-json\/wp\/v2\/posts\/22062","targetHints":{"allow":["GET"]}}],"collection":[{"href":"https:\/\/www.europesays.com\/fi\/wp-json\/wp\/v2\/posts"}],"about":[{"href":"https:\/\/www.europesays.com\/fi\/wp-json\/wp\/v2\/types\/post"}],"author":[{"embeddable":true,"href":"https:\/\/www.europesays.com\/fi\/wp-json\/wp\/v2\/users\/2"}],"replies":[{"embeddable":true,"href":"https:\/\/www.europesays.com\/fi\/wp-json\/wp\/v2\/comments?post=22062"}],"version-history":[{"count":0,"href":"https:\/\/www.europesays.com\/fi\/wp-json\/wp\/v2\/posts\/22062\/revisions"}],"wp:featuredmedia":[{"embeddable":true,"href":"https:\/\/www.europesays.com\/fi\/wp-json\/wp\/v2\/media\/22063"}],"wp:attachment":[{"href":"https:\/\/www.europesays.com\/fi\/wp-json\/wp\/v2\/media?parent=22062"}],"wp:term":[{"taxonomy":"category","embeddable":true,"href":"https:\/\/www.europesays.com\/fi\/wp-json\/wp\/v2\/categories?post=22062"},{"taxonomy":"post_tag","embeddable":true,"href":"https:\/\/www.europesays.com\/fi\/wp-json\/wp\/v2\/tags?post=22062"}],"curies":[{"name":"wp","href":"https:\/\/api.w.org\/{rel}","templated":true}]}}