{"id":220632,"date":"2026-04-14T14:13:07","date_gmt":"2026-04-14T14:13:07","guid":{"rendered":"https:\/\/www.europesays.com\/fi\/220632\/"},"modified":"2026-04-14T14:13:07","modified_gmt":"2026-04-14T14:13:07","slug":"14-vuotias-poika-varasti-bussin-ajoi-170-kilometria-norjasta-ruotsiin-uutisia-lyhyesti","status":"publish","type":"post","link":"https:\/\/www.europesays.com\/fi\/220632\/","title":{"rendered":"14-vuotias poika varasti bussin \u2013 ajoi 170 kilometri\u00e4 Norjasta Ruotsiin | Uutisia lyhyesti"},"content":{"rendered":"<p class=\"aw-1gybjub aw-5vja16 kEtdKx kmuxyA yle__article__paragraph\">Ruotsin poliisi ihmettelee, kuinka teinipoika onnistui ajamaan bussia.<\/p>\n<p><img decoding=\"async\" alt=\"Vestby ja Stenungsund kartalla.\" src=\"https:\/\/www.europesays.com\/fi\/wp-content\/uploads\/2026\/04\/39-162705369de3b1dbfe5b.jpeg\" class=\"aw-1l9m598 hKVVvP\"\/><\/p>\n<p>Avaa kuvien katselu<\/p>\n<p>Poika ajoi Vestbyst\u00e4 Norjassa Stenungssundiin Ruotsissa. Kuva: Miku Huttunen \/ Yle<\/p>\n<p class=\"aw-1gybjub aw-1p7kakr kEtdKx cEmitX yle__article__paragraph\">Norjalainen bussiyhti\u00f6 havaitsi tiistain vastaisena y\u00f6n\u00e4, ett\u00e4 yksi heid\u00e4n linja-autoistaan oli varastettu varikolta. Yhti\u00f6 ilmoitti varkaudesta poliisille noin kello 3.<\/p>\n<p class=\"aw-1gybjub aw-1p7kakr kEtdKx cEmitX yle__article__paragraph\">\u2013 Yhti\u00f6ll\u00e4 on GPS-seuranta bussissa, ja se paikantui Uddevallaan Ruotsissa, operaatiop\u00e4\u00e4llikk\u00f6 <strong class=\"aw-ak79eh KyCXm yle__article__strong\">Rune Isaksen<\/strong> \u00d8stin poliisipiirist\u00e4 kertoi <a class=\"aw-iao6s4 iHOxEa yle__article__link\" href=\"https:\/\/www.nrk.no\/stor-oslo\/14-aring-stjal-buss---kjorte-til-sverige-1.17845664\" role=\"link\" rel=\"nofollow noopener\" target=\"_blank\">yleisradioyhti\u00f6 NRK:lle<\/a>.<\/p>\n<p class=\"aw-1gybjub aw-1p7kakr kEtdKx cEmitX yle__article__paragraph\">Norjan poliisi h\u00e4lyttikin virkaveljet it\u00e4naapurissa bussin per\u00e4\u00e4n. Ruotsin poliisi pys\u00e4ytti bussin Stenungsundissa, Uddevallan ja G\u00f6teborgin v\u00e4lill\u00e4 Ruotsin l\u00e4nsirannikolla.<\/p>\n<p class=\"aw-1gybjub aw-1p7kakr kEtdKx cEmitX yle__article__paragraph\">Ratin takana istui 14-vuotias poika. H\u00e4n oli siin\u00e4 vaiheessa ajanut bussia noin 170 kilometrin matkan p\u00e4iv\u00e4saikaan vilkkaasti liikenn\u00f6ity\u00e4 E6-tiet\u00e4.<\/p>\n<p class=\"aw-1gybjub aw-1p7kakr kEtdKx cEmitX yle__article__paragraph\">\u2013 En tied\u00e4, miten h\u00e4n on onnistunut ajamaan bussia. H\u00e4nen ajonsa ei ollut horjuvaa, eik\u00e4 paljon nopeusrajoituksen alapuolella, <strong class=\"aw-ak79eh KyCXm yle__article__strong\">Jens Andersson<\/strong> Ruotsin poliisista kertoi <a class=\"aw-iao6s4 iHOxEa yle__article__link\" href=\"https:\/\/www.vg.no\/nyheter\/i\/d47rEw\/norsk-14-aaring-stjal-buss-kjoerte-til-sverige\" role=\"link\" rel=\"nofollow noopener\" target=\"_blank\">sanomalehti VG:lle<\/a>.<\/p>\n<p class=\"aw-1gybjub aw-1p7kakr kEtdKx cEmitX yle__article__paragraph\">\u2013 H\u00e4n oli yhteisty\u00f6haluinen ja yksin bussissa, kun pys\u00e4ytimme h\u00e4net.<\/p>\n<p class=\"aw-1gybjub aw-1p7kakr kEtdKx cEmitX yle__article__paragraph\">Mutta ei siin\u00e4 viel\u00e4 kaikki.<\/p>\n<p class=\"aw-1gybjub aw-1p7kakr kEtdKx cEmitX yle__article__paragraph\">Norjan poliisin mukaan sama 14-vuotias on aiemminkin varastanut bussin.<\/p>\n<p class=\"aw-1gybjub aw-1p7kakr kEtdKx cEmitX yle__article__paragraph\">Silloin h\u00e4n ajeli anastamallaan ajoneuvolla kolmelle eri paikkakunnalle Stavangerin alueella L\u00e4nsi-Norjassa ja palautti bussin kolmen tunnin ajon j\u00e4lkeen itse.<\/p>\n<p class=\"aw-1gybjub aw-1p7kakr kEtdKx cEmitX yle__article__paragraph\">Tapaus ilmoitettiin poliisille, mutta ei silloin johtanut toimenpiteisiin tekij\u00e4n nuoren i\u00e4n vuoksi. Nyt 14-vuotiasta ep\u00e4ill\u00e4\u00e4n laittomasta ajosta.<\/p>\n<p class=\"aw-1gybjub aw-1p7kakr kEtdKx cEmitX yle__article__paragraph\">\u2013 Viranomaiset ovat matkalla Ruotsiin hakemaan pojan kotiin. Ja sitten lastensuojelu huolehtii h\u00e4nest\u00e4 jatkossa, Rune Isaksen \u00d8stin poliisipiirist\u00e4 sanoi NRK:lle.<\/p>\n<p class=\"aw-1gybjub aw-1p7kakr kEtdKx cEmitX yle__article__paragraph\">H\u00e4n ei halunnut kommentoida tapausta enemp\u00e4\u00e4. Pojan motiivi j\u00e4\u00e4kin h\u00e4m\u00e4r\u00e4n peittoon.<\/p>\n<p class=\"aw-1gybjub aw-1p7kakr kEtdKx cEmitX yle__article__paragraph\">Bussivarkaudesta kertoi <a class=\"aw-iao6s4 iHOxEa yle__article__link\" href=\"https:\/\/www.sverigesradio.se\/artikel\/just-nu-norskt-barn-stal-stadsbuss-stoppades-i-stenungsund\" role=\"link\" rel=\"nofollow noopener\" target=\"_blank\">ensimm\u00e4isen\u00e4 Ruotsin radio<\/a>, ja monet norjalaismediat ovat tarttuneet aiheeseen tiistain aikana.<\/p>\n","protected":false},"excerpt":{"rendered":"Ruotsin poliisi ihmettelee, kuinka teinipoika onnistui ajamaan bussia. Avaa kuvien katselu Poika ajoi Vestbyst\u00e4 Norjassa Stenungssundiin Ruotsissa. Kuva:&hellip;\n","protected":false},"author":2,"featured_media":220633,"comment_status":"","ping_status":"","sticky":false,"template":"","format":"standard","meta":{"footnotes":"","_share_on_mastodon":"0"},"categories":[14],"tags":[22,23,26,27,33,31,30,17,24,25,3051,28,29,15,385,18,21,52,1263,110,32,19,20,56,16,5612,59,60,61],"class_list":["post-220632","post","type-post","status-publish","format-standard","has-post-thumbnail","category-ulkomaat","tag-breaking-news","tag-breakingnews","tag-featured-news","tag-featurednews","tag-fi","tag-finland","tag-finnish","tag-headlines","tag-latest-news","tag-latestnews","tag-linja-autot","tag-main-news","tag-mainnews","tag-news","tag-norja","tag-otsikot","tag-paauutiset","tag-poliisi","tag-rikosepailyt","tag-ruotsi","tag-suomi","tag-top-stories","tag-topstories","tag-ulkomaat","tag-uutiset","tag-varkaudet","tag-world","tag-world-news","tag-worldnews"],"share_on_mastodon":{"url":"https:\/\/pubeurope.com\/@fi\/116403477209308709","error":""},"_links":{"self":[{"href":"https:\/\/www.europesays.com\/fi\/wp-json\/wp\/v2\/posts\/220632","targetHints":{"allow":["GET"]}}],"collection":[{"href":"https:\/\/www.europesays.com\/fi\/wp-json\/wp\/v2\/posts"}],"about":[{"href":"https:\/\/www.europesays.com\/fi\/wp-json\/wp\/v2\/types\/post"}],"author":[{"embeddable":true,"href":"https:\/\/www.europesays.com\/fi\/wp-json\/wp\/v2\/users\/2"}],"replies":[{"embeddable":true,"href":"https:\/\/www.europesays.com\/fi\/wp-json\/wp\/v2\/comments?post=220632"}],"version-history":[{"count":0,"href":"https:\/\/www.europesays.com\/fi\/wp-json\/wp\/v2\/posts\/220632\/revisions"}],"wp:featuredmedia":[{"embeddable":true,"href":"https:\/\/www.europesays.com\/fi\/wp-json\/wp\/v2\/media\/220633"}],"wp:attachment":[{"href":"https:\/\/www.europesays.com\/fi\/wp-json\/wp\/v2\/media?parent=220632"}],"wp:term":[{"taxonomy":"category","embeddable":true,"href":"https:\/\/www.europesays.com\/fi\/wp-json\/wp\/v2\/categories?post=220632"},{"taxonomy":"post_tag","embeddable":true,"href":"https:\/\/www.europesays.com\/fi\/wp-json\/wp\/v2\/tags?post=220632"}],"curies":[{"name":"wp","href":"https:\/\/api.w.org\/{rel}","templated":true}]}}