{"id":22094,"date":"2025-09-01T02:50:06","date_gmt":"2025-09-01T02:50:06","guid":{"rendered":"https:\/\/www.europesays.com\/fi\/22094\/"},"modified":"2025-09-01T02:50:06","modified_gmt":"2025-09-01T02:50:06","slug":"pohjoinen-ei-ole-nakokulma-se-on-henkinen-olotila-merja-brinon-halusi-nayttelyyn-henkilokohtaisia-kokemuksia-pohjoisuudesta","status":"publish","type":"post","link":"https:\/\/www.europesays.com\/fi\/22094\/","title":{"rendered":"Pohjoinen ei ole n\u00e4k\u00f6kulma, se on henkinen olotila \u2013\u202fMerja Bri\u00f1\u00f3n halusi n\u00e4yttelyyn henkil\u00f6kohtaisia kokemuksia pohjoisuudesta"},"content":{"rendered":"<p>\n Maailman katseet ovat k\u00e4\u00e4ntyneet kohti arktista aluetta. Meill\u00e4 on himoittuja malmeja.\n <\/p>\n<p>\n Alueella asuu Euroopan unionin ainoa virallisesti tunnustettu alkuper\u00e4iskansa. Ihmiset ymp\u00e4ri planeettaa hakevat pohjoisesta rauhaa ja turvaa, viileytt\u00e4 ja pimeytt\u00e4.\n <\/p>\n<p class=\"article__paragraph\">\n Mutta mit\u00e4 pohjoisessa asuvat ihmiset kokevat itse \u2013 keskell\u00e4 ep\u00e4vakaata tilannetta ja sen aiheuttamia vaatimuksia?\n <\/p>\n<p class=\"article__paragraph\">\n Kuraattori Merja Bri\u00f1\u00f3n kutsuttiin Kemiin ja Tornioon rakentamaan n\u00e4yttely\u00e4, jossa kaksikymment\u00e4 valittua pohjoista taiteilijaa tutkii teemaa.<\/p>\n","protected":false},"excerpt":{"rendered":"Maailman katseet ovat k\u00e4\u00e4ntyneet kohti arktista aluetta. Meill\u00e4 on himoittuja malmeja. Alueella asuu Euroopan unionin ainoa virallisesti tunnustettu&hellip;\n","protected":false},"author":2,"featured_media":22095,"comment_status":"","ping_status":"","sticky":false,"template":"","format":"standard","meta":{"footnotes":""},"categories":[135],"tags":[389,387,388,390,137,33,31,30,32,394,393,391,392,109],"class_list":{"0":"post-22094","1":"post","2":"type-post","3":"status-publish","4":"format-standard","5":"has-post-thumbnail","7":"category-taiteet-ja-suunnittelu","8":"tag-arts","9":"tag-arts-and-design","10":"tag-artsanddesign","11":"tag-design","12":"tag-entertainment","13":"tag-fi","14":"tag-finland","15":"tag-finnish","16":"tag-suomi","17":"tag-suunnittelu","18":"tag-taiteet","19":"tag-taiteet-ja-suunnittelu","20":"tag-taiteetsuunnittelu","21":"tag-viihde"},"share_on_mastodon":{"url":"","error":""},"_links":{"self":[{"href":"https:\/\/www.europesays.com\/fi\/wp-json\/wp\/v2\/posts\/22094","targetHints":{"allow":["GET"]}}],"collection":[{"href":"https:\/\/www.europesays.com\/fi\/wp-json\/wp\/v2\/posts"}],"about":[{"href":"https:\/\/www.europesays.com\/fi\/wp-json\/wp\/v2\/types\/post"}],"author":[{"embeddable":true,"href":"https:\/\/www.europesays.com\/fi\/wp-json\/wp\/v2\/users\/2"}],"replies":[{"embeddable":true,"href":"https:\/\/www.europesays.com\/fi\/wp-json\/wp\/v2\/comments?post=22094"}],"version-history":[{"count":0,"href":"https:\/\/www.europesays.com\/fi\/wp-json\/wp\/v2\/posts\/22094\/revisions"}],"wp:featuredmedia":[{"embeddable":true,"href":"https:\/\/www.europesays.com\/fi\/wp-json\/wp\/v2\/media\/22095"}],"wp:attachment":[{"href":"https:\/\/www.europesays.com\/fi\/wp-json\/wp\/v2\/media?parent=22094"}],"wp:term":[{"taxonomy":"category","embeddable":true,"href":"https:\/\/www.europesays.com\/fi\/wp-json\/wp\/v2\/categories?post=22094"},{"taxonomy":"post_tag","embeddable":true,"href":"https:\/\/www.europesays.com\/fi\/wp-json\/wp\/v2\/tags?post=22094"}],"curies":[{"name":"wp","href":"https:\/\/api.w.org\/{rel}","templated":true}]}}