{"id":22120,"date":"2025-09-01T03:22:08","date_gmt":"2025-09-01T03:22:08","guid":{"rendered":"https:\/\/www.europesays.com\/fi\/22120\/"},"modified":"2025-09-01T03:22:08","modified_gmt":"2025-09-01T03:22:08","slug":"perttu-ruuska-hurjassa-iskussa-mailan-varressa-manse-pp-voittoon-kplsta-valierien-avauksessa-urheilua-lyhyesti","status":"publish","type":"post","link":"https:\/\/www.europesays.com\/fi\/22120\/","title":{"rendered":"Perttu Ruuska hurjassa iskussa mailan varressa \u2013 Manse PP voittoon KPL:st\u00e4 v\u00e4lierien avauksessa | Urheilua lyhyesti"},"content":{"rendered":"<p class=\"sc-jYczwO sc-dNFkOE bUKqJd eiHPxO yle__article__paragraph\">Manse PP oli vahvassa vedossa ensimm\u00e4isess\u00e4 v\u00e4lier\u00e4ottelussa runkosarjavoittaja Kouvolan Pallonly\u00f6ji\u00e4 vastaan.<\/p>\n<p><img decoding=\"async\" alt=\"Manse PP:n Perttu Ruuska tuulettaa arkistokuvassa.\" src=\"https:\/\/www.europesays.com\/fi\/wp-content\/uploads\/2025\/09\/39-133093466b666940be55.jpeg\" class=\"sc-dntSTA iywpZY\"\/><\/p>\n<p>Avaa kuvien katselu<\/p>\n<p>Manse PP:n Perttu Ruuska l\u00f6i seitsem\u00e4n juoksua v\u00e4lier\u00e4avauksessa. Arkistokuva. Kuva: Tomi H\u00e4nninen\/Chilipictures<\/p>\n<p class=\"sc-jYczwO sc-ciCoXh bUKqJd cIOueB yle__article__paragraph\">Jokeri <strong class=\"sc-eEHciv gtNhAX yle__article__strong\">Perttu Ruuskan<\/strong> seitsem\u00e4n ly\u00f6ty\u00e4 juoksua siivittiv\u00e4t Manse PP:n voittoon miesten Superpesiksen ensimm\u00e4isess\u00e4 v\u00e4lier\u00e4kohtaamisessa Kouvolan Pallonly\u00f6ji\u00e4 vastaan. Runkosarjassa viidenneksi sijoittunut Manse kaatoi runkosarjavoittajan Kouvolassa jaksoin 2\u20130 (6\u20135, 5\u20130).<\/p>\n<p class=\"sc-jYczwO sc-ciCoXh bUKqJd cIOueB yle__article__paragraph\">Tamperelaisvieraat saivat otteluun loistoalun, kun ensimm\u00e4isess\u00e4 vuorossa Ruuska kotiutti ensin <strong class=\"sc-eEHciv gtNhAX yle__article__strong\">Juuso Myllyniemen<\/strong> ja heti per\u00e4\u00e4n <strong class=\"sc-eEHciv gtNhAX yle__article__strong\">Antti Korhosen<\/strong>. Hetke\u00e4 my\u00f6hemmin Ruuska itse toi Mansen kolmannen juoksun <strong class=\"sc-eEHciv gtNhAX yle__article__strong\">Matias Paanasen<\/strong> kotiuttamana.<\/p>\n<p class=\"sc-jYczwO sc-ciCoXh bUKqJd cIOueB yle__article__paragraph\">KPL sai juoksutilins\u00e4 auki toisessa sis\u00e4vuorossaan, kun <strong class=\"sc-eEHciv gtNhAX yle__article__strong\">Matti Latvala<\/strong> ehti kotipes\u00e4\u00e4n <strong class=\"sc-eEHciv gtNhAX yle__article__strong\">Patrik Wahlstenin<\/strong> ly\u00f6nnin j\u00e4lkeen. Kolmannella vuorolla KPL nousi tasoihin Wahlstenin ja <strong class=\"sc-eEHciv gtNhAX yle__article__strong\">Teemu Nikkasen<\/strong> onnistumisten ansiosta. 4\u20133-johtojuoksu syntyi Mansen harhaheiton j\u00e4lkeen <strong class=\"sc-eEHciv gtNhAX yle__article__strong\">Tommi M\u00e4entaustan<\/strong> tuomana.<\/p>\n<p class=\"sc-jYczwO sc-ciCoXh bUKqJd cIOueB yle__article__paragraph\">Mansen kolmannessa vuorossa Perttu Ruuskan ly\u00f6m\u00e4t\u00f6n vire mailan varressa jatkui. H\u00e4nen ly\u00f6ntins\u00e4 kohensi lukemat 4\u20134:st\u00e4 6\u20134:\u00e4\u00e4n. Aineksia oli jopa kunnariin, mutta toimitsija otti aivan takarajalle laskeutuneen pallon kiinni. Tilanne ei kuitenkaan j\u00e4\u00e4nyt kaihertamaan tamperelaisia, sill\u00e4 he voittivat jakson 6\u20135.<\/p>\n<p class=\"sc-jYczwO sc-ciCoXh bUKqJd cIOueB yle__article__paragraph\">Toisen jakson ensimm\u00e4iset juoksut kirjattiin Manselle toisessa vuorossa. Jo nelj\u00e4 juoksua ottelussa ly\u00f6nyt Ruuska esitteli t\u00e4ll\u00e4 kertaa n\u00e4pytaitojaan ja kotiutti n\u00e4in <strong class=\"sc-eEHciv gtNhAX yle__article__strong\">Simo Vainikaisen<\/strong> ja <strong class=\"sc-eEHciv gtNhAX yle__article__strong\">Juuso Myllyniemen<\/strong>.<\/p>\n<p class=\"sc-jYczwO sc-ciCoXh bUKqJd cIOueB yle__article__paragraph\">Manse kohenteli lukemia viel\u00e4 nelj\u00e4nness\u00e4 vuorossa kolmella juoksulla ja jyr\u00e4si 5\u20130-jaksovoittoon.<\/p>\n<p class=\"sc-jYczwO sc-ciCoXh bUKqJd cIOueB yle__article__paragraph\">Finaalipaikkaan vaaditaan kolme voittoa. Mansen ja KPL:n v\u00e4lier\u00e4sarja jatkuu keskiviikkona Tampereella.<\/p>\n<p class=\"sc-jYczwO sc-ciCoXh bUKqJd cIOueB yle__article__paragraph\">Sotkamon Jymy johtaa toista v\u00e4lier\u00e4sarjaa Vimpelin Vetoa vastaan voitoin 1\u20130.<\/p>\n","protected":false},"excerpt":{"rendered":"Manse PP oli vahvassa vedossa ensimm\u00e4isess\u00e4 v\u00e4lier\u00e4ottelussa runkosarjavoittaja Kouvolan Pallonly\u00f6ji\u00e4 vastaan. Avaa kuvien katselu Manse PP:n Perttu Ruuska&hellip;\n","protected":false},"author":2,"featured_media":22121,"comment_status":"","ping_status":"","sticky":false,"template":"","format":"standard","meta":{"footnotes":""},"categories":[158],"tags":[33,31,30,2724,159,32,160],"class_list":{"0":"post-22120","1":"post","2":"type-post","3":"status-publish","4":"format-standard","5":"has-post-thumbnail","7":"category-urheilu","8":"tag-fi","9":"tag-finland","10":"tag-finnish","11":"tag-pesapallo","12":"tag-sports","13":"tag-suomi","14":"tag-urheilu"},"share_on_mastodon":{"url":"","error":""},"_links":{"self":[{"href":"https:\/\/www.europesays.com\/fi\/wp-json\/wp\/v2\/posts\/22120","targetHints":{"allow":["GET"]}}],"collection":[{"href":"https:\/\/www.europesays.com\/fi\/wp-json\/wp\/v2\/posts"}],"about":[{"href":"https:\/\/www.europesays.com\/fi\/wp-json\/wp\/v2\/types\/post"}],"author":[{"embeddable":true,"href":"https:\/\/www.europesays.com\/fi\/wp-json\/wp\/v2\/users\/2"}],"replies":[{"embeddable":true,"href":"https:\/\/www.europesays.com\/fi\/wp-json\/wp\/v2\/comments?post=22120"}],"version-history":[{"count":0,"href":"https:\/\/www.europesays.com\/fi\/wp-json\/wp\/v2\/posts\/22120\/revisions"}],"wp:featuredmedia":[{"embeddable":true,"href":"https:\/\/www.europesays.com\/fi\/wp-json\/wp\/v2\/media\/22121"}],"wp:attachment":[{"href":"https:\/\/www.europesays.com\/fi\/wp-json\/wp\/v2\/media?parent=22120"}],"wp:term":[{"taxonomy":"category","embeddable":true,"href":"https:\/\/www.europesays.com\/fi\/wp-json\/wp\/v2\/categories?post=22120"},{"taxonomy":"post_tag","embeddable":true,"href":"https:\/\/www.europesays.com\/fi\/wp-json\/wp\/v2\/tags?post=22120"}],"curies":[{"name":"wp","href":"https:\/\/api.w.org\/{rel}","templated":true}]}}